{"id":139178,"date":"2024-08-26T11:12:43","date_gmt":"2024-08-26T09:12:43","guid":{"rendered":"https:\/\/factorialhr.com\/blog\/?p=139178"},"modified":"2025-06-02T02:27:04","modified_gmt":"2025-06-02T00:27:04","slug":"praticas-justas-de-rescisao-de-trabalho","status":"publish","type":"post","link":"https:\/\/factorialhr.pt\/blog\/praticas-justas-de-rescisao-de-trabalho\/","title":{"rendered":"Pr\u00e1ticas justas de rescis\u00e3o de trabalho"},"content":{"rendered":"<p>A rescis\u00e3o de trabalho \u00e9 um processo delicado que requer aten\u00e7\u00e3o e cuidado tanto por parte do empregador quanto do trabalhador.<\/p>\n<p><strong> Saiba o que \u00e9 a rescis\u00e3o de trabalho, os procedimentos recomendados, fundamentos legais, e outros t\u00f3picos relevantes para garantir que este processo seja conduzido de forma justa e transparente. Leia o artigo!<\/strong><\/p>\n<p><a href=\"https:\/\/factorialhr.pt\/solicitar-demonstracao\"><img decoding=\"async\" class=\"aligncenter wp-image-141862 size-full\" src=\"https:\/\/factorialhr.pt\/wp-content\/uploads\/2024\/08\/11163053\/Factorial-Blog_desempeno_Product_software-3-1.png\" alt=\"\" width=\"1200\" height=\"488\" srcset=\"https:\/\/factorialhr.pt\/wp-content\/uploads\/2024\/08\/11163053\/Factorial-Blog_desempeno_Product_software-3-1.png 1200w, https:\/\/factorialhr.pt\/wp-content\/uploads\/2024\/08\/11163053\/Factorial-Blog_desempeno_Product_software-3-1-300x122.png 300w, https:\/\/factorialhr.pt\/wp-content\/uploads\/2024\/08\/11163053\/Factorial-Blog_desempeno_Product_software-3-1-1024x416.png 1024w, https:\/\/factorialhr.pt\/wp-content\/uploads\/2024\/08\/11163053\/Factorial-Blog_desempeno_Product_software-3-1-768x312.png 768w\" sizes=\"(max-width: 1200px) 100vw, 1200px\" \/><\/a><\/p>\n<p><strong>Tabela de conte\u00fados<\/strong><\/p>\n<ul>\n<li><a href=\"#1\">O que \u00e9 a rescis\u00e3o de trabalho?<\/a><\/li>\n<li><a href=\"#2\">Formas de rescis\u00e3o de trabalho<\/a><\/li>\n<li><a href=\"#3\">Fundamentos legais<\/a><\/li>\n<li><a href=\"#4\">Motivos para rescis\u00e3o de trabalho<\/a><\/li>\n<li><a href=\"#5\">Procedimento recomendado para uma rescis\u00e3o de trabalho justa e \u00e9tica<\/a><\/li>\n<\/ul>\n<p>&nbsp;<\/p>\n<h2><a name=\"1\"><\/a>O que \u00e9 a rescis\u00e3o de trabalho?<\/h2>\n<p>A rescis\u00e3o de trabalho \u00e9 o processo pelo qual um contrato de trabalho entre um empregador e um trabalhador \u00e9 terminado. Este processo pode ser iniciado por qualquer uma das partes e pode ocorrer por uma variedade de raz\u00f5es. A rescis\u00e3o pode ser consensual ou litigiosa, dependendo de como as partes envolvidas gerem o t\u00e9rmino do contrato.<\/p>\n<h2><a name=\"2\"><\/a>Formas de rescis\u00e3o de trabalho<\/h2>\n<h3><strong>Rescis\u00e3o por iniciativa do empregador<\/strong><\/h3>\n<p>Esta forma de rescis\u00e3o \u00e9 iniciada pelo empregador e pode ser classificada em:<\/p>\n<ul>\n<li><strong>Despedimento por justa causa<\/strong>: ocorre quando o trabalhador comete uma falta grave, como m\u00e1 conduta ou viola\u00e7\u00e3o das pol\u00edticas da empresa. Neste caso, o empregador deve ter provas documentadas e cumprir com os procedimentos legais adequados para validar o despedimento.<\/li>\n<li><strong>Despedimento coletivo<\/strong>: envolve a rescis\u00e3o de m\u00faltiplos contratos de trabalho devido a raz\u00f5es econ\u00f4micas, tecnol\u00f3gicas ou estruturais. Este processo requer a comunica\u00e7\u00e3o formal aos sindicatos e trabalhadores, bem como um plano de indemniza\u00e7\u00f5es.<\/li>\n<li><strong>Extin\u00e7\u00e3o de posto de trabalho<\/strong>: ocorre quando o posto de trabalho deixa de ser necess\u00e1rio devido a mudan\u00e7as organizacionais ou tecnol\u00f3gicas. Deve ser justificado com documenta\u00e7\u00e3o que comprove a necessidade desta a\u00e7\u00e3o.<\/li>\n<\/ul>\n<h3><strong>Rescis\u00e3o por iniciativa do trabalhador<\/strong><\/h3>\n<p>Tamb\u00e9m conhecida como &#8220;pedido de demiss\u00e3o&#8221;, esta forma de rescis\u00e3o \u00e9 iniciada pelo trabalhador e pode ocorrer por motivos pessoais ou profissionais:<\/p>\n<ul>\n<li><strong>Pedido de demiss\u00e3o com aviso pr\u00e9vio<\/strong>: o trabalhador notifica o empregador da sua inten\u00e7\u00e3o de deixar o emprego, cumprindo com o per\u00edodo de aviso pr\u00e9vio estabelecido no contrato ou legisla\u00e7\u00e3o.<\/li>\n<li><strong>Despedimento por iniciativa do trabalhador com justa causa<\/strong>: o trabalhador pode rescindir o contrato imediatamente se houver uma viola\u00e7\u00e3o grave dos seus direitos, como ass\u00e9dio ou condi\u00e7\u00f5es de trabalho perigosas. Neste caso, o trabalhador pode ter direito a indemniza\u00e7\u00e3o.<\/li>\n<\/ul>\n<h3><strong>Rescis\u00e3o de trabalho por m\u00fatuo acordo<\/strong><\/h3>\n<p>Neste tipo de rescis\u00e3o, ambas as partes concordam em terminar o contrato de trabalho. \u00c9 uma forma amig\u00e1vel de rescis\u00e3o que geralmente envolve negocia\u00e7\u00f5es sobre indemniza\u00e7\u00f5es e outros termos de sa\u00edda.<\/p>\n<h2><a name=\"3\"><\/a>Fundamentos legais<\/h2>\n<p>Em Portugal, a rescis\u00e3o de trabalho \u00e9 regida pelo <a href=\"https:\/\/diariodarepublica.pt\/dr\/detalhe\/decreto-lei\/372-a-1975-151932\">C\u00f3digo do Trabalho<\/a>, que estabelece normas claras para assegurar que o processo seja justo para ambas as partes. Entre os principais fundamentos legais, destacam-se:<\/p>\n<ul>\n<li><strong>Aviso pr\u00e9vio:<\/strong> \u00e9 necess\u00e1rio cumprir um per\u00edodo de aviso pr\u00e9vio, que varia conforme a dura\u00e7\u00e3o do contrato e o tipo de rescis\u00e3o.<\/li>\n<li><strong>Indemniza\u00e7\u00f5es:<\/strong> em certas formas de rescis\u00e3o, o trabalhador pode ter direito a indemniza\u00e7\u00f5es, calculadas com base na antiguidade e no tipo de contrato.<\/li>\n<li><strong>Justifica\u00e7\u00e3o:<\/strong> em casos de despedimento por iniciativa do empregador, \u00e9 obrigat\u00f3ria a apresenta\u00e7\u00e3o de uma justificativa v\u00e1lida e documentada.<\/li>\n<\/ul>\n<h2><a name=\"4\"><\/a>Motivos para rescis\u00e3o de trabalho<\/h2>\n<p>A rescis\u00e3o de trabalho pode ocorrer por v\u00e1rias raz\u00f5es, que geralmente se enquadram em categorias espec\u00edficas. Cada motivo tem suas particularidades e requisitos legais que devem ser considerados. Deixamos-lhe alguns dos principais motivos:<\/p>\n<h4>1. <strong>Motivos econ\u00f3micos<\/strong><\/h4>\n<p>Motivos econ\u00f3micos s\u00e3o frequentemente a causa de despedimentos, especialmente em per\u00edodos de dificuldade financeira para a empresa.<\/p>\n<ul>\n<li><strong>Redu\u00e7\u00e3o de custos<\/strong>: quando a empresa precisa de reduzir despesas para se manter vi\u00e1vel, o que pode levar \u00e0 elimina\u00e7\u00e3o de postos de trabalho.<\/li>\n<li><strong>Reestrutura\u00e7\u00e3o organizacional<\/strong>: altera\u00e7\u00f5es na estrutura interna da empresa para otimizar processos ou adaptar-se a novas estrat\u00e9gias de mercado, resultando na necessidade de reduzir o n\u00famero de empregados.<\/li>\n<li><strong>Fecho de opera\u00e7\u00f5es<\/strong>: encerramento de filiais ou departamentos espec\u00edficos, especialmente em casos de fus\u00e3o ou aquisi\u00e7\u00e3o.<\/li>\n<\/ul>\n<h4>2. <strong>Motivos disciplinares<\/strong><\/h4>\n<p>Motivos disciplinares est\u00e3o relacionados com o comportamento inadequado do trabalhador que quebra as normas ou expectativas da empresa.<\/p>\n<ul>\n<li><strong>Faltas injustificadas<\/strong>: aus\u00eancias frequentes ou prolongadas sem justifica\u00e7\u00e3o aceit\u00e1vel.<\/li>\n<li><strong>M\u00e1 conduta<\/strong>: comportamentos que violam a pol\u00edtica interna da empresa, como ass\u00e9dio, roubo ou insubordina\u00e7\u00e3o.<\/li>\n<li><strong>Quebra de confian\u00e7a<\/strong>: situa\u00e7\u00f5es em que o trabalhador comete atos que afetam a rela\u00e7\u00e3o de confian\u00e7a com o empregador, como divulga\u00e7\u00e3o de informa\u00e7\u00f5es confidenciais.<\/li>\n<\/ul>\n<h4>3. <strong>Desempenho insatisfat\u00f3rio leva \u00e0 rescis\u00e3o de trabalho<\/strong><\/h4>\n<p>Desempenho insatisfat\u00f3rio refere-se \u00e0 incapacidade do trabalhador de cumprir com as expectativas ou obriga\u00e7\u00f5es de sua fun\u00e7\u00e3o, mesmo ap\u00f3s tentativas de melhoria, tais como:<\/p>\n<ul>\n<li><strong>Incapacidade de cumprir metas<\/strong>: falta de alcance dos objetivos acordados de maneira cont\u00ednua, afetando a produtividade da equipa ou empresa.<\/li>\n<li><strong>Falta de qualifica\u00e7\u00e3o<\/strong>: situa\u00e7\u00f5es em que o trabalhador n\u00e3o possui as compet\u00eancias necess\u00e1rias, e n\u00e3o h\u00e1 progresso apesar da forma\u00e7\u00e3o ou feedback.<\/li>\n<\/ul>\n<h4>4. <strong>Incompatibilidades<\/strong><\/h4>\n<p>Incompatibilidades podem surgir por diversas raz\u00f5es e resultam na impossibilidade de continuar a rela\u00e7\u00e3o de trabalho de forma produtiva::<\/p>\n<ul>\n<li><strong>Diferen\u00e7as irreconcili\u00e1veis<\/strong>: conflitos persistentes entre o trabalhador e a ger\u00eancia ou colegas que n\u00e3o podem ser resolvidos atrav\u00e9s de media\u00e7\u00e3o ou ajustes internos.<\/li>\n<li><strong>Mudan\u00e7a de valores da empresa<\/strong>: altera\u00e7\u00f5es significativas na cultura ou valores organizacionais que o trabalhador n\u00e3o consegue ou n\u00e3o deseja seguir.<\/li>\n<\/ul>\n<h4>5. <strong>Rescis\u00e3o por raz\u00f5es pessoais<\/strong><\/h4>\n<p>\u00c0s vezes, a rescis\u00e3o pode ser solicitada pelo pr\u00f3prio trabalhador devido a raz\u00f5es pessoais que o impedem de continuar no emprego, como:<\/p>\n<ul>\n<li><strong>Motivos de sa\u00fade<\/strong>: quando problemas de sa\u00fade afetam a capacidade do trabalhador de desempenhar as suas fun\u00e7\u00f5es.<\/li>\n<li><strong>Mudan\u00e7a de localidade<\/strong>: a necessidade de se mudar para outra cidade ou pa\u00eds, tornando impratic\u00e1vel continuar o trabalho.<\/li>\n<li><strong>Objetivos de carreira<\/strong>: quando o trabalhador procura novas oportunidades que alinhem melhor com as suas aspira\u00e7\u00f5es profissionais.<\/li>\n<\/ul>\n<h3><a name=\"5\"><\/a>Procedimento recomendado para uma rescis\u00e3o de trabalho justa e \u00e9tica<\/h3>\n<p>A rescis\u00e3o de trabalho \u00e9 um momento cr\u00edtico que deve ser gerido com sensibilidade e profissionalismo. Seguir um procedimento estruturado pode ajudar a assegurar que o processo seja justo, tanto para o trabalhador como para o empregador. Recomendamos alguns passos para uma rescis\u00e3o de trabalho justa e \u00e9tica:<\/p>\n<h4>1. <strong>Consulta legal e avalia\u00e7\u00e3o interna<\/strong><\/h4>\n<ul>\n<li><strong>Consulta jur\u00eddica<\/strong>: antes de iniciar qualquer processo de rescis\u00e3o, \u00e9 fundamental consultar um advogado ou especialista em direito do trabalho para garantir que todas as a\u00e7\u00f5es estejam em conformidade com a legisla\u00e7\u00e3o vigente. Isto ajuda a evitar poss\u00edveis lit\u00edgios futuros.<\/li>\n<li><strong>Revis\u00e3o de pol\u00edticas internas<\/strong>: verifique as pol\u00edticas internas da empresa para assegurar que o processo de rescis\u00e3o segue os procedimentos estabelecidos, incluindo termos contratuais e regulamentos de recursos humanos.<\/li>\n<\/ul>\n<h4>2. <strong>Planeamento e prepara\u00e7\u00e3o<\/strong><\/h4>\n<ul>\n<li><strong>An\u00e1lise de justificativas<\/strong>: avalie cuidadosamente os motivos para a rescis\u00e3o e certifique-se de que s\u00e3o v\u00e1lidos e bem documentados, especialmente em casos de despedimento por justa causa ou por motivos econ\u00f3micos.<\/li>\n<li><strong>Documenta\u00e7\u00e3o completa<\/strong>: prepare toda a documenta\u00e7\u00e3o necess\u00e1ria, incluindo cartas de aviso, avalia\u00e7\u00f5es de desempenho, e qualquer outra evid\u00eancia que suporte a decis\u00e3o de rescis\u00e3o.<\/li>\n<\/ul>\n<h4>3. <strong>Comunica\u00e7\u00e3o transparente<\/strong><\/h4>\n<ul>\n<li><strong>Notifica\u00e7\u00e3o formal<\/strong>: onforme o trabalhador sobre a decis\u00e3o de rescis\u00e3o atrav\u00e9s de uma comunica\u00e7\u00e3o formal.\u00a0 Esta a\u00e7\u00e3o deve ser feita, preferencialmente, numa reuni\u00e3o presencial, onde a not\u00edcia \u00e9 entregue de forma clara e respeitosa.<\/li>\n<li><strong>Explica\u00e7\u00e3o dos motivos<\/strong>: forne\u00e7a uma explica\u00e7\u00e3o detalhada dos motivos da rescis\u00e3o. Seja honesto e direto, mas tamb\u00e9m sens\u00edvel \u00e0s emo\u00e7\u00f5es do trabalhador.<\/li>\n<\/ul>\n<h4>4. <strong>Gest\u00e3o do processo de rescis\u00e3o de trabalho<\/strong><\/h4>\n<ul>\n<li><strong>Per\u00edodo de aviso pr\u00e9vio<\/strong>: garanta que o trabalhador cumpra com o per\u00edodo de aviso pr\u00e9vio, a menos que este seja dispensado. O per\u00edodo de aviso pr\u00e9vio varia conforme o tipo de contrato e a dura\u00e7\u00e3o do mesmo, e \u00e9 essencial que seja respeitado conforme estipulado por lei.<\/li>\n<li><strong>C\u00e1lculo de direitos e indemniza\u00e7\u00f5es<\/strong>: calcule todas as compensa\u00e7\u00f5es a que o trabalhador tem direito, incluindo indemniza\u00e7\u00f5es, f\u00e9rias n\u00e3o gozadas, e outros benef\u00edcios devidos. Certifique-se de que todos os pagamentos s\u00e3o feitos de forma atempada e correcta.<\/li>\n<\/ul>\n<h4>5. <strong>Suporte p\u00f3s-rescis\u00e3o<\/strong><\/h4>\n<ul>\n<li><strong>Assist\u00eancia na transi\u00e7\u00e3o<\/strong>: considere oferecer assist\u00eancia na transi\u00e7\u00e3o, como servi\u00e7os de <em>outplacement<\/em>, conselhos de carreira ou apoio na procura de novos empregos. Desta forma, ajuda a suavizar o impacto da rescis\u00e3o de trabalho e mostrar um compromisso com o bem-estar do trabalhador.<\/li>\n<li><strong>Carta de recomenda\u00e7\u00e3o<\/strong>: se apropriado, forne\u00e7a uma carta de recomenda\u00e7\u00e3o que destaque as habilidades e conquistas do trabalhador durante o seu tempo na empresa.<\/li>\n<\/ul>\n<h4>6. <strong>Reflex\u00e3o e Aprendizado<\/strong><\/h4>\n<ul>\n<li><strong>Avalia\u00e7\u00e3o interna<\/strong>: ap\u00f3s a rescis\u00e3o, realize uma avalia\u00e7\u00e3o interna do processo para identificar \u00e1reas de melhoria e garantir que pr\u00e1ticas futuras possam ser ainda mais justas e eficientes.<\/li>\n<li><strong>Feedback do trabalhador<\/strong>: se poss\u00edvel, obtenha feedback do trabalhador sobre o processo de rescis\u00e3o. Assim, pode fornecer insights valiosos sobre como a empresa pode melhorar a sua abordagem no futuro.<\/li>\n<\/ul>\n<p>\u2705\u00a0<a href=\"https:\/\/factorialhr.pt\/\"><strong>Simplifique o processo de rescis\u00e3o de trabalho com a Factorial! Solicite uma demonstra\u00e7\u00e3o gratuita, sem compromisso, e saiba como podemos fazer a diferen\u00e7a.<\/strong><\/a><\/p>\n","protected":false},"excerpt":{"rendered":"<p>A rescis\u00e3o de trabalho \u00e9 um processo delicado que requer aten\u00e7\u00e3o e cuidado tanto por parte do empregador quanto do trabalhador. Saiba o que \u00e9 a rescis\u00e3o de trabalho, os procedimentos recomendados, fundamentos legais, e outros t\u00f3picos relevantes para garantir que este processo seja conduzido de forma justa e transparente. Leia o artigo! Tabela de<a href=\"https:\/\/factorialhr.pt\/blog\/praticas-justas-de-rescisao-de-trabalho\/\" class=\"read-more\"> [&#8230;]<\/a><\/p>\n","protected":false},"author":107,"featured_media":141864,"comment_status":"closed","ping_status":"closed","sticky":false,"template":"","format":"standard","meta":{"_acf_changed":false,"footnotes":""},"categories":[111],"tags":[],"class_list":["post-139178","post","type-post","status-publish","format-standard","has-post-thumbnail","hentry","category-sem-categoria"],"acf":{"topics":"no-topic"},"yoast_head":"<!-- This site is optimized with the Yoast SEO Premium plugin v21.5 (Yoast SEO v21.9.1) - https:\/\/yoast.com\/wordpress\/plugins\/seo\/ -->\n<title>Rescis\u00e3o por iniciativa do trabalhador<\/title>\n<meta name=\"description\" content=\"Saiba como funciona a rescis\u00e3o por iniciativa do trabalhador.\" \/>\n<meta name=\"robots\" content=\"index, follow, max-snippet:-1, max-image-preview:large, max-video-preview:-1\" \/>\n<link rel=\"canonical\" href=\"https:\/\/factorialhr.pt\/blog\/praticas-justas-de-rescisao-de-trabalho\/\" \/>\n<meta property=\"og:locale\" content=\"pt_PT\" \/>\n<meta property=\"og:type\" content=\"article\" \/>\n<meta property=\"og:title\" content=\"Pr\u00e1ticas justas de rescis\u00e3o de trabalho\" \/>\n<meta property=\"og:description\" content=\"Saiba como funciona a rescis\u00e3o por iniciativa do trabalhador.\" \/>\n<meta property=\"og:url\" content=\"https:\/\/factorialhr.pt\/blog\/praticas-justas-de-rescisao-de-trabalho\/\" \/>\n<meta property=\"og:site_name\" content=\"Factorial\" \/>\n<meta property=\"article:publisher\" content=\"https:\/\/www.facebook.com\/people\/Factorial\/100064908455810\/\" \/>\n<meta property=\"article:published_time\" content=\"2024-08-26T09:12:43+00:00\" \/>\n<meta property=\"article:modified_time\" content=\"2025-06-02T00:27:04+00:00\" \/>\n<meta property=\"og:image\" content=\"https:\/\/factorialhr.pt\/wp-content\/uploads\/2024\/08\/11163126\/Blog_Header-4-1.png\" \/>\n\t<meta property=\"og:image:width\" content=\"900\" \/>\n\t<meta property=\"og:image:height\" content=\"488\" \/>\n\t<meta property=\"og:image:type\" content=\"image\/png\" \/>\n<meta name=\"author\" content=\"N\u00e1dia Ventura\" \/>\n<meta name=\"twitter:card\" content=\"summary_large_image\" \/>\n<meta name=\"twitter:creator\" content=\"@factorialapp\" \/>\n<meta name=\"twitter:site\" content=\"@factorialapp\" \/>\n<meta name=\"twitter:label1\" content=\"Written by\" \/>\n\t<meta name=\"twitter:data1\" content=\"N\u00e1dia Ventura\" \/>\n\t<meta name=\"twitter:label2\" content=\"Est. reading time\" \/>\n\t<meta name=\"twitter:data2\" content=\"7 minutos\" \/>\n<script type=\"application\/ld+json\" class=\"yoast-schema-graph\">{\"@context\":\"https:\/\/schema.org\",\"@graph\":[{\"@type\":\"Article\",\"@id\":\"https:\/\/factorialhr.pt\/blog\/praticas-justas-de-rescisao-de-trabalho\/#article\",\"isPartOf\":{\"@id\":\"https:\/\/factorialhr.pt\/blog\/praticas-justas-de-rescisao-de-trabalho\/\"},\"author\":{\"name\":\"N\u00e1dia Ventura\",\"@id\":\"https:\/\/factorialhr.pt\/blog\/#\/schema\/person\/df58ad1d710ca5110dfe568e657dfd10\"},\"headline\":\"Pr\u00e1ticas justas de rescis\u00e3o de trabalho\",\"datePublished\":\"2024-08-26T09:12:43+00:00\",\"dateModified\":\"2025-06-02T00:27:04+00:00\",\"mainEntityOfPage\":{\"@id\":\"https:\/\/factorialhr.pt\/blog\/praticas-justas-de-rescisao-de-trabalho\/\"},\"wordCount\":1620,\"publisher\":{\"@id\":\"https:\/\/factorialhr.pt\/blog\/#organization\"},\"inLanguage\":\"pt-PT\"},{\"@type\":\"WebPage\",\"@id\":\"https:\/\/factorialhr.pt\/blog\/praticas-justas-de-rescisao-de-trabalho\/\",\"url\":\"https:\/\/factorialhr.pt\/blog\/praticas-justas-de-rescisao-de-trabalho\/\",\"name\":\"Rescis\u00e3o por iniciativa do trabalhador\",\"isPartOf\":{\"@id\":\"https:\/\/factorialhr.pt\/blog\/#website\"},\"datePublished\":\"2024-08-26T09:12:43+00:00\",\"dateModified\":\"2025-06-02T00:27:04+00:00\",\"description\":\"Saiba como funciona a rescis\u00e3o por iniciativa do trabalhador.\",\"inLanguage\":\"pt-PT\",\"potentialAction\":[{\"@type\":\"ReadAction\",\"target\":[\"https:\/\/factorialhr.pt\/blog\/praticas-justas-de-rescisao-de-trabalho\/\"]}]},{\"@type\":\"WebSite\",\"@id\":\"https:\/\/factorialhr.pt\/blog\/#website\",\"url\":\"https:\/\/factorialhr.pt\/blog\/\",\"name\":\"Factorial\",\"description\":\"\",\"publisher\":{\"@id\":\"https:\/\/factorialhr.pt\/blog\/#organization\"},\"potentialAction\":[{\"@type\":\"SearchAction\",\"target\":{\"@type\":\"EntryPoint\",\"urlTemplate\":\"https:\/\/factorialhr.pt\/blog\/?s={search_term_string}\"},\"query-input\":\"required name=search_term_string\"}],\"inLanguage\":\"pt-PT\"},{\"@type\":\"Organization\",\"@id\":\"https:\/\/factorialhr.pt\/blog\/#organization\",\"name\":\"All-in-one business management software - Factorial\",\"url\":\"https:\/\/factorialhr.pt\/blog\/\",\"logo\":{\"@type\":\"ImageObject\",\"inLanguage\":\"pt-PT\",\"@id\":\"https:\/\/factorialhr.pt\/blog\/#\/schema\/logo\/image\/\",\"url\":\"https:\/\/factorialhr.pt\/wp-content\/uploads\/2023\/07\/18155144\/factorial-logo.png\",\"contentUrl\":\"https:\/\/factorialhr.pt\/wp-content\/uploads\/2023\/07\/18155144\/factorial-logo.png\",\"width\":946,\"height\":880,\"caption\":\"All-in-one business management software - Factorial\"},\"image\":{\"@id\":\"https:\/\/factorialhr.pt\/blog\/#\/schema\/logo\/image\/\"},\"sameAs\":[\"https:\/\/www.facebook.com\/people\/Factorial\/100064908455810\/\",\"https:\/\/twitter.com\/factorialapp\",\"https:\/\/www.linkedin.com\/company\/factorialhr\",\"https:\/\/www.youtube.com\/@factorialmedia\",\"https:\/\/www.instagram.com\/factorial\/#\"]},{\"@type\":\"Person\",\"@id\":\"https:\/\/factorialhr.pt\/blog\/#\/schema\/person\/df58ad1d710ca5110dfe568e657dfd10\",\"name\":\"N\u00e1dia Ventura\",\"image\":{\"@type\":\"ImageObject\",\"inLanguage\":\"pt-PT\",\"@id\":\"https:\/\/factorialhr.pt\/blog\/#\/schema\/person\/image\/\",\"url\":\"https:\/\/secure.gravatar.com\/avatar\/5b9e9f3901aed6b7b6b4db81f034a409?s=96&d=identicon&r=g\",\"contentUrl\":\"https:\/\/secure.gravatar.com\/avatar\/5b9e9f3901aed6b7b6b4db81f034a409?s=96&d=identicon&r=g\",\"caption\":\"N\u00e1dia Ventura\"},\"description\":\"A N\u00e1dia Ventura escreve desde que aprendeu a juntar s\u00edlabas. Hoje, \u00e9 copywriter e content writer e entusiasta da escrita com prop\u00f3sito: aquela que informa, entret\u00e9m, vende e ainda arranca um sorriso de quem l\u00ea. Fundadora da Academia CES - Copywriting, escrita criativa e storytelling, e com mais de 7 anos de experi\u00eancia a escrever para marcas do setor alimentar, recursos humanos, banc\u00e1rio, animal, autom\u00f3vel, sa\u00fade e tantos outros, acredita que o segredo est\u00e1 em dizer muito, com poucas palavras (exceto quando h\u00e1 espa\u00e7o para um bom par\u00eanteses ou met\u00e1fora). Tem forma\u00e7\u00e3o em textos otimizados para SEO, storytelling, escrita ciativa, copywriting persuasivo e marketing de conte\u00fado, marketing tur\u00edstico, (e um v\u00edcio cr\u00f3nico em aprender). \u00c9 parceira da Factorial no mercado portugu\u00eas e, por aqui, quer escrever conte\u00fados que n\u00e3o adorme\u00e7am ningu\u00e9m, tragam solu\u00e7\u00f5es pr\u00e1ticas para quem trabalha com pessoas e fa\u00e7am as equipas pensar, rir e trabalhar melhor. \u00c9 apologista de que devemos partilhar conhecimento, hist\u00f3rias, experi\u00eancias (e bolos de chocolate, sempre!).\",\"sameAs\":[\"http:\/\/nadiaventura.pt\",\"https:\/\/www.instagram.com\/nadiaventura.copywriter\/\",\"https:\/\/www.linkedin.com\/in\/nadiaventura\/\",\"https:\/\/www.youtube.com\/@nadiaventura.copywriter\"],\"birthDate\":\"1997-02-11\",\"gender\":\"Female\",\"knowsLanguage\":[\"Portuguese\"],\"url\":\"https:\/\/factorialhr.pt\/blog\/author\/nadiaventura\/\"}]}<\/script>\n<!-- \/ Yoast SEO Premium plugin. -->","yoast_head_json":{"title":"Rescis\u00e3o por iniciativa do trabalhador","description":"Saiba como funciona a rescis\u00e3o por iniciativa do trabalhador.","robots":{"index":"index","follow":"follow","max-snippet":"max-snippet:-1","max-image-preview":"max-image-preview:large","max-video-preview":"max-video-preview:-1"},"canonical":"https:\/\/factorialhr.pt\/blog\/praticas-justas-de-rescisao-de-trabalho\/","og_locale":"pt_PT","og_type":"article","og_title":"Pr\u00e1ticas justas de rescis\u00e3o de trabalho","og_description":"Saiba como funciona a rescis\u00e3o por iniciativa do trabalhador.","og_url":"https:\/\/factorialhr.pt\/blog\/praticas-justas-de-rescisao-de-trabalho\/","og_site_name":"Factorial","article_publisher":"https:\/\/www.facebook.com\/people\/Factorial\/100064908455810\/","article_published_time":"2024-08-26T09:12:43+00:00","article_modified_time":"2025-06-02T00:27:04+00:00","og_image":[{"width":900,"height":488,"url":"https:\/\/factorialhr.pt\/wp-content\/uploads\/2024\/08\/11163126\/Blog_Header-4-1.png","type":"image\/png"}],"author":"N\u00e1dia Ventura","twitter_card":"summary_large_image","twitter_creator":"@factorialapp","twitter_site":"@factorialapp","twitter_misc":{"Written by":"N\u00e1dia Ventura","Est. reading time":"7 minutos"},"schema":{"@context":"https:\/\/schema.org","@graph":[{"@type":"Article","@id":"https:\/\/factorialhr.pt\/blog\/praticas-justas-de-rescisao-de-trabalho\/#article","isPartOf":{"@id":"https:\/\/factorialhr.pt\/blog\/praticas-justas-de-rescisao-de-trabalho\/"},"author":{"name":"N\u00e1dia Ventura","@id":"https:\/\/factorialhr.pt\/blog\/#\/schema\/person\/df58ad1d710ca5110dfe568e657dfd10"},"headline":"Pr\u00e1ticas justas de rescis\u00e3o de trabalho","datePublished":"2024-08-26T09:12:43+00:00","dateModified":"2025-06-02T00:27:04+00:00","mainEntityOfPage":{"@id":"https:\/\/factorialhr.pt\/blog\/praticas-justas-de-rescisao-de-trabalho\/"},"wordCount":1620,"publisher":{"@id":"https:\/\/factorialhr.pt\/blog\/#organization"},"inLanguage":"pt-PT"},{"@type":"WebPage","@id":"https:\/\/factorialhr.pt\/blog\/praticas-justas-de-rescisao-de-trabalho\/","url":"https:\/\/factorialhr.pt\/blog\/praticas-justas-de-rescisao-de-trabalho\/","name":"Rescis\u00e3o por iniciativa do trabalhador","isPartOf":{"@id":"https:\/\/factorialhr.pt\/blog\/#website"},"datePublished":"2024-08-26T09:12:43+00:00","dateModified":"2025-06-02T00:27:04+00:00","description":"Saiba como funciona a rescis\u00e3o por iniciativa do trabalhador.","inLanguage":"pt-PT","potentialAction":[{"@type":"ReadAction","target":["https:\/\/factorialhr.pt\/blog\/praticas-justas-de-rescisao-de-trabalho\/"]}]},{"@type":"WebSite","@id":"https:\/\/factorialhr.pt\/blog\/#website","url":"https:\/\/factorialhr.pt\/blog\/","name":"Factorial","description":"","publisher":{"@id":"https:\/\/factorialhr.pt\/blog\/#organization"},"potentialAction":[{"@type":"SearchAction","target":{"@type":"EntryPoint","urlTemplate":"https:\/\/factorialhr.pt\/blog\/?s={search_term_string}"},"query-input":"required name=search_term_string"}],"inLanguage":"pt-PT"},{"@type":"Organization","@id":"https:\/\/factorialhr.pt\/blog\/#organization","name":"All-in-one business management software - Factorial","url":"https:\/\/factorialhr.pt\/blog\/","logo":{"@type":"ImageObject","inLanguage":"pt-PT","@id":"https:\/\/factorialhr.pt\/blog\/#\/schema\/logo\/image\/","url":"https:\/\/factorialhr.pt\/wp-content\/uploads\/2023\/07\/18155144\/factorial-logo.png","contentUrl":"https:\/\/factorialhr.pt\/wp-content\/uploads\/2023\/07\/18155144\/factorial-logo.png","width":946,"height":880,"caption":"All-in-one business management software - Factorial"},"image":{"@id":"https:\/\/factorialhr.pt\/blog\/#\/schema\/logo\/image\/"},"sameAs":["https:\/\/www.facebook.com\/people\/Factorial\/100064908455810\/","https:\/\/twitter.com\/factorialapp","https:\/\/www.linkedin.com\/company\/factorialhr","https:\/\/www.youtube.com\/@factorialmedia","https:\/\/www.instagram.com\/factorial\/#"]},{"@type":"Person","@id":"https:\/\/factorialhr.pt\/blog\/#\/schema\/person\/df58ad1d710ca5110dfe568e657dfd10","name":"N\u00e1dia Ventura","image":{"@type":"ImageObject","inLanguage":"pt-PT","@id":"https:\/\/factorialhr.pt\/blog\/#\/schema\/person\/image\/","url":"https:\/\/secure.gravatar.com\/avatar\/5b9e9f3901aed6b7b6b4db81f034a409?s=96&d=identicon&r=g","contentUrl":"https:\/\/secure.gravatar.com\/avatar\/5b9e9f3901aed6b7b6b4db81f034a409?s=96&d=identicon&r=g","caption":"N\u00e1dia Ventura"},"description":"A N\u00e1dia Ventura escreve desde que aprendeu a juntar s\u00edlabas. Hoje, \u00e9 copywriter e content writer e entusiasta da escrita com prop\u00f3sito: aquela que informa, entret\u00e9m, vende e ainda arranca um sorriso de quem l\u00ea. Fundadora da Academia CES - Copywriting, escrita criativa e storytelling, e com mais de 7 anos de experi\u00eancia a escrever para marcas do setor alimentar, recursos humanos, banc\u00e1rio, animal, autom\u00f3vel, sa\u00fade e tantos outros, acredita que o segredo est\u00e1 em dizer muito, com poucas palavras (exceto quando h\u00e1 espa\u00e7o para um bom par\u00eanteses ou met\u00e1fora). Tem forma\u00e7\u00e3o em textos otimizados para SEO, storytelling, escrita ciativa, copywriting persuasivo e marketing de conte\u00fado, marketing tur\u00edstico, (e um v\u00edcio cr\u00f3nico em aprender). \u00c9 parceira da Factorial no mercado portugu\u00eas e, por aqui, quer escrever conte\u00fados que n\u00e3o adorme\u00e7am ningu\u00e9m, tragam solu\u00e7\u00f5es pr\u00e1ticas para quem trabalha com pessoas e fa\u00e7am as equipas pensar, rir e trabalhar melhor. \u00c9 apologista de que devemos partilhar conhecimento, hist\u00f3rias, experi\u00eancias (e bolos de chocolate, sempre!).","sameAs":["http:\/\/nadiaventura.pt","https:\/\/www.instagram.com\/nadiaventura.copywriter\/","https:\/\/www.linkedin.com\/in\/nadiaventura\/","https:\/\/www.youtube.com\/@nadiaventura.copywriter"],"birthDate":"1997-02-11","gender":"Female","knowsLanguage":["Portuguese"],"url":"https:\/\/factorialhr.pt\/blog\/author\/nadiaventura\/"}]}},"_links":{"self":[{"href":"https:\/\/factorialhr.pt\/blog\/wp-json\/wp\/v2\/posts\/139178"}],"collection":[{"href":"https:\/\/factorialhr.pt\/blog\/wp-json\/wp\/v2\/posts"}],"about":[{"href":"https:\/\/factorialhr.pt\/blog\/wp-json\/wp\/v2\/types\/post"}],"author":[{"embeddable":true,"href":"https:\/\/factorialhr.pt\/blog\/wp-json\/wp\/v2\/users\/107"}],"replies":[{"embeddable":true,"href":"https:\/\/factorialhr.pt\/blog\/wp-json\/wp\/v2\/comments?post=139178"}],"version-history":[{"count":7,"href":"https:\/\/factorialhr.pt\/blog\/wp-json\/wp\/v2\/posts\/139178\/revisions"}],"predecessor-version":[{"id":146940,"href":"https:\/\/factorialhr.pt\/blog\/wp-json\/wp\/v2\/posts\/139178\/revisions\/146940"}],"wp:featuredmedia":[{"embeddable":true,"href":"https:\/\/factorialhr.pt\/blog\/wp-json\/wp\/v2\/media\/141864"}],"wp:attachment":[{"href":"https:\/\/factorialhr.pt\/blog\/wp-json\/wp\/v2\/media?parent=139178"}],"wp:term":[{"taxonomy":"category","embeddable":true,"href":"https:\/\/factorialhr.pt\/blog\/wp-json\/wp\/v2\/categories?post=139178"},{"taxonomy":"post_tag","embeddable":true,"href":"https:\/\/factorialhr.pt\/blog\/wp-json\/wp\/v2\/tags?post=139178"}],"curies":[{"name":"wp","href":"https:\/\/api.w.org\/{rel}","templated":true}]}}