{"id":141968,"date":"2024-10-14T14:50:10","date_gmt":"2024-10-14T12:50:10","guid":{"rendered":"https:\/\/factorialhr.com\/blog\/?p=141968"},"modified":"2025-06-02T04:10:05","modified_gmt":"2025-06-02T02:10:05","slug":"ferramentas-de-recursos-humanos-mais-procuradas","status":"publish","type":"post","link":"https:\/\/factorialhr.pt\/blog\/ferramentas-de-recursos-humanos-mais-procuradas\/","title":{"rendered":"As Ferramentas de Recursos Humanos mais procuradas"},"content":{"rendered":"<p><span style=\"font-size: 14pt;\"><strong>A Factorial preparou um kit com as ferramentas de recursos humanos mais procuradas, para uma gest\u00e3o mais organizada e otimizada das suas equipas. E porque?<\/strong><\/span><\/p>\n<p><span style=\"font-size: 12pt;\">Existem pesadelos que apenas se vivem com os olhos abertos. S\u00e3o os que mais medo geram, aqueles que n\u00e3o te deixam descansar, mas que te acompanham dia ap\u00f3s dia at\u00e9 \u00e0 exaust\u00e3o. At\u00e9 que n\u00e3o consegues mais e n\u00e3o sabes o que fazer. Eles perseguem-te at\u00e9 que ganham, e no final perdes o sono. O teu sono.<\/span><\/p>\n<p><span style=\"font-size: 12pt;\"><strong>As preocupa\u00e7\u00f5es no trabalho podem tirar-lhe o sono e h\u00e1 pesadelos que s\u00f3 se vivem com os olhos aberto, menos com a Factorial!\u00a0<\/strong><\/span><\/p>\n<p><strong>\u00cdndice<\/strong><\/p>\n<ul>\n<li><a href=\"#o-fantasma-da-desorganiza\u00e7ao\">O Fantasma da Desorganiza\u00e7\u00e3o<\/a><\/li>\n<li><a href=\"#o-estagnamento-profissional-um pesadelo-silencioso\">O Estagnamento Profissional: Um pesadelo silencioso<\/a><\/li>\n<li><a href=\"#o-pesadelo-do-stress-laboral-como-te-tornar-um-ca\u00e7ador-de-problemas\">O Pesadelo do Stress Laboral: Como te tornar um ca\u00e7ador de problemas<\/a><\/li>\n<li><a href=\"https:\/\/factorialhr.pt\/solicitar-demonstracao\">Supera o stress laboral da tua equipa com a Factorial<\/a> \ud83d\ude80<\/li>\n<\/ul>\n<p>Realizamos um estudo com a nossa base de dados de Espanha e explicamos neste artigo os resultados assustadores sobre como a desordem laboral pode afetar a sua vida fora do hor\u00e1rio de trabalho.<\/p>\n<p><strong>76% das pessoas afirma que as preocupa\u00e7\u00f5es laborais n\u00e3o as deixam dormir bem.<\/strong> Os dados da nossa pesquisa deixam claro: mais de <strong>58% dos entrevistados<\/strong> afirmam que o caos no seu dia a dia \u00e9 um dos maus sonhos que os atormenta diariamente. Outro dado \u00e9 o fantasma do estagnamento laboral, que j\u00e1 acompanha <strong>24%<\/strong> dos inquiridos.<\/p>\n<p>E como se aproxima o Halloween, era necess\u00e1rio falar sobre todos estes pesadelos. Dar-lhes rosto para enfrent\u00e1-los. E vamos faz\u00ea-lo.<\/p>\n<p><a href=\"https:\/\/factorialhr.pt\/kit_primeiros_socorros_2024\"><img decoding=\"async\" class=\"aligncenter wp-image-141973 size-full\" src=\"https:\/\/factorialhr.pt\/wp-content\/uploads\/2024\/10\/14144208\/Banner-for-blog-v5-report-2.jpg\" alt=\"Kit Primeiros Socorros\" width=\"1558\" height=\"634\" srcset=\"https:\/\/factorialhr.pt\/wp-content\/uploads\/2024\/10\/14144208\/Banner-for-blog-v5-report-2.jpg 1558w, https:\/\/factorialhr.pt\/wp-content\/uploads\/2024\/10\/14144208\/Banner-for-blog-v5-report-2-300x122.jpg 300w, https:\/\/factorialhr.pt\/wp-content\/uploads\/2024\/10\/14144208\/Banner-for-blog-v5-report-2-1024x417.jpg 1024w, https:\/\/factorialhr.pt\/wp-content\/uploads\/2024\/10\/14144208\/Banner-for-blog-v5-report-2-768x313.jpg 768w, https:\/\/factorialhr.pt\/wp-content\/uploads\/2024\/10\/14144208\/Banner-for-blog-v5-report-2-1536x625.jpg 1536w\" sizes=\"(max-width: 1558px) 100vw, 1558px\" \/><\/a><\/p>\n<h2><strong>3 em cada 4 pessoas perdem o sono por causa do trabalho<\/strong><\/h2>\n<p><a href=\"#o-fantasma-da-desorganiza\u00e7ao\"><strong>O fantasma da desorganiza\u00e7\u00e3o<\/strong><\/a><br \/>\nJ\u00e1 pensaste nas causas que fazem com que a tua equipa se sinta sobrecarregada? Um dos principais fatores que influenciam o stress e o mal-estar laboral \u00e9 a falta de estrutura interna. Num ambiente ca\u00f3tico e sem controlo, as pessoas sentem-se sobrecarregadas, o que repercute negativamente tanto no seu desempenho como na sua sa\u00fade mental.<\/p>\n<p>Adiciona a desorganiza\u00e7\u00e3o e ter\u00e1s uma situa\u00e7\u00e3o aterradora: baixa produtividade, mau ambiente e uma cultura laboral danificada. E os n\u00fameros assustam, quase tanto como um fantasma: <strong>58,3%<\/strong> dos empregados admitiram que a desorganiza\u00e7\u00e3o lhes rouba a paz e o descanso.<\/p>\n<p><a href=\"#o-estagnamento-profissional-um pesadelo-silencioso\"><strong>O estagnamento profissional: um pesadelo silencioso<\/strong><\/a><br \/>\nSe h\u00e1 algo que realmente tira o sono \u00e9 o futuro. Porque n\u00e3o o podemos controlar. E muitas vezes tamb\u00e9m n\u00e3o depende de n\u00f3s. Por isso, <strong>24%<\/strong> dos inquiridos afirmaram que o estagnamento na sua carreira profissional \u00e9 outra das grandes preocupa\u00e7\u00f5es que os desvela durante a noite.<\/p>\n<p>Porque a motiva\u00e7\u00e3o \u00e9 a consequ\u00eancia de um conjunto de fatores diversos, onde o futuro desempenha um papel crucial. Sem expectativas de um futuro melhor, a motiva\u00e7\u00e3o come\u00e7a a esgotar-se noite ap\u00f3s noite, tal como o sono. Esta \u00e9 a realidade de milhares e milhares de pessoas no seu dia a dia.<\/p>\n<p><a href=\"#o-pesadelo-do-stress-laboral-como-te-tornar-um-ca\u00e7ador-de-problemas\"><strong>A pesadelo do stress laboral: como te tornares um ca\u00e7ador de problemas<\/strong><\/a><br \/>\nMais de <strong>6 em cada 10<\/strong> inquiridos s\u00e3o l\u00edderes de equipa, mas sofrem dos mesmos problemas que o resto: o stress \u00e9 a emo\u00e7\u00e3o predominante no ambiente laboral. <strong>31,9%<\/strong> dos gestores reportam-no como a sua emo\u00e7\u00e3o mais frequente, seguido pela falta de motiva\u00e7\u00e3o (<strong>29,8%<\/strong>) e pela preocupa\u00e7\u00e3o (<strong>22%<\/strong>). A press\u00e3o no trabalho n\u00e3o distingue cargos nem responsabilidades, afetando todos em maior ou menor grau.<\/p>\n<p>A gest\u00e3o da burocracia (<strong>32,6%<\/strong>) e a organiza\u00e7\u00e3o de projetos (<strong>31,2%<\/strong>) s\u00e3o as tarefas que consomem mais tempo tanto para gestores como para empregados. Terr\u00edvel. Embora esta realidade, al\u00e9m de aumentar a carga laboral, apresente uma grande oportunidade: a automatiza\u00e7\u00e3o desses processos poderia aumentar significativamente a efici\u00eancia da equipa, libertando tempo para atividades mais estrat\u00e9gicas.<\/p>\n<p><strong>82,9%<\/strong> das pessoas inquiridas afirmam que o seu n\u00edvel de stress aumentaria se n\u00e3o contassem com ferramentas de organiza\u00e7\u00e3o como a<a href=\"https:\/\/factorialhr.pt\/solicitar-demonstracao\"> Factorial<\/a> para gerir as suas tarefas di\u00e1rias. Sabes por qu\u00ea? Porque o Factorial automatiza as tarefas manuais, reduz o papelada e as tarefas repetitivas.<\/p>\n<p><a href=\"https:\/\/factorialhr.pt\/solicitar-demonstracao\"><img decoding=\"async\" class=\"aligncenter wp-image-142323 size-full\" src=\"https:\/\/factorialhr.pt\/wp-content\/uploads\/2020\/04\/17144833\/Factorial-Blog_desempeno_Product_software.png\" alt=\"\" width=\"1200\" height=\"488\" srcset=\"https:\/\/factorialhr.pt\/wp-content\/uploads\/2020\/04\/17144833\/Factorial-Blog_desempeno_Product_software.png 1200w, https:\/\/factorialhr.pt\/wp-content\/uploads\/2020\/04\/17144833\/Factorial-Blog_desempeno_Product_software-300x122.png 300w, https:\/\/factorialhr.pt\/wp-content\/uploads\/2020\/04\/17144833\/Factorial-Blog_desempeno_Product_software-1024x416.png 1024w, https:\/\/factorialhr.pt\/wp-content\/uploads\/2020\/04\/17144833\/Factorial-Blog_desempeno_Product_software-768x312.png 768w\" sizes=\"(max-width: 1200px) 100vw, 1200px\" \/><\/a><\/p>\n<p><strong>N\u00e3o conseguiremos devolver-te as tuas horas de sono, mas podemos afastar os pesadelos.<\/strong><\/p>\n","protected":false},"excerpt":{"rendered":"<p>A Factorial preparou um kit com as ferramentas de recursos humanos mais procuradas, para uma gest\u00e3o mais organizada e otimizada das suas equipas. E porque? Existem pesadelos que apenas se vivem com os olhos abertos. S\u00e3o os que mais medo geram, aqueles que n\u00e3o te deixam descansar, mas que te acompanham dia ap\u00f3s dia at\u00e9<a href=\"https:\/\/factorialhr.pt\/blog\/ferramentas-de-recursos-humanos-mais-procuradas\/\" class=\"read-more\"> [&#8230;]<\/a><\/p>\n","protected":false},"author":264,"featured_media":141975,"comment_status":"closed","ping_status":"closed","sticky":false,"template":"","format":"standard","meta":{"_acf_changed":false,"footnotes":""},"categories":[461,398,397],"tags":[],"class_list":["post-141968","post","type-post","status-publish","format-standard","has-post-thumbnail","hentry","category-digitalizacao-rh","category-gestao-de-talentos","category-gestao-de-tempo"],"acf":{"topics":"all-in-one_hr-software"},"yoast_head":"<!-- This site is optimized with the Yoast SEO Premium plugin v21.5 (Yoast SEO v21.9.1) - https:\/\/yoast.com\/wordpress\/plugins\/seo\/ -->\n<title>Ferramentas de RH: as mais procuradas pelas empresas.<\/title>\n<meta name=\"robots\" content=\"index, follow, max-snippet:-1, max-image-preview:large, max-video-preview:-1\" \/>\n<link rel=\"canonical\" href=\"https:\/\/factorialhr.pt\/blog\/ferramentas-de-recursos-humanos-mais-procuradas\/\" \/>\n<meta property=\"og:locale\" content=\"pt_PT\" \/>\n<meta property=\"og:type\" content=\"article\" \/>\n<meta property=\"og:title\" content=\"As Ferramentas de Recursos Humanos mais procuradas\" \/>\n<meta property=\"og:description\" content=\"A Factorial preparou um kit com as ferramentas de recursos humanos mais procuradas, para uma gest\u00e3o mais organizada e otimizada das suas equipas. E porque? Existem pesadelos que apenas se vivem com os olhos abertos. S\u00e3o os que mais medo geram, aqueles que n\u00e3o te deixam descansar, mas que te acompanham dia ap\u00f3s dia at\u00e9 [...]\" \/>\n<meta property=\"og:url\" content=\"https:\/\/factorialhr.pt\/blog\/ferramentas-de-recursos-humanos-mais-procuradas\/\" \/>\n<meta property=\"og:site_name\" content=\"Factorial\" \/>\n<meta property=\"article:publisher\" content=\"https:\/\/www.facebook.com\/people\/Factorial\/100064908455810\/\" \/>\n<meta property=\"article:published_time\" content=\"2024-10-14T12:50:10+00:00\" \/>\n<meta property=\"article:modified_time\" content=\"2025-06-02T02:10:05+00:00\" \/>\n<meta property=\"og:image\" content=\"https:\/\/factorialhr.pt\/wp-content\/uploads\/2024\/10\/14144654\/Frame-2117909544-2.png\" \/>\n\t<meta property=\"og:image:width\" content=\"2700\" \/>\n\t<meta property=\"og:image:height\" content=\"1464\" \/>\n\t<meta property=\"og:image:type\" content=\"image\/png\" \/>\n<meta name=\"author\" content=\"Ines Teixeira\" \/>\n<meta name=\"twitter:card\" content=\"summary_large_image\" \/>\n<meta name=\"twitter:creator\" content=\"@factorialapp\" \/>\n<meta name=\"twitter:site\" content=\"@factorialapp\" \/>\n<meta name=\"twitter:label1\" content=\"Written by\" \/>\n\t<meta name=\"twitter:data1\" content=\"Ines Teixeira\" \/>\n\t<meta name=\"twitter:label2\" content=\"Est. reading time\" \/>\n\t<meta name=\"twitter:data2\" content=\"4 minutos\" \/>\n<script type=\"application\/ld+json\" class=\"yoast-schema-graph\">{\"@context\":\"https:\/\/schema.org\",\"@graph\":[{\"@type\":\"Article\",\"@id\":\"https:\/\/factorialhr.pt\/blog\/ferramentas-de-recursos-humanos-mais-procuradas\/#article\",\"isPartOf\":{\"@id\":\"https:\/\/factorialhr.pt\/blog\/ferramentas-de-recursos-humanos-mais-procuradas\/\"},\"author\":{\"name\":\"Ines Teixeira\",\"@id\":\"https:\/\/factorialhr.pt\/blog\/#\/schema\/person\/d2827d538ccc7f2c2b8ef882a1004789\"},\"headline\":\"As Ferramentas de Recursos Humanos mais procuradas\",\"datePublished\":\"2024-10-14T12:50:10+00:00\",\"dateModified\":\"2025-06-02T02:10:05+00:00\",\"mainEntityOfPage\":{\"@id\":\"https:\/\/factorialhr.pt\/blog\/ferramentas-de-recursos-humanos-mais-procuradas\/\"},\"wordCount\":693,\"publisher\":{\"@id\":\"https:\/\/factorialhr.pt\/blog\/#organization\"},\"articleSection\":[\"Digitaliza\u00e7\u00e3o nos RH\",\"Gest\u00e3o de Talentos\",\"Gest\u00e3o de Tempo\"],\"inLanguage\":\"pt-PT\"},{\"@type\":\"WebPage\",\"@id\":\"https:\/\/factorialhr.pt\/blog\/ferramentas-de-recursos-humanos-mais-procuradas\/\",\"url\":\"https:\/\/factorialhr.pt\/blog\/ferramentas-de-recursos-humanos-mais-procuradas\/\",\"name\":\"Ferramentas de RH: as mais procuradas pelas empresas.\",\"isPartOf\":{\"@id\":\"https:\/\/factorialhr.pt\/blog\/#website\"},\"datePublished\":\"2024-10-14T12:50:10+00:00\",\"dateModified\":\"2025-06-02T02:10:05+00:00\",\"inLanguage\":\"pt-PT\",\"potentialAction\":[{\"@type\":\"ReadAction\",\"target\":[\"https:\/\/factorialhr.pt\/blog\/ferramentas-de-recursos-humanos-mais-procuradas\/\"]}]},{\"@type\":\"WebSite\",\"@id\":\"https:\/\/factorialhr.pt\/blog\/#website\",\"url\":\"https:\/\/factorialhr.pt\/blog\/\",\"name\":\"Factorial\",\"description\":\"\",\"publisher\":{\"@id\":\"https:\/\/factorialhr.pt\/blog\/#organization\"},\"potentialAction\":[{\"@type\":\"SearchAction\",\"target\":{\"@type\":\"EntryPoint\",\"urlTemplate\":\"https:\/\/factorialhr.pt\/blog\/?s={search_term_string}\"},\"query-input\":\"required name=search_term_string\"}],\"inLanguage\":\"pt-PT\"},{\"@type\":\"Organization\",\"@id\":\"https:\/\/factorialhr.pt\/blog\/#organization\",\"name\":\"All-in-one business management software - Factorial\",\"url\":\"https:\/\/factorialhr.pt\/blog\/\",\"logo\":{\"@type\":\"ImageObject\",\"inLanguage\":\"pt-PT\",\"@id\":\"https:\/\/factorialhr.pt\/blog\/#\/schema\/logo\/image\/\",\"url\":\"https:\/\/factorialhr.pt\/wp-content\/uploads\/2023\/07\/18155144\/factorial-logo.png\",\"contentUrl\":\"https:\/\/factorialhr.pt\/wp-content\/uploads\/2023\/07\/18155144\/factorial-logo.png\",\"width\":946,\"height\":880,\"caption\":\"All-in-one business management software - Factorial\"},\"image\":{\"@id\":\"https:\/\/factorialhr.pt\/blog\/#\/schema\/logo\/image\/\"},\"sameAs\":[\"https:\/\/www.facebook.com\/people\/Factorial\/100064908455810\/\",\"https:\/\/twitter.com\/factorialapp\",\"https:\/\/www.linkedin.com\/company\/factorialhr\",\"https:\/\/www.youtube.com\/@factorialmedia\",\"https:\/\/www.instagram.com\/factorial\/#\"]},{\"@type\":\"Person\",\"@id\":\"https:\/\/factorialhr.pt\/blog\/#\/schema\/person\/d2827d538ccc7f2c2b8ef882a1004789\",\"name\":\"Ines Teixeira\",\"image\":{\"@type\":\"ImageObject\",\"inLanguage\":\"pt-PT\",\"@id\":\"https:\/\/factorialhr.pt\/blog\/#\/schema\/person\/image\/\",\"url\":\"https:\/\/secure.gravatar.com\/avatar\/5e7f43983c48cbdbe46863bbcd64c040?s=96&d=identicon&r=g\",\"contentUrl\":\"https:\/\/secure.gravatar.com\/avatar\/5e7f43983c48cbdbe46863bbcd64c040?s=96&d=identicon&r=g\",\"caption\":\"Ines Teixeira\"},\"description\":\"A In\u00eas \u00e9 a Content Specialist da Factorial para o mercado portugu\u00eas. Com licenciatura em Marketing e Publicidade e experi\u00eancia em Ag\u00eancias de Marketing, a In\u00eas decidiu continuar o seu percurso profissional na Factorial na equipa de Inbound Marketing. O seu objetivo \u00e9 produzir conte\u00fado informativo e criativo para os canais de comunica\u00e7\u00e3o da Factorial.\",\"url\":\"https:\/\/factorialhr.pt\/blog\/author\/ines-teixeira\/\"}]}<\/script>\n<!-- \/ Yoast SEO Premium plugin. -->","yoast_head_json":{"title":"Ferramentas de RH: as mais procuradas pelas empresas.","robots":{"index":"index","follow":"follow","max-snippet":"max-snippet:-1","max-image-preview":"max-image-preview:large","max-video-preview":"max-video-preview:-1"},"canonical":"https:\/\/factorialhr.pt\/blog\/ferramentas-de-recursos-humanos-mais-procuradas\/","og_locale":"pt_PT","og_type":"article","og_title":"As Ferramentas de Recursos Humanos mais procuradas","og_description":"A Factorial preparou um kit com as ferramentas de recursos humanos mais procuradas, para uma gest\u00e3o mais organizada e otimizada das suas equipas. E porque? Existem pesadelos que apenas se vivem com os olhos abertos. S\u00e3o os que mais medo geram, aqueles que n\u00e3o te deixam descansar, mas que te acompanham dia ap\u00f3s dia at\u00e9 [...]","og_url":"https:\/\/factorialhr.pt\/blog\/ferramentas-de-recursos-humanos-mais-procuradas\/","og_site_name":"Factorial","article_publisher":"https:\/\/www.facebook.com\/people\/Factorial\/100064908455810\/","article_published_time":"2024-10-14T12:50:10+00:00","article_modified_time":"2025-06-02T02:10:05+00:00","og_image":[{"width":2700,"height":1464,"url":"https:\/\/factorialhr.pt\/wp-content\/uploads\/2024\/10\/14144654\/Frame-2117909544-2.png","type":"image\/png"}],"author":"Ines Teixeira","twitter_card":"summary_large_image","twitter_creator":"@factorialapp","twitter_site":"@factorialapp","twitter_misc":{"Written by":"Ines Teixeira","Est. reading time":"4 minutos"},"schema":{"@context":"https:\/\/schema.org","@graph":[{"@type":"Article","@id":"https:\/\/factorialhr.pt\/blog\/ferramentas-de-recursos-humanos-mais-procuradas\/#article","isPartOf":{"@id":"https:\/\/factorialhr.pt\/blog\/ferramentas-de-recursos-humanos-mais-procuradas\/"},"author":{"name":"Ines Teixeira","@id":"https:\/\/factorialhr.pt\/blog\/#\/schema\/person\/d2827d538ccc7f2c2b8ef882a1004789"},"headline":"As Ferramentas de Recursos Humanos mais procuradas","datePublished":"2024-10-14T12:50:10+00:00","dateModified":"2025-06-02T02:10:05+00:00","mainEntityOfPage":{"@id":"https:\/\/factorialhr.pt\/blog\/ferramentas-de-recursos-humanos-mais-procuradas\/"},"wordCount":693,"publisher":{"@id":"https:\/\/factorialhr.pt\/blog\/#organization"},"articleSection":["Digitaliza\u00e7\u00e3o nos RH","Gest\u00e3o de Talentos","Gest\u00e3o de Tempo"],"inLanguage":"pt-PT"},{"@type":"WebPage","@id":"https:\/\/factorialhr.pt\/blog\/ferramentas-de-recursos-humanos-mais-procuradas\/","url":"https:\/\/factorialhr.pt\/blog\/ferramentas-de-recursos-humanos-mais-procuradas\/","name":"Ferramentas de RH: as mais procuradas pelas empresas.","isPartOf":{"@id":"https:\/\/factorialhr.pt\/blog\/#website"},"datePublished":"2024-10-14T12:50:10+00:00","dateModified":"2025-06-02T02:10:05+00:00","inLanguage":"pt-PT","potentialAction":[{"@type":"ReadAction","target":["https:\/\/factorialhr.pt\/blog\/ferramentas-de-recursos-humanos-mais-procuradas\/"]}]},{"@type":"WebSite","@id":"https:\/\/factorialhr.pt\/blog\/#website","url":"https:\/\/factorialhr.pt\/blog\/","name":"Factorial","description":"","publisher":{"@id":"https:\/\/factorialhr.pt\/blog\/#organization"},"potentialAction":[{"@type":"SearchAction","target":{"@type":"EntryPoint","urlTemplate":"https:\/\/factorialhr.pt\/blog\/?s={search_term_string}"},"query-input":"required name=search_term_string"}],"inLanguage":"pt-PT"},{"@type":"Organization","@id":"https:\/\/factorialhr.pt\/blog\/#organization","name":"All-in-one business management software - Factorial","url":"https:\/\/factorialhr.pt\/blog\/","logo":{"@type":"ImageObject","inLanguage":"pt-PT","@id":"https:\/\/factorialhr.pt\/blog\/#\/schema\/logo\/image\/","url":"https:\/\/factorialhr.pt\/wp-content\/uploads\/2023\/07\/18155144\/factorial-logo.png","contentUrl":"https:\/\/factorialhr.pt\/wp-content\/uploads\/2023\/07\/18155144\/factorial-logo.png","width":946,"height":880,"caption":"All-in-one business management software - Factorial"},"image":{"@id":"https:\/\/factorialhr.pt\/blog\/#\/schema\/logo\/image\/"},"sameAs":["https:\/\/www.facebook.com\/people\/Factorial\/100064908455810\/","https:\/\/twitter.com\/factorialapp","https:\/\/www.linkedin.com\/company\/factorialhr","https:\/\/www.youtube.com\/@factorialmedia","https:\/\/www.instagram.com\/factorial\/#"]},{"@type":"Person","@id":"https:\/\/factorialhr.pt\/blog\/#\/schema\/person\/d2827d538ccc7f2c2b8ef882a1004789","name":"Ines Teixeira","image":{"@type":"ImageObject","inLanguage":"pt-PT","@id":"https:\/\/factorialhr.pt\/blog\/#\/schema\/person\/image\/","url":"https:\/\/secure.gravatar.com\/avatar\/5e7f43983c48cbdbe46863bbcd64c040?s=96&d=identicon&r=g","contentUrl":"https:\/\/secure.gravatar.com\/avatar\/5e7f43983c48cbdbe46863bbcd64c040?s=96&d=identicon&r=g","caption":"Ines Teixeira"},"description":"A In\u00eas \u00e9 a Content Specialist da Factorial para o mercado portugu\u00eas. Com licenciatura em Marketing e Publicidade e experi\u00eancia em Ag\u00eancias de Marketing, a In\u00eas decidiu continuar o seu percurso profissional na Factorial na equipa de Inbound Marketing. O seu objetivo \u00e9 produzir conte\u00fado informativo e criativo para os canais de comunica\u00e7\u00e3o da Factorial.","url":"https:\/\/factorialhr.pt\/blog\/author\/ines-teixeira\/"}]}},"_links":{"self":[{"href":"https:\/\/factorialhr.pt\/blog\/wp-json\/wp\/v2\/posts\/141968"}],"collection":[{"href":"https:\/\/factorialhr.pt\/blog\/wp-json\/wp\/v2\/posts"}],"about":[{"href":"https:\/\/factorialhr.pt\/blog\/wp-json\/wp\/v2\/types\/post"}],"author":[{"embeddable":true,"href":"https:\/\/factorialhr.pt\/blog\/wp-json\/wp\/v2\/users\/264"}],"replies":[{"embeddable":true,"href":"https:\/\/factorialhr.pt\/blog\/wp-json\/wp\/v2\/comments?post=141968"}],"version-history":[{"count":8,"href":"https:\/\/factorialhr.pt\/blog\/wp-json\/wp\/v2\/posts\/141968\/revisions"}],"predecessor-version":[{"id":146950,"href":"https:\/\/factorialhr.pt\/blog\/wp-json\/wp\/v2\/posts\/141968\/revisions\/146950"}],"wp:featuredmedia":[{"embeddable":true,"href":"https:\/\/factorialhr.pt\/blog\/wp-json\/wp\/v2\/media\/141975"}],"wp:attachment":[{"href":"https:\/\/factorialhr.pt\/blog\/wp-json\/wp\/v2\/media?parent=141968"}],"wp:term":[{"taxonomy":"category","embeddable":true,"href":"https:\/\/factorialhr.pt\/blog\/wp-json\/wp\/v2\/categories?post=141968"},{"taxonomy":"post_tag","embeddable":true,"href":"https:\/\/factorialhr.pt\/blog\/wp-json\/wp\/v2\/tags?post=141968"}],"curies":[{"name":"wp","href":"https:\/\/api.w.org\/{rel}","templated":true}]}}