{"id":14594,"date":"2020-03-25T17:48:07","date_gmt":"2020-03-25T15:48:07","guid":{"rendered":"https:\/\/factorialhr.com\/blog\/?p=14594"},"modified":"2023-06-15T18:13:07","modified_gmt":"2023-06-15T16:13:07","slug":"covid-19-saude-mental","status":"publish","type":"post","link":"https:\/\/factorialhr.pt\/blog\/covid-19-saude-mental\/","title":{"rendered":"Como o COVID-19 afeta a sa\u00fade mental dos funcion\u00e1rios"},"content":{"rendered":"<p>Desde o surto do coronav\u00edrus (COVID-19), vidas de pessoas em todo o mundo mudaram dramaticamente. Lojas e restaurantes fecharam, pequenas empresas fecharam, crian\u00e7as est\u00e3o sendo educadas em casa e funcion\u00e1rios s\u00e3o obrigados a <a href=\"https:\/\/factorialhr.pt\/blog\/apps-ferramentas-trabalho-remoto\/\" target=\"_blank\" rel=\"noopener noreferrer\">teletrabalhar<\/a>. Isso nos apresentou desafios novos e \u00fanicos que afetam a sa\u00fade mental e o bem-estar dos colaboradores.<\/p>\n<p>Para muitos funcion\u00e1rios, essa \u00e9 a primeira vez que se trabalha remotamente, o que apresenta seus pr\u00f3prios desafios. Mas essa n\u00e3o \u00e9 a \u00fanica coisa que atormenta os funcion\u00e1rios no momento.<b> Estar isolado dos amigos e da fam\u00edlia<\/b> \u00e9 uma das principais dificuldades para muitos.<\/p>\n<p>Al\u00e9m disso, nossas rotinas di\u00e1rias tamb\u00e9m foram afetadas, o que nos leva a ser mais suscet\u00edveis ao <b>aumento da ansiedade<\/b>, estresse e p\u00e2nico. Embora seja bastante comum para os empregadores apoiarem a sa\u00fade f\u00edsica com, por exemplo, abonos para gin\u00e1sios, a sa\u00fade mental dos funcion\u00e1rios geralmente \u00e9 negligenciada.<\/p>\n<p>Apoiar os funcion\u00e1rios durante a situa\u00e7\u00e3o que vivemos devido ao coronav\u00edrus deve estar no topo das listas de prioridades dos empregadores. Hoje discutiremos as estrat\u00e9gias que os gestores podem adotar para apoiar os seus trabalhadores enquanto estiverem em quarentena.<\/p>\n<h2>Trabalho Remoto durante o COVID-19<\/h2>\n<p>Os trabalhadores t\u00eam sido estimulados a trabalhar em casa durante a pandemia do COVID-19. Isso \u00e9 resultado do esfor\u00e7o global para impedir a propaga\u00e7\u00e3o do v\u00edrus, com a esperan\u00e7a de retornar \u00e0 normalidade o mais r\u00e1pido poss\u00edvel. No entanto, isso apresenta uma s\u00e9rie de problemas, pois os funcion\u00e1rios precisam <b>adaptar-se rapidamente a situa\u00e7\u00f5es desconhecidas.<\/b> Algumas das principais lutas que os funcion\u00e1rios est\u00e3o a enfrentar atualmente incluem:<\/p>\n<h3>Interrup\u00e7\u00e3o da rotina normal<\/h3>\n<p>Agora, mais do que nunca, o modo de vida normal, de todos no planeta, foi abalado. Muitos achar\u00e3o esse momento dif\u00edcil para adaptar-se. Os funcion\u00e1rios podem n\u00e3o ter estrutura no dia-a-dia e podem n\u00e3o conseguir manter a sua rotina habitual.<\/p>\n<p>Isso pode incluir acordar tarde, comer em intervalos irregulares, perda do autocuidado e diminui\u00e7\u00e3o da atividade f\u00edsica. \u00c9 importante incentivar os funcion\u00e1rios a manter uma rotina regular, apesar das circunst\u00e2ncias incomuns.<\/p>\n<p><img decoding=\"async\" class=\"alignnone wp-image-14602 size-full\" src=\"https:\/\/factorialhr.pt\/wp-content\/uploads\/2020\/03\/25174554\/filhos-pequenos-saude-mental-compressor.png\" alt=\"filhos pequenos saude mental\" width=\"796\" height=\"398\" \/><\/p>\n<h3>Gerir os filhos pequenos em casa<\/h3>\n<p>Como as escolas est\u00e3o atualmente fechadas, os pais agora ser\u00e3o for\u00e7ados a gerir os cuidados com os filhos por conta pr\u00f3pria, enquanto os pequenos estudam em casa. Tudo isso, al\u00e9m de tentar fazer o trabalho deles tamb\u00e9m. \u00c9 importante que os empregadores entendam que os hor\u00e1rios de trabalho desses indiv\u00edduos precisar\u00e3o ser adaptados para acomodar a nova situa\u00e7\u00e3o. Caso contr\u00e1rio, a sua produtividade pode piorar e afetar a conclus\u00e3o das tarefas di\u00e1rias.<\/p>\n<h3>Limita\u00e7\u00f5es tecnol\u00f3gicas<\/h3>\n<p>Alguns trabalhadores podem encontrar problemas tecnol\u00f3gicos em casa. Por exemplo, a internet que possuem em casa pode ser mais lenta que no escrit\u00f3rio. Eles tamb\u00e9m podem ter problemas com o sinal ao se conectarem \u00e0s reuni\u00f5es. J\u00e1 que os escrit\u00f3rios est\u00e3o mais bem equipados do que a sala de estar de uma pessoa comum.<\/p>\n<p>Como tal, os funcion\u00e1rios podem ser mais lentos ao concluir suas tarefas normais. No entanto, existem centenas de ferramentas e apps online para ajud\u00e1-lo a trabalhar em casa.<\/p>\n<h2>Vamos falar sobre a sa\u00fade mental<\/h2>\n<p>Obviamente, \u00e9 dif\u00edcil para que as pessoas se adaptem a essas novas mudan\u00e7as nas suas vidas di\u00e1rias. Mas isso n\u00e3o \u00e9 tudo. O isolamento que agora est\u00e3o a experimentar, provavelmente afetar\u00e1 a sua sa\u00fade mental.<b> <\/b><\/p>\n<p><b>Os colaboradores podem come\u00e7ar a sentir a solid\u00e3o como resultado do isolamento social,<\/b> principalmente se morarem sozinhos. Como resultado, eles podem come\u00e7ar a sentir-se ansiosos ou deprimidos.<\/p>\n<p>Seus padr\u00f5es de sono podem se tornar irregulares, j\u00e1 que provavelmente n\u00e3o est\u00e3o a receber ar fresco suficiente. Nem a praticar exerc\u00edcios regularmente. Al\u00e9m disso, as dietas entre aqueles que sofrem de ansiedade podem sofrer ao pular refei\u00e7\u00f5es ou comer fast-food. Se eles s\u00e3o fumantes, podem come\u00e7ar a fumar muito ou a consumir quantidades maiores de \u00e1lcool.<\/p>\n<p>Por fim, <b>provou-se que o efeito do confinamento prolongado<\/b> tem um impacto maci\u00e7o na sa\u00fade mental dos funcion\u00e1rios. Por sua vez, situa\u00e7\u00f5es como estas afetam facilmente a produtividade dos colaboradores quando o suporte correto n\u00e3o \u00e9 fornecido. Vamos mergulhar em algumas estrat\u00e9gias que pode aplicar para ajud\u00e1-los de maneira mais eficaz.<\/p>\n<h2>Sa\u00fade Mental dos Funcion\u00e1rios: Estrat\u00e9gias de Apoio \u00e0 Equipa<\/h2>\n<p>Sejamos honestos, o assunto do momento \u00e9 sobre como o Coronav\u00edrus est\u00e1 a afetar n\u00e3o apenas a sa\u00fade f\u00edsica das pessoas, mas est\u00e1 a prejudicar as finan\u00e7as da empresa. Sim, estes dois pontos s\u00e3o muito importantes. Mas existe algo ainda mais crucial para o funcionamento de uma empresa.<\/p>\n<p>Se um colaborador estiver emocionalmente e mentalmente cansado, ele ser\u00e1 incapaz de realizar o seu trabalho como antes. \u00c9 por esse motivo que \u00e9 incrivelmente importante apoiar os seus funcion\u00e1rios em momentos de crise.<\/p>\n<p>Para ajudar seus funcion\u00e1rios enquanto eles est\u00e3o trabalhar remotamente, a sua empresa pode implementar as seguintes estrat\u00e9gias durante este per\u00edodo dif\u00edcil.<\/p>\n<p><img decoding=\"async\" class=\"alignnone wp-image-14603 size-full\" src=\"https:\/\/factorialhr.pt\/wp-content\/uploads\/2020\/03\/25174647\/comunicacao-saude-mental-compressor.png\" alt=\"comunicacao saude mental\" width=\"796\" height=\"398\" \/><\/p>\n<h4>1. Manter uma comunica\u00e7\u00e3o eficaz<\/h4>\n<p>\u00c9 importante observar que o distanciamento social n\u00e3o significa isolamento social. Portanto, \u00e9 essencial incentivar a equipa a manter uma comunica\u00e7\u00e3o regular com outros colegas e com os entes queridos. Isso pode ser feito atrav\u00e9s reuni\u00f5es regulares ou videochamada para verificar como est\u00e3o os membros da equipa.<\/p>\n<p>Lembre-se que perguntar a todos como est\u00e3o deve ser uma pr\u00e1tica di\u00e1ria. Assim como cumprimenta os seus colegas todas as manh\u00e3s no escrit\u00f3rio, deve continuar a fazer o mesmo, mesmo que todos estejam a trabalhar remotamente.<\/p>\n<h4>2. Ter um espa\u00e7o de trabalho positivo<\/h4>\n<p>Saliente a import\u00e2ncia de criar um espa\u00e7o de trabalho positivo. Um que seja limpo, leve, espa\u00e7oso e longe da televis\u00e3o ou de outras distra\u00e7\u00f5es. Isso o ajudar\u00e1 a criar uma atmosfera prop\u00edcia ao teletrabalho.<\/p>\n<p>Tamb\u00e9m \u00e9 \u00fatil incentivar os trabalhadores a dedicar uma sala ao trabalho e outra para relaxar. Isto separar\u00e1 o espa\u00e7o de trabalho do espa\u00e7o de lazer em casa.<\/p>\n<h4>3. Mantenha uma rotina s\u00f3lida<\/h4>\n<p>Organize reuni\u00f5es di\u00e1rias pela manh\u00e3 para garantir que os funcion\u00e1rios est\u00e3o prontos para come\u00e7ar o dia. Da mesma forma, estabelecer hor\u00e1rios espec\u00edficos para pausas e almo\u00e7os leva a equipa a fazer pausas regulares. O objetivo disso \u00e9 construir um senso de rotina e normalidade na vida cotidiana dos funcion\u00e1rios.<\/p>\n<p>Certifique-se de incentivar a equipa a manter esses limites saud\u00e1veis. Agora, no caso da sua empresa ter hor\u00e1rio de trabalho flex\u00edvel, voc\u00ea pode continuar mantendo isso; no entanto, \u00e9 aconselh\u00e1vel que as pessoas saibam quando voc\u00ea entra, vai almo\u00e7ar e sai para passar o dia.<\/p>\n<h4>4. Compreender o ambiente de casa<\/h4>\n<p>No escrit\u00f3rio, n\u00e3o \u00e9 necess\u00e1rio que um gestor se interesse muito sobre vida pessoal dos funcion\u00e1rios. No entanto, com os funcion\u00e1rios a trabalhar em casa, os gestores devem entender suas condi\u00e7\u00f5es de vida e ser ainda mais solid\u00e1rios com eles. Por exemplo, os colaboradores podem ter filhos ou outros familiar em casa durante esse per\u00edodo. E \u00e9 vital que isso seja entendido e aceito.<\/p>\n<p><img decoding=\"async\" class=\"alignnone wp-image-14604 size-full\" src=\"https:\/\/factorialhr.pt\/wp-content\/uploads\/2020\/03\/25174722\/desconectar-saude-mental-compressor.png\" alt=\"desconectar saude mental\" width=\"796\" height=\"398\" \/><\/p>\n<h4>5. Incentivar a desconex\u00e3o<\/h4>\n<p>Uma estrat\u00e9gia para cuidar da sa\u00fade mental pode ser sugerir uma desconex\u00e3o da equipa. Meditar, ler, praticar yoga e pintura s\u00e3o \u00f3timos exemplos de coisas que os colaboradores podem realizar fora do hor\u00e1rio de trabalho. Os colegas podem criar um clube do livro on-line ou aulas de yoga para socializar fora da jornada de trabalho. Isso n\u00e3o apenas manter\u00e1 a sa\u00fade mental dos funcion\u00e1rios sob controle, como tamb\u00e9m aumentar\u00e1 a produtividade.<\/p>\n<h2>O futuro da sa\u00fade mental dos funcion\u00e1rios no local de trabalho<\/h2>\n<p>Essas estrat\u00e9gias s\u00e3o \u00f3timas em circunst\u00e2ncias atenuantes, como durante <a href=\"https:\/\/factorialhr.pt\/blog\/coronavirus-empresas-portugal\/\" target=\"_blank\" rel=\"noopener noreferrer\">a pandemia do novo coronav\u00edrus.<\/a> No entanto, \u00e9 uma boa id\u00e9ia para os gestores continuarem a tratar tamb\u00e9m da sa\u00fade mental dos funcion\u00e1rios em condi\u00e7\u00f5es normais de trabalho. A sa\u00fade mental \u00e9 uma causa crescente de preocupa\u00e7\u00e3o em toda a sociedade hoje. As pessoas enfrentam mais press\u00e3o do que nunca no local de trabalho, nas fam\u00edlias, em seus relacionamentos e nas m\u00eddias sociais.<\/p>\n<p>Portanto, a conversa sobre quest\u00f5es de sa\u00fade mental dos funcion\u00e1rios, bem-estar emocional e sa\u00fade f\u00edsica deve ser priorizada igualmente. Isso n\u00e3o s\u00f3 ajuda o conv\u00edvio em sociedade, mas tamb\u00e9m melhora a produtividade e a produ\u00e7\u00e3o no local de trabalho.<\/p>\n<h2><a href=\"https:\/\/factorialhr.pt\/get-started\">Registe-se gr\u00e1tis e comece a utilizar o nosso software de Recursos Humanos!<\/a><\/h2>\n","protected":false},"excerpt":{"rendered":"<p>Desde o surto do coronav\u00edrus (COVID-19), vidas de pessoas em todo o mundo mudaram dramaticamente. Lojas e restaurantes fecharam, pequenas empresas fecharam, crian\u00e7as est\u00e3o sendo educadas em casa e funcion\u00e1rios s\u00e3o obrigados a teletrabalhar. Isso nos apresentou desafios novos e \u00fanicos que afetam a sa\u00fade mental e o bem-estar dos colaboradores. Para muitos funcion\u00e1rios, essa<a href=\"https:\/\/factorialhr.pt\/blog\/covid-19-saude-mental\/\" class=\"read-more\"> [&#8230;]<\/a><\/p>\n","protected":false},"author":136,"featured_media":14596,"comment_status":"open","ping_status":"closed","sticky":false,"template":"","format":"standard","meta":{"_acf_changed":false,"footnotes":""},"categories":[398],"tags":[],"class_list":["post-14594","post","type-post","status-publish","format-standard","has-post-thumbnail","hentry","category-gestao-de-talentos"],"acf":{"topics":false},"yoast_head":"<!-- This site is optimized with the Yoast SEO Premium plugin v21.5 (Yoast SEO v21.9.1) - https:\/\/yoast.com\/wordpress\/plugins\/seo\/ -->\n<title>Como o COVID-19 afeta a sa\u00fade mental dos funcion\u00e1rios | Factorial<\/title>\n<meta name=\"description\" content=\"O surto do coronav\u00edrus (COVID-19) nos apresentou desafios que afetam a sa\u00fade mental dos colaborados. Identifique a causa e ajude a sua equipa\" \/>\n<meta name=\"robots\" content=\"index, follow, max-snippet:-1, max-image-preview:large, max-video-preview:-1\" \/>\n<link rel=\"canonical\" href=\"https:\/\/factorialhr.pt\/blog\/covid-19-saude-mental\/\" \/>\n<meta property=\"og:locale\" content=\"pt_PT\" \/>\n<meta property=\"og:type\" content=\"article\" \/>\n<meta property=\"og:title\" content=\"Como o COVID-19 afeta a sa\u00fade mental dos funcion\u00e1rios\" \/>\n<meta property=\"og:description\" content=\"O surto do coronav\u00edrus (COVID-19) nos apresentou desafios que afetam a sa\u00fade mental dos colaborados. Identifique a causa e ajude a sua equipa\" \/>\n<meta property=\"og:url\" content=\"https:\/\/factorialhr.pt\/blog\/covid-19-saude-mental\/\" \/>\n<meta property=\"og:site_name\" content=\"Factorial\" \/>\n<meta property=\"article:publisher\" content=\"https:\/\/www.facebook.com\/people\/Factorial\/100064908455810\/\" \/>\n<meta property=\"article:published_time\" content=\"2020-03-25T15:48:07+00:00\" \/>\n<meta property=\"article:modified_time\" content=\"2023-06-15T16:13:07+00:00\" \/>\n<meta property=\"og:image\" content=\"https:\/\/factorialhr.pt\/wp-content\/uploads\/2020\/03\/25173626\/saude-mental-funcionarios.jpg\" \/>\n\t<meta property=\"og:image:width\" content=\"796\" \/>\n\t<meta property=\"og:image:height\" content=\"450\" \/>\n\t<meta property=\"og:image:type\" content=\"image\/jpeg\" \/>\n<meta name=\"author\" content=\"Factorial\" \/>\n<meta name=\"twitter:card\" content=\"summary_large_image\" \/>\n<meta name=\"twitter:creator\" content=\"@factorialapp\" \/>\n<meta name=\"twitter:site\" content=\"@factorialapp\" \/>\n<meta name=\"twitter:label1\" content=\"Written by\" \/>\n\t<meta name=\"twitter:data1\" content=\"Factorial\" \/>\n\t<meta name=\"twitter:label2\" content=\"Est. reading time\" \/>\n\t<meta name=\"twitter:data2\" content=\"7 minutos\" \/>\n<script type=\"application\/ld+json\" class=\"yoast-schema-graph\">{\"@context\":\"https:\/\/schema.org\",\"@graph\":[{\"@type\":\"Article\",\"@id\":\"https:\/\/factorialhr.pt\/blog\/covid-19-saude-mental\/#article\",\"isPartOf\":{\"@id\":\"https:\/\/factorialhr.pt\/blog\/covid-19-saude-mental\/\"},\"author\":{\"name\":\"Factorial\",\"@id\":\"https:\/\/factorialhr.pt\/blog\/#\/schema\/person\/7b5a5469052118a0a452edb12733e380\"},\"headline\":\"Como o COVID-19 afeta a sa\u00fade mental dos funcion\u00e1rios\",\"datePublished\":\"2020-03-25T15:48:07+00:00\",\"dateModified\":\"2023-06-15T16:13:07+00:00\",\"mainEntityOfPage\":{\"@id\":\"https:\/\/factorialhr.pt\/blog\/covid-19-saude-mental\/\"},\"wordCount\":1486,\"commentCount\":0,\"publisher\":{\"@id\":\"https:\/\/factorialhr.pt\/blog\/#organization\"},\"articleSection\":[\"Gest\u00e3o de Talentos\"],\"inLanguage\":\"pt-PT\",\"potentialAction\":[{\"@type\":\"CommentAction\",\"name\":\"Comment\",\"target\":[\"https:\/\/factorialhr.pt\/blog\/covid-19-saude-mental\/#respond\"]}]},{\"@type\":\"WebPage\",\"@id\":\"https:\/\/factorialhr.pt\/blog\/covid-19-saude-mental\/\",\"url\":\"https:\/\/factorialhr.pt\/blog\/covid-19-saude-mental\/\",\"name\":\"Como o COVID-19 afeta a sa\u00fade mental dos funcion\u00e1rios | Factorial\",\"isPartOf\":{\"@id\":\"https:\/\/factorialhr.pt\/blog\/#website\"},\"datePublished\":\"2020-03-25T15:48:07+00:00\",\"dateModified\":\"2023-06-15T16:13:07+00:00\",\"description\":\"O surto do coronav\u00edrus (COVID-19) nos apresentou desafios que afetam a sa\u00fade mental dos colaborados. Identifique a causa e ajude a sua equipa\",\"inLanguage\":\"pt-PT\",\"potentialAction\":[{\"@type\":\"ReadAction\",\"target\":[\"https:\/\/factorialhr.pt\/blog\/covid-19-saude-mental\/\"]}]},{\"@type\":\"WebSite\",\"@id\":\"https:\/\/factorialhr.pt\/blog\/#website\",\"url\":\"https:\/\/factorialhr.pt\/blog\/\",\"name\":\"Factorial\",\"description\":\"\",\"publisher\":{\"@id\":\"https:\/\/factorialhr.pt\/blog\/#organization\"},\"potentialAction\":[{\"@type\":\"SearchAction\",\"target\":{\"@type\":\"EntryPoint\",\"urlTemplate\":\"https:\/\/factorialhr.pt\/blog\/?s={search_term_string}\"},\"query-input\":\"required name=search_term_string\"}],\"inLanguage\":\"pt-PT\"},{\"@type\":\"Organization\",\"@id\":\"https:\/\/factorialhr.pt\/blog\/#organization\",\"name\":\"All-in-one business management software - Factorial\",\"url\":\"https:\/\/factorialhr.pt\/blog\/\",\"logo\":{\"@type\":\"ImageObject\",\"inLanguage\":\"pt-PT\",\"@id\":\"https:\/\/factorialhr.pt\/blog\/#\/schema\/logo\/image\/\",\"url\":\"https:\/\/factorialhr.pt\/wp-content\/uploads\/2023\/07\/18155144\/factorial-logo.png\",\"contentUrl\":\"https:\/\/factorialhr.pt\/wp-content\/uploads\/2023\/07\/18155144\/factorial-logo.png\",\"width\":946,\"height\":880,\"caption\":\"All-in-one business management software - Factorial\"},\"image\":{\"@id\":\"https:\/\/factorialhr.pt\/blog\/#\/schema\/logo\/image\/\"},\"sameAs\":[\"https:\/\/www.facebook.com\/people\/Factorial\/100064908455810\/\",\"https:\/\/twitter.com\/factorialapp\",\"https:\/\/www.linkedin.com\/company\/factorialhr\",\"https:\/\/www.youtube.com\/@factorialmedia\",\"https:\/\/www.instagram.com\/factorial\/#\"]},{\"@type\":\"Person\",\"@id\":\"https:\/\/factorialhr.pt\/blog\/#\/schema\/person\/7b5a5469052118a0a452edb12733e380\",\"name\":\"Factorial\",\"image\":{\"@type\":\"ImageObject\",\"inLanguage\":\"pt-PT\",\"@id\":\"https:\/\/factorialhr.pt\/blog\/#\/schema\/person\/image\/\",\"url\":\"https:\/\/secure.gravatar.com\/avatar\/94f45aafe3645ee8cdad439505e2817e?s=96&d=identicon&r=g\",\"contentUrl\":\"https:\/\/secure.gravatar.com\/avatar\/94f45aafe3645ee8cdad439505e2817e?s=96&d=identicon&r=g\",\"caption\":\"Factorial\"},\"url\":\"https:\/\/factorialhr.pt\/blog\/author\/factorial-hr\/\"}]}<\/script>\n<!-- \/ Yoast SEO Premium plugin. -->","yoast_head_json":{"title":"Como o COVID-19 afeta a sa\u00fade mental dos funcion\u00e1rios | Factorial","description":"O surto do coronav\u00edrus (COVID-19) nos apresentou desafios que afetam a sa\u00fade mental dos colaborados. Identifique a causa e ajude a sua equipa","robots":{"index":"index","follow":"follow","max-snippet":"max-snippet:-1","max-image-preview":"max-image-preview:large","max-video-preview":"max-video-preview:-1"},"canonical":"https:\/\/factorialhr.pt\/blog\/covid-19-saude-mental\/","og_locale":"pt_PT","og_type":"article","og_title":"Como o COVID-19 afeta a sa\u00fade mental dos funcion\u00e1rios","og_description":"O surto do coronav\u00edrus (COVID-19) nos apresentou desafios que afetam a sa\u00fade mental dos colaborados. Identifique a causa e ajude a sua equipa","og_url":"https:\/\/factorialhr.pt\/blog\/covid-19-saude-mental\/","og_site_name":"Factorial","article_publisher":"https:\/\/www.facebook.com\/people\/Factorial\/100064908455810\/","article_published_time":"2020-03-25T15:48:07+00:00","article_modified_time":"2023-06-15T16:13:07+00:00","og_image":[{"width":796,"height":450,"url":"https:\/\/factorialhr.pt\/wp-content\/uploads\/2020\/03\/25173626\/saude-mental-funcionarios.jpg","type":"image\/jpeg"}],"author":"Factorial","twitter_card":"summary_large_image","twitter_creator":"@factorialapp","twitter_site":"@factorialapp","twitter_misc":{"Written by":"Factorial","Est. reading time":"7 minutos"},"schema":{"@context":"https:\/\/schema.org","@graph":[{"@type":"Article","@id":"https:\/\/factorialhr.pt\/blog\/covid-19-saude-mental\/#article","isPartOf":{"@id":"https:\/\/factorialhr.pt\/blog\/covid-19-saude-mental\/"},"author":{"name":"Factorial","@id":"https:\/\/factorialhr.pt\/blog\/#\/schema\/person\/7b5a5469052118a0a452edb12733e380"},"headline":"Como o COVID-19 afeta a sa\u00fade mental dos funcion\u00e1rios","datePublished":"2020-03-25T15:48:07+00:00","dateModified":"2023-06-15T16:13:07+00:00","mainEntityOfPage":{"@id":"https:\/\/factorialhr.pt\/blog\/covid-19-saude-mental\/"},"wordCount":1486,"commentCount":0,"publisher":{"@id":"https:\/\/factorialhr.pt\/blog\/#organization"},"articleSection":["Gest\u00e3o de Talentos"],"inLanguage":"pt-PT","potentialAction":[{"@type":"CommentAction","name":"Comment","target":["https:\/\/factorialhr.pt\/blog\/covid-19-saude-mental\/#respond"]}]},{"@type":"WebPage","@id":"https:\/\/factorialhr.pt\/blog\/covid-19-saude-mental\/","url":"https:\/\/factorialhr.pt\/blog\/covid-19-saude-mental\/","name":"Como o COVID-19 afeta a sa\u00fade mental dos funcion\u00e1rios | Factorial","isPartOf":{"@id":"https:\/\/factorialhr.pt\/blog\/#website"},"datePublished":"2020-03-25T15:48:07+00:00","dateModified":"2023-06-15T16:13:07+00:00","description":"O surto do coronav\u00edrus (COVID-19) nos apresentou desafios que afetam a sa\u00fade mental dos colaborados. Identifique a causa e ajude a sua equipa","inLanguage":"pt-PT","potentialAction":[{"@type":"ReadAction","target":["https:\/\/factorialhr.pt\/blog\/covid-19-saude-mental\/"]}]},{"@type":"WebSite","@id":"https:\/\/factorialhr.pt\/blog\/#website","url":"https:\/\/factorialhr.pt\/blog\/","name":"Factorial","description":"","publisher":{"@id":"https:\/\/factorialhr.pt\/blog\/#organization"},"potentialAction":[{"@type":"SearchAction","target":{"@type":"EntryPoint","urlTemplate":"https:\/\/factorialhr.pt\/blog\/?s={search_term_string}"},"query-input":"required name=search_term_string"}],"inLanguage":"pt-PT"},{"@type":"Organization","@id":"https:\/\/factorialhr.pt\/blog\/#organization","name":"All-in-one business management software - Factorial","url":"https:\/\/factorialhr.pt\/blog\/","logo":{"@type":"ImageObject","inLanguage":"pt-PT","@id":"https:\/\/factorialhr.pt\/blog\/#\/schema\/logo\/image\/","url":"https:\/\/factorialhr.pt\/wp-content\/uploads\/2023\/07\/18155144\/factorial-logo.png","contentUrl":"https:\/\/factorialhr.pt\/wp-content\/uploads\/2023\/07\/18155144\/factorial-logo.png","width":946,"height":880,"caption":"All-in-one business management software - Factorial"},"image":{"@id":"https:\/\/factorialhr.pt\/blog\/#\/schema\/logo\/image\/"},"sameAs":["https:\/\/www.facebook.com\/people\/Factorial\/100064908455810\/","https:\/\/twitter.com\/factorialapp","https:\/\/www.linkedin.com\/company\/factorialhr","https:\/\/www.youtube.com\/@factorialmedia","https:\/\/www.instagram.com\/factorial\/#"]},{"@type":"Person","@id":"https:\/\/factorialhr.pt\/blog\/#\/schema\/person\/7b5a5469052118a0a452edb12733e380","name":"Factorial","image":{"@type":"ImageObject","inLanguage":"pt-PT","@id":"https:\/\/factorialhr.pt\/blog\/#\/schema\/person\/image\/","url":"https:\/\/secure.gravatar.com\/avatar\/94f45aafe3645ee8cdad439505e2817e?s=96&d=identicon&r=g","contentUrl":"https:\/\/secure.gravatar.com\/avatar\/94f45aafe3645ee8cdad439505e2817e?s=96&d=identicon&r=g","caption":"Factorial"},"url":"https:\/\/factorialhr.pt\/blog\/author\/factorial-hr\/"}]}},"_links":{"self":[{"href":"https:\/\/factorialhr.pt\/blog\/wp-json\/wp\/v2\/posts\/14594"}],"collection":[{"href":"https:\/\/factorialhr.pt\/blog\/wp-json\/wp\/v2\/posts"}],"about":[{"href":"https:\/\/factorialhr.pt\/blog\/wp-json\/wp\/v2\/types\/post"}],"author":[{"embeddable":true,"href":"https:\/\/factorialhr.pt\/blog\/wp-json\/wp\/v2\/users\/136"}],"replies":[{"embeddable":true,"href":"https:\/\/factorialhr.pt\/blog\/wp-json\/wp\/v2\/comments?post=14594"}],"version-history":[{"count":5,"href":"https:\/\/factorialhr.pt\/blog\/wp-json\/wp\/v2\/posts\/14594\/revisions"}],"predecessor-version":[{"id":23423,"href":"https:\/\/factorialhr.pt\/blog\/wp-json\/wp\/v2\/posts\/14594\/revisions\/23423"}],"wp:featuredmedia":[{"embeddable":true,"href":"https:\/\/factorialhr.pt\/blog\/wp-json\/wp\/v2\/media\/14596"}],"wp:attachment":[{"href":"https:\/\/factorialhr.pt\/blog\/wp-json\/wp\/v2\/media?parent=14594"}],"wp:term":[{"taxonomy":"category","embeddable":true,"href":"https:\/\/factorialhr.pt\/blog\/wp-json\/wp\/v2\/categories?post=14594"},{"taxonomy":"post_tag","embeddable":true,"href":"https:\/\/factorialhr.pt\/blog\/wp-json\/wp\/v2\/tags?post=14594"}],"curies":[{"name":"wp","href":"https:\/\/api.w.org\/{rel}","templated":true}]}}