{"id":153730,"date":"2025-03-14T19:49:46","date_gmt":"2025-03-14T17:49:46","guid":{"rendered":"https:\/\/factorialhr.com\/blog\/?p=153730"},"modified":"2026-04-15T16:55:25","modified_gmt":"2026-04-15T14:55:25","slug":"gestao-de-tempo-pessoal","status":"publish","type":"post","link":"https:\/\/factorialhr.pt\/blog\/gestao-de-tempo-pessoal\/","title":{"rendered":"Gest\u00e3o de tempo pessoal: Dicas e estrat\u00e9gias"},"content":{"rendered":"<div>\n<p>A <strong>gest\u00e3o do tempo pessoal<\/strong> \u00e9 um dos maiores desafios da vida moderna. Com o avan\u00e7o do trabalho h\u00edbrido e a sobrecarga de informa\u00e7\u00e3o, encontrar um equil\u00edbrio tornou-se crucial. Uma gest\u00e3o eficaz n\u00e3o s\u00f3 aumenta a produtividade, como tamb\u00e9m reduz o stress e melhora a qualidade de vida.<\/p>\n<\/div>\n<p>Neste artigo, exploramos as <strong>estrat\u00e9gias e ferramentas essenciais para organizar o seu dia<\/strong>, definir <strong>prioridades claras<\/strong> e <strong>alcan\u00e7ar os seus objetivos<\/strong> de forma mais inteligente.<\/p>\n<div class=\"factorial-banner inline-banner banner-demo category-gestao-de-tempo\"\n    data-banner-id=\"172331\"\n    data-banner-type=\"demo\"\n    data-category=\"Gest\u00e3o de Tempo\">\n    <div class=\"banner-content\">\n        <div class=\"banner-text\">\n                            <h4>Software de Gest\u00e3o de Tempo<\/h4>\n            \n                            <p>Gest\u00e3o de tempo, turnos e aus\u00eancias da sua equipa de forma f\u00e1cil e eficiente.<\/p>\n            \n                            <a href=\"https:\/\/factorialhr.pt\/get-started\"\n                    class=\"factorial-cta-button not-prose demo btn-brand\" data-cta=\"demo\" data-cta-position=\"inline-banner\">\n                    Experimente Gr\u00e1tis                <\/a>\n                    <\/div>\n\n        <div class=\"banner-image has-image\">\n            <img decoding=\"async\" src=\"https:\/\/factorialhr.com\/wp-content\/uploads\/2025\/11\/03162217\/Group-427319437.png\" class=\"not-prose\" \/>\n        <\/div>\n    <\/div>\n<\/div>\n<h2><a href=\"#\" target=\"_blank\" rel=\"noopener\" name=\"importancia-gestao-tempo-pessoal\"><\/a>Porque \u00e9 que uma boa gest\u00e3o do tempo pessoal \u00e9 crucial?<\/h2>\n<p>Gerir bem o tempo n\u00e3o significa apenas cumprir uma lista de tarefas. Segundo a Adecco, em 2026, o equil\u00edbrio entre a vida profissional e pessoal deixou de ser um extra para se tornar um fator central na performance e reten\u00e7\u00e3o de talento. Trata-se de uma <strong>estrat\u00e9gia para equilibrar compromissos, objetivos e descanso.<\/strong><\/p>\n<p>A m\u00e1 gest\u00e3o do tempo pode levar \u00e0 procrastina\u00e7\u00e3o, stress e redu\u00e7\u00e3o da produtividade. J\u00e1 uma gest\u00e3o eficiente permite otimizar cada hora do dia, garantindo mais foco e efici\u00eancia em todas as \u00e1reas da vida.<\/p>\n<p>A chave para uma boa gest\u00e3o do tempo pessoal \u00e9 estabelecer prioridades, definir metas realistas e utilizar ferramentas que ajudem na organiza\u00e7\u00e3o. Se bem aplicada, <strong>esta estrat\u00e9gia resulta em mais produtividade, melhor qualidade de vida e um maior senso de realiza\u00e7\u00e3o.<\/strong><\/p>\n<h2><a href=\"#\" target=\"_blank\" rel=\"noopener\" name=\"dicas-melhorar-gestao-tempo-pessoal\"><\/a>Como pode melhorar a sua gest\u00e3o do tempo pessoal?<\/h2>\n<p>A gest\u00e3o eficiente do tempo \u00e9 essencial para manter um ritmo de trabalho produtivo e equilibrado. No entanto, muitas vezes, mesmo sabendo da import\u00e2ncia de organizar melhor o dia, encontramos <strong>dificuldades para aplicar m\u00e9todos eficazes.<\/strong><\/p>\n<p>A boa not\u00edcia \u00e9 que existem diversas estrat\u00e9gias e ferramentas que podem ajudar a otimizar a rotina, <a href=\"https:\/\/www.nos.pt\/empresas\/transformacao-digital\/transformacao-de-empresas\/tendencias-e-inovacao\/dicas-organizar-agenda\" target=\"_blank\" rel=\"noopener\">melhorar a agenda<\/a>, reduzir desperd\u00edcios e aumentar a produtividade. Apresentamos-lhe algumas das <strong>melhores pr\u00e1ticas para melhorar a gest\u00e3o de tempo pessoal<\/strong> e tornar o dia a dia mais eficiente.<\/p>\n<h3>1. Definir prioridades com a Matriz Eisenhower<\/h3>\n<p>Nem todas as tarefas t\u00eam a mesma import\u00e2ncia. A Matriz de Eisenhower \u00e9 uma t\u00e9cnica eficaz para classificar tarefas com base na sua urg\u00eancia e import\u00e2ncia. Ela divide as atividades em quatro quadrantes:<\/p>\n<ul>\n<li><strong>Urgente e importante:<\/strong> deve ser feito imediatamente.<\/li>\n<li><strong>Importante, mas n\u00e3o urgente:<\/strong> deve ser planeado para mais tarde.<\/li>\n<li><strong>Urgente, mas n\u00e3o importante:<\/strong> pode ser delegado.<\/li>\n<li><strong>Nem Urgente nem importante<\/strong>: pode ser eliminado ou adiado.<\/li>\n<\/ul>\n<p>Ao utilizar essa t\u00e9cnica, \u00e9 poss\u00edvel focar-se no que realmente impacta os objetivos, <strong>evitando perder tempo com tarefas pouco relevantes.<\/strong><\/p>\n<p>O segredo, como aponta a investiga\u00e7\u00e3o publicada pela CR Basso, est\u00e1 em focar-se a maior parte do tempo (idealmente 65%) no Quadrante 2 (Importante, mas n\u00e3o urgente), onde o planeamento e o crescimento real acontecem.<\/p>\n<h3>2. Criar uma rotina e estabelecer metas<\/h3>\n<p>Estabelecer uma rotina di\u00e1ria ajuda a criar h\u00e1bitos produtivos. Comece definindo hor\u00e1rios para atividades essenciais, como trabalho, exerc\u00edcio f\u00edsico, lazer e descanso.<strong> Criar metas realistas<\/strong> tamb\u00e9m \u00e9 essencial para manter a motiva\u00e7\u00e3o e garantir que as tarefas sejam conclu\u00eddas dentro do prazo.<\/p>\n<p>Utilizar m\u00e9todos como SMART Goals (metas espec\u00edficas, mensur\u00e1veis, alcan\u00e7\u00e1veis, relevantes e com prazo definido) pode facilitar o processo e aumentar a efici\u00eancia na realiza\u00e7\u00e3o dos objetivos.<\/p>\n<h3>3. Utilizar ferramentas de organiza\u00e7\u00e3o pessoal<\/h3>\n<p>A tecnologia pode ser uma grande aliada na gest\u00e3o do tempo pessoal. Existem diversas plataformas que ajudam a organizar tarefas e compromissos de forma mais eficiente. Algumas das mais populares incluem:<\/p>\n<ul>\n<li><strong>Trello:<\/strong> excelente para organizar tarefas em listas e acompanhar o progresso.<\/li>\n<li><strong>Notion:<\/strong> plataforma vers\u00e1til que permite combinar notas, tarefas e calend\u00e1rios.<\/li>\n<li><strong>Google Calendar:<\/strong> ajuda a gerir compromissos e lembretes.<\/li>\n<li><strong>Evernote:<\/strong>\u00a0ideal para tomar notas e armazenar informa\u00e7\u00f5es importantes.<\/li>\n<\/ul>\n<p>Ao integrar essas ferramentas no dia a dia, \u00e9 poss\u00edvel manter uma <strong>vis\u00e3o clara das atividades e evitar esquecimentos.<\/strong><\/p>\n<p>A escolha da ferramenta certa depende dos seus objetivos. Para uma gest\u00e3o do tempo mais robusta no contexto empresarial, um<strong><a href=\"https:\/\/factorialhr.pt\/\"> software de RH como a Factorial<\/a> <\/strong>pode centralizar a gest\u00e3o de aus\u00eancias e turnos, automatizando processos e libertando tempo para tarefas estrat\u00e9gicas. Esta integra\u00e7\u00e3o elimina a necessidade de alternar entre m\u00faltiplas aplica\u00e7\u00f5es, otimizando o fluxo de trabalho da equipa.<\/p>\n<h3>4. Praticar a t\u00e9cnica Pomodoro para aumentar o foco<\/h3>\n<p>A T\u00e9cnica Pomodoro consiste em <strong>dividir o tempo de trabalho em blocos de 25 minutos<\/strong>, chamados de \u201cpomodoros\u201d, seguidos de pausas curtas de 5 minutos. Ap\u00f3s quatro pomodoros, faz-se uma pausa maior, de 15 a 30 minutos.<\/p>\n<p>Esse m\u00e9todo \u00e9 altamente eficaz para manter a gest\u00e3o de tempo pessoal, pois ajuda a manter o foco, evitar distra\u00e7\u00f5es e reduzir a fadiga mental. Muitas aplica\u00e7\u00f5es, como Pomofocus, ajudam a implementar essa estrat\u00e9gia.<\/p>\n<h4>Outras t\u00e9cnicas de foco profundo<\/h4>\n<ul>\n<li><strong>Timeboxing:<\/strong> Atribua um per\u00edodo de tempo fixo (um \u201ctimebox\u201d) a cada tarefa. Esta t\u00e9cnica ajuda a combater a procrastina\u00e7\u00e3o ao criar um sentido de urg\u00eancia.<\/li>\n<li><strong>Time blocking:<\/strong> Em vez de agendar tarefas individuais, bloqueie per\u00edodos no seu calend\u00e1rio para tipos de trabalho semelhantes. Por exemplo, um bloco de 2 horas para responder a e-mails e outro de 3 horas para trabalho focado num projeto.<\/li>\n<\/ul>\n<h3>5. Evitar multitarefas e reduzir distra\u00e7\u00f5es<\/h3>\n<p>Embora muitas pessoas acreditem que realizar v\u00e1rias tarefas ao mesmo tempo aumenta a produtividade, h\u00e1 estudos que mostram que a multitarefa pode reduzir a efici\u00eancia e aumentar os erros. O ideal \u00e9 focar-se numa <strong>tarefa de cada vez, concluindo-a antes de passar para a pr\u00f3xima.<\/strong><\/p>\n<p>Al\u00e9m disso, <strong>minimizar distra\u00e7\u00f5es<\/strong>, como notifica\u00e7\u00f5es do telem\u00f3vel e redes sociais, pode melhorar significativamente a qualidade do trabalho e a gest\u00e3o do tempo.<\/p>\n<p>A crescente monitoriza\u00e7\u00e3o digital no trabalho, embora vise a produtividade, pode aumentar a press\u00e3o e o stress se n\u00e3o for bem gerida, como alertam estudos recentes da PME Magazine e da Comiss\u00e3o Europeia. Desativar notifica\u00e7\u00f5es \u00e9 um passo fundamental para recuperar o controlo.<\/p>\n<h3>6. Reservar tempo para descanso e lazer<\/h3>\n<p>Uma boa gest\u00e3o do tempo n\u00e3o significa apenas trabalhar mais, mas sim trabalhar de forma mais inteligente. Reservar momentos para descanso e lazer \u00e9 essencial para manter o equil\u00edbrio e evitar o esgotamento mental.<\/p>\n<p>Praticar exerc\u00edcios f\u00edsicos, ler um livro ou simplesmente desligar-se do trabalho durante algumas horas do dia ajuda a <strong>recarregar as energias e melhorar a produtividade.<\/strong><\/p>\n<h3>7. Delegar tarefas sempre que poss\u00edvel.<\/h3>\n<p>Muitas vezes, tentamos assumir mais responsabilidades do que podemos gerir. Saber delegar tarefas \u00e9 essencial para otimizar o tempo e garantir que cada pessoa est\u00e1 focada nas suas compet\u00eancias principais. <strong>Empresas e profissionais que aprendem a confiar em suas equipas conseguem reduzir a sobrecarga<\/strong> e melhorar a efici\u00eancia das opera\u00e7\u00f5es.<\/p>\n<h3>8. Manter um di\u00e1rio de produtividade<\/h3>\n<p>Ter um registo das atividades di\u00e1rias ajuda a identificar padr\u00f5es de desperd\u00edcio de tempo e a ajustar h\u00e1bitos para melhorar a efici\u00eancia. <strong>Anotar as tarefas realizadas e o tempo gasto em cada uma delas<\/strong> permite avaliar onde est\u00e3o os maiores desafios na gest\u00e3o de tempo pessoal e encontrar solu\u00e7\u00f5es para otimizar a rotina.<\/p>\n<h3>9. Ajustar a rotina conforme necess\u00e1rio.<\/h3>\n<p>A gest\u00e3o de tempo pessoal deve ser <a href=\"https:\/\/factorialhr.pt\/blog\/flexibilidade-no-trabalho\/\" target=\"_self\" rel=\"noopener\">flex\u00edvel.<\/a> O que funciona hoje pode precisar de ajustes no futuro. Por isso, \u00e9 importante rever a rotina regularmente, identificar o que pode ser melhorado e adaptar as estrat\u00e9gias conforme necess\u00e1rio.<\/p>\n<p>Manter um di\u00e1rio de produtividade ou utilizar relat\u00f3rios das ferramentas de organiza\u00e7\u00e3o pode ajudar a perceber onde o tempo est\u00e1 a ser mais bem utilizado e onde h\u00e1 espa\u00e7o para melhorias.<\/p>\n<h3>10. Aprender a dizer n\u00e3o<\/h3>\n<p>Um dos maiores desafios da gest\u00e3o do tempo \u00e9 evitar compromissos desnecess\u00e1rios. Saber<strong> dizer \u201cn\u00e3o\u201d a tarefas que n\u00e3o contribuem para os objetivos pessoais e profissionais<\/strong> \u00e9 essencial para manter o foco no que realmente importa. Estabelecer limites claros e priorizar atividades com maior impacto ajuda a evitar sobrecarga e a manter a produtividade em alta.<\/p>\n<h3>Quais s\u00e3o os 3 pilares da gest\u00e3o do tempo?<\/h3>\n<p>Embora existam v\u00e1rias metodologias, a maioria assenta em tr\u00eas pilares fundamentais:<\/p>\n<ol>\n<li><strong>Planear:<\/strong> Definir antecipadamente o que precisa de ser feito. Isto envolve estabelecer objetivos claros e criar uma lista de tarefas.<\/li>\n<li><strong>Priorizar:<\/strong> Organizar as tarefas com base na sua urg\u00eancia e import\u00e2ncia, utilizando m\u00e9todos como a Matriz de Eisenhower para decidir no que se focar primeiro.<\/li>\n<li><strong>Executar e Rever:<\/strong> Agir de acordo com o plano, mantendo o foco, e rever regularmente o progresso para fazer os ajustes necess\u00e1rios.<\/li>\n<\/ol>\n<h3>Como planificar o tempo de trabalho?<\/h3>\n<p>Planificar o tempo de trabalho eficazmente envolve criar um sistema. Comece por identificar as suas tarefas de maior impacto. Utilize a t\u00e9cnica de <strong><em>time blocking<\/em><\/strong> para reservar blocos de tempo espec\u00edficos no seu calend\u00e1rio para estas atividades. Agrupe tarefas semelhantes, como responder a e-mails, para evitar a mudan\u00e7a constante de contexto. Finalmente, reserve sempre um tempo no final do dia ou da semana para planear o per\u00edodo seguinte, garantindo que come\u00e7a sempre com um plano claro.<\/p>\n<p>Dominar a gest\u00e3o do tempo pessoal \u00e9 uma habilidade essencial para prosperar no ambiente de trabalho atual. <strong>Com as t\u00e9cnicas certas, as ferramentas adequadas e disciplina, \u00e9 poss\u00edvel organizar o dia a dia<\/strong>, reduzir o stress e alcan\u00e7ar um desempenho de excel\u00eancia sem sacrificar o bem-estar.<\/p>\n<p>\u2705\u00a0<a href=\"https:\/\/factorialhr.pt\/solicitar-demonstracao\" target=\"_self\" rel=\"noopener\">Teste, gratuitamente, a Factorial e veja todas as funcionalidades que ajudam na gest\u00e3o de tempo.<\/a><\/p>\n<div class=\"factorial-banner inline-banner banner-demo category-gestao-de-tempo\"\n    data-banner-id=\"171813\"\n    data-banner-type=\"demo\"\n    data-category=\"Gest\u00e3o de Tempo\">\n    <div class=\"banner-content\">\n        <div class=\"banner-text\">\n                            <h4>Factorial: A solu\u00e7\u00e3o centrada nas pessoas<\/h4>\n            \n                            <p>Tempo, Talento e Finan\u00e7as: tudo na mesma plataforma para simplificar a gest\u00e3o.<\/p>\n            \n                            <a href=\"https:\/\/factorialhr.pt\/get-started\"\n                    class=\"factorial-cta-button not-prose demo btn-brand\" data-cta=\"demo\" data-cta-position=\"inline-banner\">\n                    Experimente Gr\u00e1tis                <\/a>\n                    <\/div>\n\n        <div class=\"banner-image has-image\">\n            <img decoding=\"async\" src=\"https:\/\/factorialhr.com\/wp-content\/uploads\/2025\/04\/13182510\/blog_thumbnail_fact-2.jpg\" class=\"not-prose\" \/>\n        <\/div>\n    <\/div>\n<\/div>\n","protected":false},"excerpt":{"rendered":"<p>A gest\u00e3o do tempo pessoal \u00e9 um dos maiores desafios da vida moderna. Com o avan\u00e7o do trabalho h\u00edbrido e a sobrecarga de informa\u00e7\u00e3o, encontrar um equil\u00edbrio tornou-se crucial. Uma gest\u00e3o eficaz n\u00e3o s\u00f3 aumenta a produtividade, como tamb\u00e9m reduz o stress e melhora a qualidade de vida. Neste artigo, exploramos as estrat\u00e9gias e ferramentas<a href=\"https:\/\/factorialhr.pt\/blog\/gestao-de-tempo-pessoal\/\" class=\"read-more\"> [&#8230;]<\/a><\/p>\n","protected":false},"author":107,"featured_media":156398,"comment_status":"closed","ping_status":"closed","sticky":false,"template":"","format":"standard","meta":{"_acf_changed":false,"footnotes":""},"categories":[397],"tags":[],"class_list":["post-153730","post","type-post","status-publish","format-standard","has-post-thumbnail","hentry","category-gestao-de-tempo"],"acf":{"topics":"time"},"yoast_head":"<!-- This site is optimized with the Yoast SEO Premium plugin v21.5 (Yoast SEO v21.9.1) - https:\/\/yoast.com\/wordpress\/plugins\/seo\/ -->\n<title>Gest\u00e3o de tempo pessoal: Dicas e estrat\u00e9gias | Factorial<\/title>\n<meta name=\"description\" content=\"Descubra diversas dicas e ferramentas para ajudar na gest\u00e3o de tempo pessoal, reduzir o stress e alcan\u00e7ar um desempenho mais eficiente.\" \/>\n<meta name=\"robots\" content=\"index, follow, max-snippet:-1, max-image-preview:large, max-video-preview:-1\" \/>\n<link rel=\"canonical\" href=\"https:\/\/factorialhr.pt\/blog\/gestao-de-tempo-pessoal\/\" \/>\n<meta property=\"og:locale\" content=\"pt_PT\" \/>\n<meta property=\"og:type\" content=\"article\" \/>\n<meta property=\"og:title\" content=\"Gest\u00e3o de tempo pessoal: Dicas e estrat\u00e9gias\" \/>\n<meta property=\"og:description\" content=\"Descubra diversas dicas e ferramentas para ajudar na gest\u00e3o de tempo pessoal, reduzir o stress e alcan\u00e7ar um desempenho mais eficiente.\" \/>\n<meta property=\"og:url\" content=\"https:\/\/factorialhr.pt\/blog\/gestao-de-tempo-pessoal\/\" \/>\n<meta property=\"og:site_name\" content=\"Factorial\" \/>\n<meta property=\"article:publisher\" content=\"https:\/\/www.facebook.com\/people\/Factorial\/100064908455810\/\" \/>\n<meta property=\"article:published_time\" content=\"2025-03-14T17:49:46+00:00\" \/>\n<meta property=\"article:modified_time\" content=\"2026-04-15T14:55:25+00:00\" \/>\n<meta property=\"og:image\" content=\"https:\/\/factorialhr.pt\/wp-content\/uploads\/2025\/03\/14092008\/blog_thumbnail_fact-4.jpg\" \/>\n\t<meta property=\"og:image:width\" content=\"1280\" \/>\n\t<meta property=\"og:image:height\" content=\"720\" \/>\n\t<meta property=\"og:image:type\" content=\"image\/jpeg\" \/>\n<meta name=\"author\" content=\"N\u00e1dia Ventura\" \/>\n<meta name=\"twitter:card\" content=\"summary_large_image\" \/>\n<meta name=\"twitter:creator\" content=\"@factorialapp\" \/>\n<meta name=\"twitter:site\" content=\"@factorialapp\" \/>\n<meta name=\"twitter:label1\" content=\"Written by\" \/>\n\t<meta name=\"twitter:data1\" content=\"N\u00e1dia Ventura\" \/>\n\t<meta name=\"twitter:label2\" content=\"Est. reading time\" \/>\n\t<meta name=\"twitter:data2\" content=\"7 minutos\" \/>\n<script type=\"application\/ld+json\" class=\"yoast-schema-graph\">{\"@context\":\"https:\/\/schema.org\",\"@graph\":[{\"@type\":\"Article\",\"@id\":\"https:\/\/factorialhr.pt\/blog\/gestao-de-tempo-pessoal\/#article\",\"isPartOf\":{\"@id\":\"https:\/\/factorialhr.pt\/blog\/gestao-de-tempo-pessoal\/\"},\"author\":{\"name\":\"N\u00e1dia Ventura\",\"@id\":\"https:\/\/factorialhr.pt\/blog\/#\/schema\/person\/df58ad1d710ca5110dfe568e657dfd10\"},\"headline\":\"Gest\u00e3o de tempo pessoal: Dicas e estrat\u00e9gias\",\"datePublished\":\"2025-03-14T17:49:46+00:00\",\"dateModified\":\"2026-04-15T14:55:25+00:00\",\"mainEntityOfPage\":{\"@id\":\"https:\/\/factorialhr.pt\/blog\/gestao-de-tempo-pessoal\/\"},\"wordCount\":1600,\"publisher\":{\"@id\":\"https:\/\/factorialhr.pt\/blog\/#organization\"},\"articleSection\":[\"Gest\u00e3o de Tempo\"],\"inLanguage\":\"pt-PT\"},{\"@type\":\"WebPage\",\"@id\":\"https:\/\/factorialhr.pt\/blog\/gestao-de-tempo-pessoal\/\",\"url\":\"https:\/\/factorialhr.pt\/blog\/gestao-de-tempo-pessoal\/\",\"name\":\"Gest\u00e3o de tempo pessoal: Dicas e estrat\u00e9gias | Factorial\",\"isPartOf\":{\"@id\":\"https:\/\/factorialhr.pt\/blog\/#website\"},\"datePublished\":\"2025-03-14T17:49:46+00:00\",\"dateModified\":\"2026-04-15T14:55:25+00:00\",\"description\":\"Descubra diversas dicas e ferramentas para ajudar na gest\u00e3o de tempo pessoal, reduzir o stress e alcan\u00e7ar um desempenho mais eficiente.\",\"inLanguage\":\"pt-PT\",\"potentialAction\":[{\"@type\":\"ReadAction\",\"target\":[\"https:\/\/factorialhr.pt\/blog\/gestao-de-tempo-pessoal\/\"]}]},{\"@type\":\"WebSite\",\"@id\":\"https:\/\/factorialhr.pt\/blog\/#website\",\"url\":\"https:\/\/factorialhr.pt\/blog\/\",\"name\":\"Factorial\",\"description\":\"\",\"publisher\":{\"@id\":\"https:\/\/factorialhr.pt\/blog\/#organization\"},\"potentialAction\":[{\"@type\":\"SearchAction\",\"target\":{\"@type\":\"EntryPoint\",\"urlTemplate\":\"https:\/\/factorialhr.pt\/blog\/?s={search_term_string}\"},\"query-input\":\"required name=search_term_string\"}],\"inLanguage\":\"pt-PT\"},{\"@type\":\"Organization\",\"@id\":\"https:\/\/factorialhr.pt\/blog\/#organization\",\"name\":\"All-in-one business management software - Factorial\",\"url\":\"https:\/\/factorialhr.pt\/blog\/\",\"logo\":{\"@type\":\"ImageObject\",\"inLanguage\":\"pt-PT\",\"@id\":\"https:\/\/factorialhr.pt\/blog\/#\/schema\/logo\/image\/\",\"url\":\"https:\/\/factorialhr.pt\/wp-content\/uploads\/2023\/07\/18155144\/factorial-logo.png\",\"contentUrl\":\"https:\/\/factorialhr.pt\/wp-content\/uploads\/2023\/07\/18155144\/factorial-logo.png\",\"width\":946,\"height\":880,\"caption\":\"All-in-one business management software - Factorial\"},\"image\":{\"@id\":\"https:\/\/factorialhr.pt\/blog\/#\/schema\/logo\/image\/\"},\"sameAs\":[\"https:\/\/www.facebook.com\/people\/Factorial\/100064908455810\/\",\"https:\/\/twitter.com\/factorialapp\",\"https:\/\/www.linkedin.com\/company\/factorialhr\",\"https:\/\/www.youtube.com\/@factorialmedia\",\"https:\/\/www.instagram.com\/factorial\/#\"]},{\"@type\":\"Person\",\"@id\":\"https:\/\/factorialhr.pt\/blog\/#\/schema\/person\/df58ad1d710ca5110dfe568e657dfd10\",\"name\":\"N\u00e1dia Ventura\",\"image\":{\"@type\":\"ImageObject\",\"inLanguage\":\"pt-PT\",\"@id\":\"https:\/\/factorialhr.pt\/blog\/#\/schema\/person\/image\/\",\"url\":\"https:\/\/secure.gravatar.com\/avatar\/5b9e9f3901aed6b7b6b4db81f034a409?s=96&d=identicon&r=g\",\"contentUrl\":\"https:\/\/secure.gravatar.com\/avatar\/5b9e9f3901aed6b7b6b4db81f034a409?s=96&d=identicon&r=g\",\"caption\":\"N\u00e1dia Ventura\"},\"description\":\"A N\u00e1dia Ventura escreve desde que aprendeu a juntar s\u00edlabas. Hoje, \u00e9 copywriter e content writer e entusiasta da escrita com prop\u00f3sito: aquela que informa, entret\u00e9m, vende e ainda arranca um sorriso de quem l\u00ea. Fundadora da Academia CES - Copywriting, escrita criativa e storytelling, e com mais de 7 anos de experi\u00eancia a escrever para marcas do setor alimentar, recursos humanos, banc\u00e1rio, animal, autom\u00f3vel, sa\u00fade e tantos outros, acredita que o segredo est\u00e1 em dizer muito, com poucas palavras (exceto quando h\u00e1 espa\u00e7o para um bom par\u00eanteses ou met\u00e1fora). Tem forma\u00e7\u00e3o em textos otimizados para SEO, storytelling, escrita ciativa, copywriting persuasivo e marketing de conte\u00fado, marketing tur\u00edstico, (e um v\u00edcio cr\u00f3nico em aprender). \u00c9 parceira da Factorial no mercado portugu\u00eas e, por aqui, quer escrever conte\u00fados que n\u00e3o adorme\u00e7am ningu\u00e9m, tragam solu\u00e7\u00f5es pr\u00e1ticas para quem trabalha com pessoas e fa\u00e7am as equipas pensar, rir e trabalhar melhor. \u00c9 apologista de que devemos partilhar conhecimento, hist\u00f3rias, experi\u00eancias (e bolos de chocolate, sempre!).\",\"sameAs\":[\"http:\/\/nadiaventura.pt\",\"https:\/\/www.instagram.com\/nadiaventura.copywriter\/\",\"https:\/\/www.linkedin.com\/in\/nadiaventura\/\",\"https:\/\/www.youtube.com\/@nadiaventura.copywriter\"],\"birthDate\":\"1997-02-11\",\"gender\":\"Female\",\"knowsLanguage\":[\"Portuguese\"],\"url\":\"https:\/\/factorialhr.pt\/blog\/author\/nadiaventura\/\"}]}<\/script>\n<!-- \/ Yoast SEO Premium plugin. -->","yoast_head_json":{"title":"Gest\u00e3o de tempo pessoal: Dicas e estrat\u00e9gias | Factorial","description":"Descubra diversas dicas e ferramentas para ajudar na gest\u00e3o de tempo pessoal, reduzir o stress e alcan\u00e7ar um desempenho mais eficiente.","robots":{"index":"index","follow":"follow","max-snippet":"max-snippet:-1","max-image-preview":"max-image-preview:large","max-video-preview":"max-video-preview:-1"},"canonical":"https:\/\/factorialhr.pt\/blog\/gestao-de-tempo-pessoal\/","og_locale":"pt_PT","og_type":"article","og_title":"Gest\u00e3o de tempo pessoal: Dicas e estrat\u00e9gias","og_description":"Descubra diversas dicas e ferramentas para ajudar na gest\u00e3o de tempo pessoal, reduzir o stress e alcan\u00e7ar um desempenho mais eficiente.","og_url":"https:\/\/factorialhr.pt\/blog\/gestao-de-tempo-pessoal\/","og_site_name":"Factorial","article_publisher":"https:\/\/www.facebook.com\/people\/Factorial\/100064908455810\/","article_published_time":"2025-03-14T17:49:46+00:00","article_modified_time":"2026-04-15T14:55:25+00:00","og_image":[{"width":1280,"height":720,"url":"https:\/\/factorialhr.pt\/wp-content\/uploads\/2025\/03\/14092008\/blog_thumbnail_fact-4.jpg","type":"image\/jpeg"}],"author":"N\u00e1dia Ventura","twitter_card":"summary_large_image","twitter_creator":"@factorialapp","twitter_site":"@factorialapp","twitter_misc":{"Written by":"N\u00e1dia Ventura","Est. reading time":"7 minutos"},"schema":{"@context":"https:\/\/schema.org","@graph":[{"@type":"Article","@id":"https:\/\/factorialhr.pt\/blog\/gestao-de-tempo-pessoal\/#article","isPartOf":{"@id":"https:\/\/factorialhr.pt\/blog\/gestao-de-tempo-pessoal\/"},"author":{"name":"N\u00e1dia Ventura","@id":"https:\/\/factorialhr.pt\/blog\/#\/schema\/person\/df58ad1d710ca5110dfe568e657dfd10"},"headline":"Gest\u00e3o de tempo pessoal: Dicas e estrat\u00e9gias","datePublished":"2025-03-14T17:49:46+00:00","dateModified":"2026-04-15T14:55:25+00:00","mainEntityOfPage":{"@id":"https:\/\/factorialhr.pt\/blog\/gestao-de-tempo-pessoal\/"},"wordCount":1600,"publisher":{"@id":"https:\/\/factorialhr.pt\/blog\/#organization"},"articleSection":["Gest\u00e3o de Tempo"],"inLanguage":"pt-PT"},{"@type":"WebPage","@id":"https:\/\/factorialhr.pt\/blog\/gestao-de-tempo-pessoal\/","url":"https:\/\/factorialhr.pt\/blog\/gestao-de-tempo-pessoal\/","name":"Gest\u00e3o de tempo pessoal: Dicas e estrat\u00e9gias | Factorial","isPartOf":{"@id":"https:\/\/factorialhr.pt\/blog\/#website"},"datePublished":"2025-03-14T17:49:46+00:00","dateModified":"2026-04-15T14:55:25+00:00","description":"Descubra diversas dicas e ferramentas para ajudar na gest\u00e3o de tempo pessoal, reduzir o stress e alcan\u00e7ar um desempenho mais eficiente.","inLanguage":"pt-PT","potentialAction":[{"@type":"ReadAction","target":["https:\/\/factorialhr.pt\/blog\/gestao-de-tempo-pessoal\/"]}]},{"@type":"WebSite","@id":"https:\/\/factorialhr.pt\/blog\/#website","url":"https:\/\/factorialhr.pt\/blog\/","name":"Factorial","description":"","publisher":{"@id":"https:\/\/factorialhr.pt\/blog\/#organization"},"potentialAction":[{"@type":"SearchAction","target":{"@type":"EntryPoint","urlTemplate":"https:\/\/factorialhr.pt\/blog\/?s={search_term_string}"},"query-input":"required name=search_term_string"}],"inLanguage":"pt-PT"},{"@type":"Organization","@id":"https:\/\/factorialhr.pt\/blog\/#organization","name":"All-in-one business management software - Factorial","url":"https:\/\/factorialhr.pt\/blog\/","logo":{"@type":"ImageObject","inLanguage":"pt-PT","@id":"https:\/\/factorialhr.pt\/blog\/#\/schema\/logo\/image\/","url":"https:\/\/factorialhr.pt\/wp-content\/uploads\/2023\/07\/18155144\/factorial-logo.png","contentUrl":"https:\/\/factorialhr.pt\/wp-content\/uploads\/2023\/07\/18155144\/factorial-logo.png","width":946,"height":880,"caption":"All-in-one business management software - Factorial"},"image":{"@id":"https:\/\/factorialhr.pt\/blog\/#\/schema\/logo\/image\/"},"sameAs":["https:\/\/www.facebook.com\/people\/Factorial\/100064908455810\/","https:\/\/twitter.com\/factorialapp","https:\/\/www.linkedin.com\/company\/factorialhr","https:\/\/www.youtube.com\/@factorialmedia","https:\/\/www.instagram.com\/factorial\/#"]},{"@type":"Person","@id":"https:\/\/factorialhr.pt\/blog\/#\/schema\/person\/df58ad1d710ca5110dfe568e657dfd10","name":"N\u00e1dia Ventura","image":{"@type":"ImageObject","inLanguage":"pt-PT","@id":"https:\/\/factorialhr.pt\/blog\/#\/schema\/person\/image\/","url":"https:\/\/secure.gravatar.com\/avatar\/5b9e9f3901aed6b7b6b4db81f034a409?s=96&d=identicon&r=g","contentUrl":"https:\/\/secure.gravatar.com\/avatar\/5b9e9f3901aed6b7b6b4db81f034a409?s=96&d=identicon&r=g","caption":"N\u00e1dia Ventura"},"description":"A N\u00e1dia Ventura escreve desde que aprendeu a juntar s\u00edlabas. Hoje, \u00e9 copywriter e content writer e entusiasta da escrita com prop\u00f3sito: aquela que informa, entret\u00e9m, vende e ainda arranca um sorriso de quem l\u00ea. Fundadora da Academia CES - Copywriting, escrita criativa e storytelling, e com mais de 7 anos de experi\u00eancia a escrever para marcas do setor alimentar, recursos humanos, banc\u00e1rio, animal, autom\u00f3vel, sa\u00fade e tantos outros, acredita que o segredo est\u00e1 em dizer muito, com poucas palavras (exceto quando h\u00e1 espa\u00e7o para um bom par\u00eanteses ou met\u00e1fora). Tem forma\u00e7\u00e3o em textos otimizados para SEO, storytelling, escrita ciativa, copywriting persuasivo e marketing de conte\u00fado, marketing tur\u00edstico, (e um v\u00edcio cr\u00f3nico em aprender). \u00c9 parceira da Factorial no mercado portugu\u00eas e, por aqui, quer escrever conte\u00fados que n\u00e3o adorme\u00e7am ningu\u00e9m, tragam solu\u00e7\u00f5es pr\u00e1ticas para quem trabalha com pessoas e fa\u00e7am as equipas pensar, rir e trabalhar melhor. \u00c9 apologista de que devemos partilhar conhecimento, hist\u00f3rias, experi\u00eancias (e bolos de chocolate, sempre!).","sameAs":["http:\/\/nadiaventura.pt","https:\/\/www.instagram.com\/nadiaventura.copywriter\/","https:\/\/www.linkedin.com\/in\/nadiaventura\/","https:\/\/www.youtube.com\/@nadiaventura.copywriter"],"birthDate":"1997-02-11","gender":"Female","knowsLanguage":["Portuguese"],"url":"https:\/\/factorialhr.pt\/blog\/author\/nadiaventura\/"}]}},"_links":{"self":[{"href":"https:\/\/factorialhr.pt\/blog\/wp-json\/wp\/v2\/posts\/153730"}],"collection":[{"href":"https:\/\/factorialhr.pt\/blog\/wp-json\/wp\/v2\/posts"}],"about":[{"href":"https:\/\/factorialhr.pt\/blog\/wp-json\/wp\/v2\/types\/post"}],"author":[{"embeddable":true,"href":"https:\/\/factorialhr.pt\/blog\/wp-json\/wp\/v2\/users\/107"}],"replies":[{"embeddable":true,"href":"https:\/\/factorialhr.pt\/blog\/wp-json\/wp\/v2\/comments?post=153730"}],"version-history":[{"count":6,"href":"https:\/\/factorialhr.pt\/blog\/wp-json\/wp\/v2\/posts\/153730\/revisions"}],"predecessor-version":[{"id":186739,"href":"https:\/\/factorialhr.pt\/blog\/wp-json\/wp\/v2\/posts\/153730\/revisions\/186739"}],"wp:featuredmedia":[{"embeddable":true,"href":"https:\/\/factorialhr.pt\/blog\/wp-json\/wp\/v2\/media\/156398"}],"wp:attachment":[{"href":"https:\/\/factorialhr.pt\/blog\/wp-json\/wp\/v2\/media?parent=153730"}],"wp:term":[{"taxonomy":"category","embeddable":true,"href":"https:\/\/factorialhr.pt\/blog\/wp-json\/wp\/v2\/categories?post=153730"},{"taxonomy":"post_tag","embeddable":true,"href":"https:\/\/factorialhr.pt\/blog\/wp-json\/wp\/v2\/tags?post=153730"}],"curies":[{"name":"wp","href":"https:\/\/api.w.org\/{rel}","templated":true}]}}