{"id":171403,"date":"2025-10-27T19:53:43","date_gmt":"2025-10-27T17:53:43","guid":{"rendered":"https:\/\/factorialhr.com\/blog\/?p=171403"},"modified":"2026-03-24T17:17:20","modified_gmt":"2026-03-24T15:17:20","slug":"gestao-de-equipas-fabricas","status":"publish","type":"post","link":"https:\/\/factorialhr.pt\/blog\/gestao-de-equipas-fabricas\/","title":{"rendered":"Lideran\u00e7a e gest\u00e3o de equipas em f\u00e1bricas: Boas pr\u00e1ticas para aumentar a produtividade e efici\u00eancia"},"content":{"rendered":"<p>A <strong>lideran\u00e7a e gest\u00e3o de equipas em f\u00e1bricas<\/strong> exige uma abordagem pr\u00e1tica, estrat\u00e9gica e humana para liderar pessoas num ambiente de elevada de exig\u00eancia. A produtividade, seguran\u00e7a e o cumprimento de prazos s\u00e3o cruciais, a par do desafio de gerir perfis distintos, turnos rotativos e processos repetitivos em contextos de alto stress.<\/p>\n<p>Descubra, neste artigo, como<strong> liderar, organizar e gerir equipas industriais de forma eficaz.<\/strong><\/p>\n<h2>Pontos-chave<\/h2>\n<ul>\n<li><strong>Lideran\u00e7a Eficaz:<\/strong> Uma boa lideran\u00e7a e gest\u00e3o de equipas em ambiente fabril passa por inspirar, comunicar com clareza e garantir que cada pessoa compreende o seu papel no processo produtivo.<\/li>\n<li><strong>Seguran\u00e7a no Trabalho:<\/strong> Em 2025, registaram-se 130 acidentes de trabalho mortais em Portugal, refor\u00e7ando a necessidade de uma cultura de seguran\u00e7a rigorosa <a class=\"citation\" contenteditable=\"false\" href=\"https:\/\/controlsafe.pt\/acidentes-de-trabalho-matam-130-pessoas-em-2025\/\" target=\"_blank\" rel=\"noopener noreferrer\">[1]<\/a>.<\/li>\n<li><strong>Desafio da Sobrecarga:<\/strong> De acordo com o INE, mais de 40% da popula\u00e7\u00e3o empregada em Portugal era afetada pela press\u00e3o dos prazos e sobrecarga de trabalho, um desafio cr\u00edtico na ind\u00fastria <a class=\"citation\" contenteditable=\"false\" href=\"https:\/\/vertexaisearch.cloud.google.com\/grounding-api-redirect\/AUZIYQEUc_rrOYFORtMUAR3Jr1S5YdPx2IPcrEDU1307XmmSL1tVFAEXkuy-CEhdDCCObo5NYlZlcfdJpjB6gT0_EfdLbUaaWgE2vSyt5Wn1R1GWdRjVJWuaPM_QYJW7y19CoKbsdOCGWXEiKBM9zw4E-g_PmZXLQyDZ0vffVOlv7Ne-R9JR4NCY8Ws_p75TaG5sIAR74iUX5AA5UYWN3qVfGYc-qZwtVo1uW26wJJHs2w==\" target=\"_blank\" rel=\"noopener noreferrer\">[2]<\/a>.<\/li>\n<\/ul>\n<p><strong>Tabela de conte\u00fados<\/strong><\/p>\n<ul>\n<li><a href=\"#papel-lideranca\" target=\"_blank\" rel=\"noopener\">O papel da lideran\u00e7a no ambiente industrial<\/a><\/li>\n<li><a href=\"#como-organizar-equipas\" target=\"_blank\" rel=\"noopener\">Como organizar equipas industriais de forma eficiente?<\/a><\/li>\n<li><a href=\"#comunicacao\" target=\"_blank\" rel=\"noopener\">Comunica\u00e7\u00e3o como base da gest\u00e3o de equipas em f\u00e1bricas<\/a><\/li>\n<li><a href=\"#formacao-continua\" target=\"_blank\" rel=\"noopener\">Forma\u00e7\u00e3o cont\u00ednua e capacita\u00e7\u00e3o t\u00e9cnica<\/a><\/li>\n<li><a href=\"#gestao-conflitos\" target=\"_blank\" rel=\"noopener\">Gest\u00e3o de conflitos e clima organizacional<\/a><\/li>\n<li><a href=\"#indicadores-avaliacao-gestao-equipas\" target=\"_blank\" rel=\"noopener\">Indicadores para avaliar a gest\u00e3o de equipas em f\u00e1bricas<\/a><\/li>\n<li><a href=\"#factorial-gestao-equipas\" target=\"_self\" rel=\"noopener\">Como a Factorial pode apoiar a gest\u00e3o de equipas em f\u00e1bricas<\/a><\/li>\n<\/ul>\n<div class=\"factorial-banner inline-banner banner-demo category-gestao-de-talentos\"\n    data-banner-id=\"171794\"\n    data-banner-type=\"demo\"\n    data-category=\"Gest\u00e3o de Talentos\">\n    <div class=\"banner-content\">\n        <div class=\"banner-text\">\n                            <h4>Software de Gest\u00e3o de Talento<\/h4>\n            \n                            <p>Gest\u00e3o centralizada para desenvolver, motivar e reter o talento da sua equipa.<\/p>\n            \n                            <a href=\"https:\/\/factorialhr.pt\/get-started\"\n                    class=\"factorial-cta-button not-prose demo btn-brand\" data-cta=\"demo\" data-cta-position=\"inline-banner\">\n                    Experimente Gr\u00e1tis                <\/a>\n                    <\/div>\n\n        <div class=\"banner-image has-image\">\n            <img decoding=\"async\" src=\"https:\/\/factorialhr.com\/wp-content\/uploads\/2025\/10\/27190043\/Group-427319439.png\" class=\"not-prose\" \/>\n        <\/div>\n    <\/div>\n<\/div>\n<h2>O papel da lideran\u00e7a no ambiente industrial<\/h2>\n<p>Liderar equipas numa f\u00e1brica \u00e9 mais do que dar ordens. \u00c9 inspirar, comunicar com clareza e <strong>garantir que todas as pessoas colaboradoras compreendem o seu papel no processo produtivo<\/strong>. Uma lideran\u00e7a eficaz aumenta o envolvimento, melhora o clima organizacional e impacta diretamente os resultados.<\/p>\n<p>O <a href=\"https:\/\/factorialhr.pt\/blog\/lideranca-adaptativa-perfil-de-gestor\/\" target=\"_self\" rel=\"noopener\">l\u00edder industrial<\/a> deve ser algu\u00e9m com capacidade de tomar decis\u00f5es r\u00e1pidas, resolver conflitos com justi\u00e7a e manter a equipa motivada, mesmo em cen\u00e1rios de press\u00e3o. A presen\u00e7a no ch\u00e3o de f\u00e1brica \u00e9 essencial para criar <strong>proximidade, dar feedback em tempo real e refor\u00e7ar boas pr\u00e1ticas<\/strong>. Al\u00e9m disso, um bom l\u00edder atua como elo entre os objetivos estrat\u00e9gicos da empresa e a execu\u00e7\u00e3o pr\u00e1tica das tarefas di\u00e1rias.<\/p>\n<h2>Como organizar equipas industriais de forma eficiente?<\/h2>\n<p>Organizar equipas numa f\u00e1brica envolve distribuir tarefas de forma equilibrada, respeitar a rota\u00e7\u00e3o de turnos, garantir a polival\u00eancia dos colaboradores e manter uma comunica\u00e7\u00e3o constante. Essa organiza\u00e7\u00e3o deve estar <strong>alinhada com os objetivos de produ\u00e7\u00e3o<\/strong>, a capacidade das m\u00e1quinas e a disponibilidade de recursos humanos.<\/p>\n<p>Um bom ponto de partida \u00e9 mapear as compet\u00eancias t\u00e9cnicas dos colaboradores e aloc\u00e1-los conforme as exig\u00eancias da linha de produ\u00e7\u00e3o. Tamb\u00e9m \u00e9 importante <strong>garantir que a rota\u00e7\u00e3o de fun\u00e7\u00f5es ocorra de forma equilibrada,<\/strong> evitando sobrecarga f\u00edsica e mental, e promovendo a motiva\u00e7\u00e3o e o desenvolvimento individual.<\/p>\n<p>A tecnologia desempenha aqui um papel fundamental. A <strong>utiliza\u00e7\u00e3o de um software de RH, como o da Factorial<\/strong>, permite automatizar a gest\u00e3o de turnos, controlar as horas trabalhadas e garantir a conformidade legal, <strong>libertando os l\u00edderes para se focarem no apoio \u00e0s suas equipas.<\/strong><\/p>\n<p>Ferramentas digitais de planeamento e <a href=\"https:\/\/factorialhr.pt\/blog\/turnos-industriais-horarios\/\" target=\"_self\" rel=\"noopener\">gest\u00e3o de turnos<\/a> ajudam a visualizar as necessidades da opera\u00e7\u00e3o, distribuir recursos com efici\u00eancia e evitar sobreposi\u00e7\u00f5es ou lacunas. A clareza nos pap\u00e9is de cada elemento da equipa \u00e9 fundamental para evitar falhas, atrasos e retrabalho.<\/p>\n<h2>Comunica\u00e7\u00e3o como base da gest\u00e3o de equipas em f\u00e1bricas<\/h2>\n<p>A comunica\u00e7\u00e3o \u00e9 a espinha dorsal da gest\u00e3o de equipas em f\u00e1bricas. Canais de comunica\u00e7\u00e3o claros e eficazes s\u00e3o vitais, pois num ambiente industrial, onde a precis\u00e3o, a seguran\u00e7a e o seguran\u00e7a s\u00e3o fundamentais, uma simples falha de comunica\u00e7\u00e3o pode originar erros operacionais, acidentes e atrasos significativos. Uma comunica\u00e7\u00e3o deficiente tende a aumentar os n\u00edveis de stress e a reduzir a confian\u00e7a no trabalho.<\/p>\n<p>\u00c9 essencial garantir que todos os membros da equipa, independentemente do turno, fun\u00e7\u00e3o ou antiguidade, tenham acesso \u00e0 mesma informa\u00e7\u00e3o, no momento certo. Para isso, \u00e9 recomend\u00e1vel adotar pr\u00e1ticas como:<\/p>\n<ul>\n<li><strong><em>Briefings<\/em> di\u00e1rios ou por turno,<\/strong> com atualiza\u00e7\u00e3o de prioridades, metas e pontos cr\u00edticos do dia;<\/li>\n<li><strong>Quadros de comunica\u00e7\u00e3o visual,<\/strong> com indicadores de desempenho, alertas de seguran\u00e7a e instru\u00e7\u00f5es operacionais;<\/li>\n<li><a href=\"https:\/\/factorialhr.pt\/blog\/cultura-de-feedback\/\" target=\"_self\" rel=\"noopener\"><strong><em>Feedback<\/em> cont\u00ednuo<\/strong><\/a>, tanto positivo como corretivo, feito com clareza e respeito;<\/li>\n<li><strong>Forma\u00e7\u00e3o em comunica\u00e7\u00e3o interna<\/strong>, para l\u00edderes de equipa e supervisores.<\/li>\n<\/ul>\n<p>Al\u00e9m disso, a escuta ativa deve fazer parte da cultura da organiza\u00e7\u00e3o. Criar espa\u00e7os onde os colaboradores se sintam \u00e0 vontade para partilhar preocupa\u00e7\u00f5es ou sugest\u00f5es pode melhorar significativamente o clima organizacional e antecipar problemas antes que se agravem.<\/p>\n<p>Num cen\u00e1rio onde muitos colaboradores podem n\u00e3o ter acesso constante ao e-mail ou ferramentas digitais, \u00e9 tamb\u00e9m importante adaptar os meios de comunica\u00e7\u00e3o \u00e0 realidade do ch\u00e3o de f\u00e1brica privilegiando canais acess\u00edveis e presenciais.<\/p>\n<p>Em resumo, uma boa comunica\u00e7\u00e3o interna refor\u00e7a a confian\u00e7a, reduz erros e aumenta o sentimento de perten\u00e7a, pilares essenciais para o sucesso da gest\u00e3o de equipas em f\u00e1bricas.<\/p>\n<p><a href=\"https:\/\/factorialhr.pt\/blog\/pagamento-das-horas-extra-dos-trabalhadores-da-construcao\/pexels-fauxels-3184432-1-1-6\/\" target=\"_self\" rel=\"noopener\"><img decoding=\"async\" src=\"https:\/\/factorialhr.pt\/wp-content\/uploads\/2023\/09\/22180002\/pexels-fauxels-3184432-1-1-3.png\" sizes=\"(max-width: 1112px) 100vw, 1112px\" srcset=\"https:\/\/factorialhr.pt\/wp-content\/uploads\/2023\/09\/22180002\/pexels-fauxels-3184432-1-1-3.png 1112w, https:\/\/factorialhr.pt\/wp-content\/uploads\/2023\/09\/22180002\/pexels-fauxels-3184432-1-1-3-300x169.png 300w, https:\/\/factorialhr.pt\/wp-content\/uploads\/2023\/09\/22180002\/pexels-fauxels-3184432-1-1-3-1024x576.png 1024w, https:\/\/factorialhr.pt\/wp-content\/uploads\/2023\/09\/22180002\/pexels-fauxels-3184432-1-1-3-768x432.png 768w, https:\/\/factorialhr.pt\/wp-content\/uploads\/2023\/09\/22180002\/pexels-fauxels-3184432-1-1-3-688x388.png 688w\" alt=\"Alinhamento da comunica\u00e7\u00e3o\" width=\"1112\" height=\"625\" \/><\/a><\/p>\n<h2>Forma\u00e7\u00e3o cont\u00ednua e capacita\u00e7\u00e3o t\u00e9cnica<\/h2>\n<p>A <a href=\"https:\/\/factorialhr.pt\/blog\/formacao-trabalhadores-industriais\/\" target=\"_self\" rel=\"noopener\">forma\u00e7\u00e3o<\/a> \u00e9 um dos pilares da gest\u00e3o de equipas em f\u00e1bricas. Num setor onde a efici\u00eancia depende da execu\u00e7\u00e3o precisa de tarefas t\u00e9cnicas, garantir que todos est\u00e3o bem preparados \u00e9 indispens\u00e1vel para a seguran\u00e7a e a qualidade da produ\u00e7\u00e3o.<\/p>\n<p>A forma\u00e7\u00e3o deve abranger aspetos t\u00e9cnicos, como opera\u00e7\u00e3o de m\u00e1quinas, seguran\u00e7a e normas de qualidade, e tamb\u00e9m <em>soft skills<\/em>, como trabalho em equipa, comunica\u00e7\u00e3o e gest\u00e3o de tempo.<\/p>\n<p>O desenvolvimento de compet\u00eancias de literacia em IA est\u00e1 a tornar-se cada vez mais relevante, devendo estender-se a todos os n\u00edveis da organiza\u00e7\u00e3o, incluindo o ch\u00e3o de f\u00e1brica. Esta aposta na requalifica\u00e7\u00e3o \u00e9 fundamental para preparar a for\u00e7a de trabalho para as exig\u00eancias da Ind\u00fastria 4.0 <a class=\"citation\" contenteditable=\"false\" href=\"https:\/\/hrportugal.sapo.pt\/quase-90-dos-empregadores-do-sector-aeroespacial-e-de-defesa-em-portugal-tem-dificuldades-no-recrutamento-de-talento-especializado\/\" target=\"_blank\" rel=\"noopener noreferrer\">[3]<\/a>.<\/p>\n<p>Investir na capacita\u00e7\u00e3o aumenta a autonomia dos colaboradores, reduz erros operacionais, fortalece o engagement e promove o desenvolvimento interno de talentos. Empresas que apostam na aprendizagem cont\u00ednua reduzem o turnover e ganham vantagem competitiva a m\u00e9dio e longo prazo.<\/p>\n<h2>Gest\u00e3o de conflitos e clima organizacional<\/h2>\n<p>Num ambiente com ritmos acelerados e exig\u00eancias f\u00edsicas, \u00e9 natural que surjam tens\u00f5es entre membros da equipa. Ter um plano claro de gest\u00e3o de conflitos evita que pequenas situa\u00e7\u00f5es escalem e prejudiquem o desempenho coletivo.<\/p>\n<p>O gestor deve atuar como mediador, ouvir todas as partes envolvidas, manter a imparcialidade e promover solu\u00e7\u00f5es construtivas. A comunica\u00e7\u00e3o n\u00e3o violenta e o respeito pelas diferen\u00e7as s\u00e3o compet\u00eancias-chave para o sucesso nesta \u00e1rea.<\/p>\n<p>Al\u00e9m disso, \u00e9 fundamental manter um bom clima organizacional atrav\u00e9s do reconhecimento do trabalho bem feito, de a\u00e7\u00f5es motivacionais e de escuta ativa. Uma equipa bem liderada e valorizada tende a apresentar n\u00edveis superiores de produtividade e colabora\u00e7\u00e3o.<\/p>\n<h2>Indicadores para avaliar a gest\u00e3o de equipas em f\u00e1bricas<\/h2>\n<p>Avaliar a efic\u00e1cia da gest\u00e3o de equipas em f\u00e1bricas passa pela <a href=\"https:\/\/factorialhr.pt\/blog\/okrs-na-industria-fabril-o-que-sao-e-como-medir\/\" target=\"_self\" rel=\"noopener\">an\u00e1lise de OKRs,<\/a> indicadores objetivos e comportamentais. Entre os principais, destacam-se:<\/p>\n<ul>\n<li><strong>Taxa de produtividade por pessoa colaboradora:<\/strong> mede o <em>output<\/em> individual e a efici\u00eancia operacional.<\/li>\n<li><strong>Aus\u00eancias e rotatividade:<\/strong> ajudam a identificar a insatisfa\u00e7\u00e3o ou sobrecarga de trabalho.<\/li>\n<li><strong>Incidentes de seguran\u00e7a:<\/strong> monitorizam o cumprimento de normas e pr\u00e1ticas seguras.<\/li>\n<li><strong>N\u00edvel de cumprimento de metas:<\/strong> avalia o alinhamento da equipa com os objetivos.<\/li>\n<li><strong><em>Feedbacks<\/em> de <a href=\"https:\/\/factorialhr.pt\/blog\/desempenho-em-fabricas\/\" target=\"_self\" rel=\"noopener\">avalia\u00e7\u00e3o de desempenho<\/a>:<\/strong> revelam perce\u00e7\u00f5es internas sobre a lideran\u00e7a e o trabalho em equipa.<\/li>\n<li><strong>Participa\u00e7\u00e3o em forma\u00e7\u00f5es:<\/strong> indica o empenho na capacita\u00e7\u00e3o cont\u00ednua.<\/li>\n<\/ul>\n<p>Estes dados ajudam a tomar decis\u00f5es baseadas em evid\u00eancia e a implementar melhorias cont\u00ednuas de forma estruturada.<\/p>\n<h3>Diferen\u00e7a entre Lideran\u00e7a e Chefia no Ch\u00e3o de F\u00e1brica<\/h3>\n<p>\u00c9 importante distinguir entre &#8216;chefiar&#8217; e &#8216;liderar&#8217;. A chefia foca-se na gest\u00e3o de tarefas, no controlo de processos e na garantia do cumprimento de ordens. O l\u00edder, por outro lado, inspira, motiva e desenvolve o potencial da sua equipa. Num ambiente fabril, ambos os pap\u00e9is s\u00e3o necess\u00e1rios, mas uma lideran\u00e7a transformacional, que capacita o pessoal e o alinha com uma vis\u00e3o de futuro, \u00e9 o que realmente impulsiona a excel\u00eancia operacional e a inova\u00e7\u00e3o.<\/p>\n<h2>Como a Factorial pode apoiar a gest\u00e3o de equipas em f\u00e1bricas<\/h2>\n<p>A <strong>Factorial<\/strong> oferece uma plataforma integrada que responde a todas as necessidades da gest\u00e3o de equipas em f\u00e1bricas, desde o planeamento de turnos, \u00e0 gest\u00e3o de presen\u00e7as, aus\u00eancias, desempenho e forma\u00e7\u00e3o.<\/p>\n<p>Com funcionalidades como:<\/p>\n<ul>\n<li><strong><a href=\"https:\/\/factorialhr.pt\/relogio-ponto\" target=\"_self\" rel=\"noopener\">Registo de ponto digital<\/a> <\/strong>(ideal para f\u00e1bricas com m\u00faltiplos turnos e equipas rotativas).<\/li>\n<li><strong>Gest\u00e3o de turnos automatizada<\/strong> (com alertas para sobreposi\u00e7\u00e3o e horas extra).<\/li>\n<li><strong><a href=\"https:\/\/factorialhr.pt\/avaliacao-e-desempenho\" target=\"_self\" rel=\"noopener\">Avalia\u00e7\u00e3o de desempenho<\/a> <\/strong>personaliz\u00e1vel (adaptada \u00e0 realidade industrial).<\/li>\n<li><strong>Gest\u00e3o de forma\u00e7\u00e3o com registo<\/strong> de hist\u00f3rico e certifica\u00e7\u00f5es.<\/li>\n<li><strong>Relat\u00f3rios completos<\/strong> com dados em tempo real para decis\u00f5es informadas.<\/li>\n<\/ul>\n<p>os profissionais de produ\u00e7\u00e3o conseguem otimizar o seu tempo, reduzir erros administrativos e melhorar a performance da equipa com base em dados concretos, respondendo aos desafios de gest\u00e3o de pessoas identificados para 2025 e anos seguintes.<\/p>\n<p>Gerir equipas industriais com efic\u00e1cia vai muito al\u00e9m de garantir que cada profissional cumpre o seu turno. Envolve lideran\u00e7a humana, organiza\u00e7\u00e3o estrat\u00e9gica, comunica\u00e7\u00e3o clara, forma\u00e7\u00e3o cont\u00ednua e o uso da tecnologia certa.<\/p>\n<p><strong>\ud83d\ude80 Ganhe mais controlo, motiva\u00e7\u00e3o e produtividade na gest\u00e3o de equipas em f\u00e1bricas. <a href=\"https:\/\/factorialhr.pt\/solicitar-demonstracao\" target=\"_self\" rel=\"noopener\">Solicite uma demonstra\u00e7\u00e3o gr\u00e1tis.<\/a><\/strong><\/p>\n<div>\n<div class=\"factorial-banner inline-banner banner-demo category-gestao-de-talentos\"\n    data-banner-id=\"171813\"\n    data-banner-type=\"demo\"\n    data-category=\"Gest\u00e3o de Talentos\">\n    <div class=\"banner-content\">\n        <div class=\"banner-text\">\n                            <h4>Factorial: A solu\u00e7\u00e3o centrada nas pessoas<\/h4>\n            \n                            <p>Tempo, Talento e Finan\u00e7as: tudo na mesma plataforma para simplificar a gest\u00e3o.<\/p>\n            \n                            <a href=\"https:\/\/factorialhr.pt\/get-started\"\n                    class=\"factorial-cta-button not-prose demo btn-brand\" data-cta=\"demo\" data-cta-position=\"inline-banner\">\n                    Experimente Gr\u00e1tis                <\/a>\n                    <\/div>\n\n        <div class=\"banner-image has-image\">\n            <img decoding=\"async\" src=\"https:\/\/factorialhr.com\/wp-content\/uploads\/2025\/04\/13182510\/blog_thumbnail_fact-2.jpg\" class=\"not-prose\" \/>\n        <\/div>\n    <\/div>\n<\/div>\n<\/div>\n<div>\n<h4>Foque menos em processos e mais em pessoas<\/h4>\n<ul>\n<li>Conecte processos, tempo, talento e finan\u00e7as em uma \u00fanica plataforma.<\/li>\n<li>Automatize tarefas administrativas para economizar tempo e dinheiro.<\/li>\n<li>Tenha relat\u00f3rios e gr\u00e1ficos, para tomar decis\u00f5es com base em dados.<\/li>\n<\/ul>\n<p><a href=\"https:\/\/factorialhr.pt\/get-started\" target=\"_self\" rel=\"noopener\">Experimente Gr\u00e1tis<\/a><\/p>\n<p><img decoding=\"async\" src=\"https:\/\/factorialhr.pt\/wp-content\/uploads\/2025\/04\/03120733\/dashboard-pt.webp\" alt=\"Get a Demo\" \/><\/p>\n<\/div>\n<h2>FAQ<\/h2>\n<h3>Como fazer uma boa gest\u00e3o de equipas?<\/h3>\n<p>Uma boa gest\u00e3o de equipas exige uma lideran\u00e7a inspiradora, comunica\u00e7\u00e3o clara e forma\u00e7\u00e3o cont\u00ednua. \u00c9 fundamental organizar tarefas de forma equilibrada, gerir conflitos de modo construtivo e utilizar ferramentas digitais para otimizar processos como a gest\u00e3o de turnos e a avalia\u00e7\u00e3o de desempenho.<\/p>\n<h3>Qual a diferen\u00e7a entre l\u00edder e gestor?<\/h3>\n<p>Um gestor foca-se na organiza\u00e7\u00e3o de tarefas, processos e recursos para atingir objetivos. Um l\u00edder, por outro lado, inspira e motiva a equipa, comunicando uma vis\u00e3o clara e garantindo o envolvimento de todos para alcan\u00e7ar o sucesso coletivo e o desenvolvimento pessoal.<\/p>\n<h3>Quais s\u00e3o os principais desafios na gest\u00e3o de equipas em f\u00e1bricas?<\/h3>\n<p>Os principais desafios incluem gerir turnos rotativos, lidar com processos repetitivos e manter a equipa motivada em ambientes de alta press\u00e3o. Garantir a seguran\u00e7a, a produtividade e a comunica\u00e7\u00e3o eficaz entre diferentes turnos s\u00e3o tamb\u00e9m obst\u00e1culos constantes no ambiente industrial.<\/p>\n<h3>Como organizar equipas industriais de forma eficiente?<\/h3>\n<p>Para organizar equipas industriais de forma eficiente, \u00e9 essencial distribuir tarefas equilibradamente, mapear compet\u00eancias e garantir a polival\u00eancia dos colaboradores. A utiliza\u00e7\u00e3o de um software como a Factorial ajuda a automatizar a gest\u00e3o de turnos, otimizar recursos e manter a comunica\u00e7\u00e3o alinhada.<\/p>\n<h3>Quais s\u00e3o os melhores indicadores para avaliar a gest\u00e3o de equipas?<\/h3>\n<p>Os melhores indicadores incluem a taxa de produtividade, os n\u00edveis de absentismo e rotatividade, o n\u00famero de incidentes de seguran\u00e7a e o cumprimento de metas. Analisar os resultados das avalia\u00e7\u00f5es de desempenho e a participa\u00e7\u00e3o em forma\u00e7\u00f5es tamb\u00e9m \u00e9 crucial para uma avalia\u00e7\u00e3o completa.<\/p>\n","protected":false},"excerpt":{"rendered":"<p>A lideran\u00e7a e gest\u00e3o de equipas em f\u00e1bricas exige uma abordagem pr\u00e1tica, estrat\u00e9gica e humana para liderar pessoas num ambiente de elevada de exig\u00eancia. A produtividade, seguran\u00e7a e o cumprimento de prazos s\u00e3o cruciais, a par do desafio de gerir perfis distintos, turnos rotativos e processos repetitivos em contextos de alto stress. Descubra, neste artigo,<a href=\"https:\/\/factorialhr.pt\/blog\/gestao-de-equipas-fabricas\/\" class=\"read-more\"> [&#8230;]<\/a><\/p>\n","protected":false},"author":107,"featured_media":171811,"comment_status":"closed","ping_status":"closed","sticky":false,"template":"","format":"standard","meta":{"_acf_changed":false,"footnotes":""},"categories":[398,996],"tags":[],"class_list":["post-171403","post","type-post","status-publish","format-standard","has-post-thumbnail","hentry","category-gestao-de-talentos","category-insights-de-lideranca-pt-pt"],"acf":{"topics":"talent"},"yoast_head":"<!-- This site is optimized with the Yoast SEO Premium plugin v21.5 (Yoast SEO v21.9.1) - https:\/\/yoast.com\/wordpress\/plugins\/seo\/ -->\n<title>Gest\u00e3o de Equipas em F\u00e1bricas: Estrat\u00e9gias de Lideran\u00e7a<\/title>\n<meta name=\"description\" content=\"F\u00e1bricas mal organizadas perdem produtividade. Saiba como melhorar a gest\u00e3o de equipas em f\u00e1bricas com lideran\u00e7a, turnos bem planeados.\" \/>\n<meta name=\"robots\" content=\"index, follow, max-snippet:-1, max-image-preview:large, max-video-preview:-1\" \/>\n<link rel=\"canonical\" href=\"https:\/\/factorialhr.pt\/blog\/gestao-de-equipas-fabricas\/\" \/>\n<meta property=\"og:locale\" content=\"pt_PT\" \/>\n<meta property=\"og:type\" content=\"article\" \/>\n<meta property=\"og:title\" content=\"Lideran\u00e7a e gest\u00e3o de equipas em f\u00e1bricas: Boas pr\u00e1ticas para aumentar a produtividade e efici\u00eancia\" \/>\n<meta property=\"og:description\" content=\"F\u00e1bricas mal organizadas perdem produtividade. Saiba como melhorar a gest\u00e3o de equipas em f\u00e1bricas com lideran\u00e7a, turnos bem planeados.\" \/>\n<meta property=\"og:url\" content=\"https:\/\/factorialhr.pt\/blog\/gestao-de-equipas-fabricas\/\" \/>\n<meta property=\"og:site_name\" content=\"Factorial\" \/>\n<meta property=\"article:publisher\" content=\"https:\/\/www.facebook.com\/people\/Factorial\/100064908455810\/\" \/>\n<meta property=\"article:published_time\" content=\"2025-10-27T17:53:43+00:00\" \/>\n<meta property=\"article:modified_time\" content=\"2026-03-24T15:17:20+00:00\" \/>\n<meta property=\"og:image\" content=\"https:\/\/factorialhr.pt\/wp-content\/uploads\/2025\/10\/27195305\/blog_thumbnail_fact-2-1-scaled.jpg\" \/>\n\t<meta property=\"og:image:width\" content=\"2560\" \/>\n\t<meta property=\"og:image:height\" content=\"1440\" \/>\n\t<meta property=\"og:image:type\" content=\"image\/jpeg\" \/>\n<meta name=\"author\" content=\"N\u00e1dia Ventura\" \/>\n<meta name=\"twitter:card\" content=\"summary_large_image\" \/>\n<meta name=\"twitter:creator\" content=\"@factorialapp\" \/>\n<meta name=\"twitter:site\" content=\"@factorialapp\" \/>\n<meta name=\"twitter:label1\" content=\"Written by\" \/>\n\t<meta name=\"twitter:data1\" content=\"N\u00e1dia Ventura\" \/>\n\t<meta name=\"twitter:label2\" content=\"Est. reading time\" \/>\n\t<meta name=\"twitter:data2\" content=\"9 minutos\" \/>\n<script type=\"application\/ld+json\" class=\"yoast-schema-graph\">{\"@context\":\"https:\/\/schema.org\",\"@graph\":[{\"@type\":\"Article\",\"@id\":\"https:\/\/factorialhr.pt\/blog\/gestao-de-equipas-fabricas\/#article\",\"isPartOf\":{\"@id\":\"https:\/\/factorialhr.pt\/blog\/gestao-de-equipas-fabricas\/\"},\"author\":{\"name\":\"N\u00e1dia Ventura\",\"@id\":\"https:\/\/factorialhr.pt\/blog\/#\/schema\/person\/df58ad1d710ca5110dfe568e657dfd10\"},\"headline\":\"Lideran\u00e7a e gest\u00e3o de equipas em f\u00e1bricas: Boas pr\u00e1ticas para aumentar a produtividade e efici\u00eancia\",\"datePublished\":\"2025-10-27T17:53:43+00:00\",\"dateModified\":\"2026-03-24T15:17:20+00:00\",\"mainEntityOfPage\":{\"@id\":\"https:\/\/factorialhr.pt\/blog\/gestao-de-equipas-fabricas\/\"},\"wordCount\":2001,\"publisher\":{\"@id\":\"https:\/\/factorialhr.pt\/blog\/#organization\"},\"articleSection\":[\"Gest\u00e3o de Talentos\",\"Insights de lideran\u00e7a\"],\"inLanguage\":\"pt-PT\"},{\"@type\":\"WebPage\",\"@id\":\"https:\/\/factorialhr.pt\/blog\/gestao-de-equipas-fabricas\/\",\"url\":\"https:\/\/factorialhr.pt\/blog\/gestao-de-equipas-fabricas\/\",\"name\":\"Gest\u00e3o de Equipas em F\u00e1bricas: Estrat\u00e9gias de Lideran\u00e7a\",\"isPartOf\":{\"@id\":\"https:\/\/factorialhr.pt\/blog\/#website\"},\"datePublished\":\"2025-10-27T17:53:43+00:00\",\"dateModified\":\"2026-03-24T15:17:20+00:00\",\"description\":\"F\u00e1bricas mal organizadas perdem produtividade. Saiba como melhorar a gest\u00e3o de equipas em f\u00e1bricas com lideran\u00e7a, turnos bem planeados.\",\"inLanguage\":\"pt-PT\",\"potentialAction\":[{\"@type\":\"ReadAction\",\"target\":[\"https:\/\/factorialhr.pt\/blog\/gestao-de-equipas-fabricas\/\"]}]},{\"@type\":\"WebSite\",\"@id\":\"https:\/\/factorialhr.pt\/blog\/#website\",\"url\":\"https:\/\/factorialhr.pt\/blog\/\",\"name\":\"Factorial\",\"description\":\"\",\"publisher\":{\"@id\":\"https:\/\/factorialhr.pt\/blog\/#organization\"},\"potentialAction\":[{\"@type\":\"SearchAction\",\"target\":{\"@type\":\"EntryPoint\",\"urlTemplate\":\"https:\/\/factorialhr.pt\/blog\/?s={search_term_string}\"},\"query-input\":\"required name=search_term_string\"}],\"inLanguage\":\"pt-PT\"},{\"@type\":\"Organization\",\"@id\":\"https:\/\/factorialhr.pt\/blog\/#organization\",\"name\":\"All-in-one business management software - Factorial\",\"url\":\"https:\/\/factorialhr.pt\/blog\/\",\"logo\":{\"@type\":\"ImageObject\",\"inLanguage\":\"pt-PT\",\"@id\":\"https:\/\/factorialhr.pt\/blog\/#\/schema\/logo\/image\/\",\"url\":\"https:\/\/factorialhr.pt\/wp-content\/uploads\/2023\/07\/18155144\/factorial-logo.png\",\"contentUrl\":\"https:\/\/factorialhr.pt\/wp-content\/uploads\/2023\/07\/18155144\/factorial-logo.png\",\"width\":946,\"height\":880,\"caption\":\"All-in-one business management software - Factorial\"},\"image\":{\"@id\":\"https:\/\/factorialhr.pt\/blog\/#\/schema\/logo\/image\/\"},\"sameAs\":[\"https:\/\/www.facebook.com\/people\/Factorial\/100064908455810\/\",\"https:\/\/twitter.com\/factorialapp\",\"https:\/\/www.linkedin.com\/company\/factorialhr\",\"https:\/\/www.youtube.com\/@factorialmedia\",\"https:\/\/www.instagram.com\/factorial\/#\"]},{\"@type\":\"Person\",\"@id\":\"https:\/\/factorialhr.pt\/blog\/#\/schema\/person\/df58ad1d710ca5110dfe568e657dfd10\",\"name\":\"N\u00e1dia Ventura\",\"image\":{\"@type\":\"ImageObject\",\"inLanguage\":\"pt-PT\",\"@id\":\"https:\/\/factorialhr.pt\/blog\/#\/schema\/person\/image\/\",\"url\":\"https:\/\/secure.gravatar.com\/avatar\/5b9e9f3901aed6b7b6b4db81f034a409?s=96&d=identicon&r=g\",\"contentUrl\":\"https:\/\/secure.gravatar.com\/avatar\/5b9e9f3901aed6b7b6b4db81f034a409?s=96&d=identicon&r=g\",\"caption\":\"N\u00e1dia Ventura\"},\"description\":\"A N\u00e1dia Ventura escreve desde que aprendeu a juntar s\u00edlabas. Hoje, \u00e9 copywriter e content writer e entusiasta da escrita com prop\u00f3sito: aquela que informa, entret\u00e9m, vende e ainda arranca um sorriso de quem l\u00ea. Fundadora da Academia CES - Copywriting, escrita criativa e storytelling, e com mais de 7 anos de experi\u00eancia a escrever para marcas do setor alimentar, recursos humanos, banc\u00e1rio, animal, autom\u00f3vel, sa\u00fade e tantos outros, acredita que o segredo est\u00e1 em dizer muito, com poucas palavras (exceto quando h\u00e1 espa\u00e7o para um bom par\u00eanteses ou met\u00e1fora). Tem forma\u00e7\u00e3o em textos otimizados para SEO, storytelling, escrita ciativa, copywriting persuasivo e marketing de conte\u00fado, marketing tur\u00edstico, (e um v\u00edcio cr\u00f3nico em aprender). \u00c9 parceira da Factorial no mercado portugu\u00eas e, por aqui, quer escrever conte\u00fados que n\u00e3o adorme\u00e7am ningu\u00e9m, tragam solu\u00e7\u00f5es pr\u00e1ticas para quem trabalha com pessoas e fa\u00e7am as equipas pensar, rir e trabalhar melhor. \u00c9 apologista de que devemos partilhar conhecimento, hist\u00f3rias, experi\u00eancias (e bolos de chocolate, sempre!).\",\"sameAs\":[\"http:\/\/nadiaventura.pt\",\"https:\/\/www.instagram.com\/nadiaventura.copywriter\/\",\"https:\/\/www.linkedin.com\/in\/nadiaventura\/\",\"https:\/\/www.youtube.com\/@nadiaventura.copywriter\"],\"birthDate\":\"1997-02-11\",\"gender\":\"Female\",\"knowsLanguage\":[\"Portuguese\"],\"url\":\"https:\/\/factorialhr.pt\/blog\/author\/nadiaventura\/\"}]}<\/script>\n<!-- \/ Yoast SEO Premium plugin. -->","yoast_head_json":{"title":"Gest\u00e3o de Equipas em F\u00e1bricas: Estrat\u00e9gias de Lideran\u00e7a","description":"F\u00e1bricas mal organizadas perdem produtividade. Saiba como melhorar a gest\u00e3o de equipas em f\u00e1bricas com lideran\u00e7a, turnos bem planeados.","robots":{"index":"index","follow":"follow","max-snippet":"max-snippet:-1","max-image-preview":"max-image-preview:large","max-video-preview":"max-video-preview:-1"},"canonical":"https:\/\/factorialhr.pt\/blog\/gestao-de-equipas-fabricas\/","og_locale":"pt_PT","og_type":"article","og_title":"Lideran\u00e7a e gest\u00e3o de equipas em f\u00e1bricas: Boas pr\u00e1ticas para aumentar a produtividade e efici\u00eancia","og_description":"F\u00e1bricas mal organizadas perdem produtividade. Saiba como melhorar a gest\u00e3o de equipas em f\u00e1bricas com lideran\u00e7a, turnos bem planeados.","og_url":"https:\/\/factorialhr.pt\/blog\/gestao-de-equipas-fabricas\/","og_site_name":"Factorial","article_publisher":"https:\/\/www.facebook.com\/people\/Factorial\/100064908455810\/","article_published_time":"2025-10-27T17:53:43+00:00","article_modified_time":"2026-03-24T15:17:20+00:00","og_image":[{"width":2560,"height":1440,"url":"https:\/\/factorialhr.pt\/wp-content\/uploads\/2025\/10\/27195305\/blog_thumbnail_fact-2-1-scaled.jpg","type":"image\/jpeg"}],"author":"N\u00e1dia Ventura","twitter_card":"summary_large_image","twitter_creator":"@factorialapp","twitter_site":"@factorialapp","twitter_misc":{"Written by":"N\u00e1dia Ventura","Est. reading time":"9 minutos"},"schema":{"@context":"https:\/\/schema.org","@graph":[{"@type":"Article","@id":"https:\/\/factorialhr.pt\/blog\/gestao-de-equipas-fabricas\/#article","isPartOf":{"@id":"https:\/\/factorialhr.pt\/blog\/gestao-de-equipas-fabricas\/"},"author":{"name":"N\u00e1dia Ventura","@id":"https:\/\/factorialhr.pt\/blog\/#\/schema\/person\/df58ad1d710ca5110dfe568e657dfd10"},"headline":"Lideran\u00e7a e gest\u00e3o de equipas em f\u00e1bricas: Boas pr\u00e1ticas para aumentar a produtividade e efici\u00eancia","datePublished":"2025-10-27T17:53:43+00:00","dateModified":"2026-03-24T15:17:20+00:00","mainEntityOfPage":{"@id":"https:\/\/factorialhr.pt\/blog\/gestao-de-equipas-fabricas\/"},"wordCount":2001,"publisher":{"@id":"https:\/\/factorialhr.pt\/blog\/#organization"},"articleSection":["Gest\u00e3o de Talentos","Insights de lideran\u00e7a"],"inLanguage":"pt-PT"},{"@type":"WebPage","@id":"https:\/\/factorialhr.pt\/blog\/gestao-de-equipas-fabricas\/","url":"https:\/\/factorialhr.pt\/blog\/gestao-de-equipas-fabricas\/","name":"Gest\u00e3o de Equipas em F\u00e1bricas: Estrat\u00e9gias de Lideran\u00e7a","isPartOf":{"@id":"https:\/\/factorialhr.pt\/blog\/#website"},"datePublished":"2025-10-27T17:53:43+00:00","dateModified":"2026-03-24T15:17:20+00:00","description":"F\u00e1bricas mal organizadas perdem produtividade. Saiba como melhorar a gest\u00e3o de equipas em f\u00e1bricas com lideran\u00e7a, turnos bem planeados.","inLanguage":"pt-PT","potentialAction":[{"@type":"ReadAction","target":["https:\/\/factorialhr.pt\/blog\/gestao-de-equipas-fabricas\/"]}]},{"@type":"WebSite","@id":"https:\/\/factorialhr.pt\/blog\/#website","url":"https:\/\/factorialhr.pt\/blog\/","name":"Factorial","description":"","publisher":{"@id":"https:\/\/factorialhr.pt\/blog\/#organization"},"potentialAction":[{"@type":"SearchAction","target":{"@type":"EntryPoint","urlTemplate":"https:\/\/factorialhr.pt\/blog\/?s={search_term_string}"},"query-input":"required name=search_term_string"}],"inLanguage":"pt-PT"},{"@type":"Organization","@id":"https:\/\/factorialhr.pt\/blog\/#organization","name":"All-in-one business management software - Factorial","url":"https:\/\/factorialhr.pt\/blog\/","logo":{"@type":"ImageObject","inLanguage":"pt-PT","@id":"https:\/\/factorialhr.pt\/blog\/#\/schema\/logo\/image\/","url":"https:\/\/factorialhr.pt\/wp-content\/uploads\/2023\/07\/18155144\/factorial-logo.png","contentUrl":"https:\/\/factorialhr.pt\/wp-content\/uploads\/2023\/07\/18155144\/factorial-logo.png","width":946,"height":880,"caption":"All-in-one business management software - Factorial"},"image":{"@id":"https:\/\/factorialhr.pt\/blog\/#\/schema\/logo\/image\/"},"sameAs":["https:\/\/www.facebook.com\/people\/Factorial\/100064908455810\/","https:\/\/twitter.com\/factorialapp","https:\/\/www.linkedin.com\/company\/factorialhr","https:\/\/www.youtube.com\/@factorialmedia","https:\/\/www.instagram.com\/factorial\/#"]},{"@type":"Person","@id":"https:\/\/factorialhr.pt\/blog\/#\/schema\/person\/df58ad1d710ca5110dfe568e657dfd10","name":"N\u00e1dia Ventura","image":{"@type":"ImageObject","inLanguage":"pt-PT","@id":"https:\/\/factorialhr.pt\/blog\/#\/schema\/person\/image\/","url":"https:\/\/secure.gravatar.com\/avatar\/5b9e9f3901aed6b7b6b4db81f034a409?s=96&d=identicon&r=g","contentUrl":"https:\/\/secure.gravatar.com\/avatar\/5b9e9f3901aed6b7b6b4db81f034a409?s=96&d=identicon&r=g","caption":"N\u00e1dia Ventura"},"description":"A N\u00e1dia Ventura escreve desde que aprendeu a juntar s\u00edlabas. Hoje, \u00e9 copywriter e content writer e entusiasta da escrita com prop\u00f3sito: aquela que informa, entret\u00e9m, vende e ainda arranca um sorriso de quem l\u00ea. Fundadora da Academia CES - Copywriting, escrita criativa e storytelling, e com mais de 7 anos de experi\u00eancia a escrever para marcas do setor alimentar, recursos humanos, banc\u00e1rio, animal, autom\u00f3vel, sa\u00fade e tantos outros, acredita que o segredo est\u00e1 em dizer muito, com poucas palavras (exceto quando h\u00e1 espa\u00e7o para um bom par\u00eanteses ou met\u00e1fora). Tem forma\u00e7\u00e3o em textos otimizados para SEO, storytelling, escrita ciativa, copywriting persuasivo e marketing de conte\u00fado, marketing tur\u00edstico, (e um v\u00edcio cr\u00f3nico em aprender). \u00c9 parceira da Factorial no mercado portugu\u00eas e, por aqui, quer escrever conte\u00fados que n\u00e3o adorme\u00e7am ningu\u00e9m, tragam solu\u00e7\u00f5es pr\u00e1ticas para quem trabalha com pessoas e fa\u00e7am as equipas pensar, rir e trabalhar melhor. \u00c9 apologista de que devemos partilhar conhecimento, hist\u00f3rias, experi\u00eancias (e bolos de chocolate, sempre!).","sameAs":["http:\/\/nadiaventura.pt","https:\/\/www.instagram.com\/nadiaventura.copywriter\/","https:\/\/www.linkedin.com\/in\/nadiaventura\/","https:\/\/www.youtube.com\/@nadiaventura.copywriter"],"birthDate":"1997-02-11","gender":"Female","knowsLanguage":["Portuguese"],"url":"https:\/\/factorialhr.pt\/blog\/author\/nadiaventura\/"}]}},"_links":{"self":[{"href":"https:\/\/factorialhr.pt\/blog\/wp-json\/wp\/v2\/posts\/171403"}],"collection":[{"href":"https:\/\/factorialhr.pt\/blog\/wp-json\/wp\/v2\/posts"}],"about":[{"href":"https:\/\/factorialhr.pt\/blog\/wp-json\/wp\/v2\/types\/post"}],"author":[{"embeddable":true,"href":"https:\/\/factorialhr.pt\/blog\/wp-json\/wp\/v2\/users\/107"}],"replies":[{"embeddable":true,"href":"https:\/\/factorialhr.pt\/blog\/wp-json\/wp\/v2\/comments?post=171403"}],"version-history":[{"count":8,"href":"https:\/\/factorialhr.pt\/blog\/wp-json\/wp\/v2\/posts\/171403\/revisions"}],"predecessor-version":[{"id":184516,"href":"https:\/\/factorialhr.pt\/blog\/wp-json\/wp\/v2\/posts\/171403\/revisions\/184516"}],"wp:featuredmedia":[{"embeddable":true,"href":"https:\/\/factorialhr.pt\/blog\/wp-json\/wp\/v2\/media\/171811"}],"wp:attachment":[{"href":"https:\/\/factorialhr.pt\/blog\/wp-json\/wp\/v2\/media?parent=171403"}],"wp:term":[{"taxonomy":"category","embeddable":true,"href":"https:\/\/factorialhr.pt\/blog\/wp-json\/wp\/v2\/categories?post=171403"},{"taxonomy":"post_tag","embeddable":true,"href":"https:\/\/factorialhr.pt\/blog\/wp-json\/wp\/v2\/tags?post=171403"}],"curies":[{"name":"wp","href":"https:\/\/api.w.org\/{rel}","templated":true}]}}