{"id":185257,"date":"2026-04-29T10:12:45","date_gmt":"2026-04-29T08:12:45","guid":{"rendered":"https:\/\/factorialhr.com\/blog\/?p=185257"},"modified":"2026-04-29T10:12:45","modified_gmt":"2026-04-29T08:12:45","slug":"como-calcular-o-direito-a-ferias-em-portugal","status":"publish","type":"post","link":"https:\/\/factorialhr.pt\/blog\/como-calcular-o-direito-a-ferias-em-portugal\/","title":{"rendered":"Como calcular o direito a f\u00e9rias em Portugal"},"content":{"rendered":"<p>Saber <strong>calcular o direito a f\u00e9rias<\/strong> corretamente \u00e9 uma das compet\u00eancias fundamentais de qualquer equipa de RH. N\u00e3o s\u00f3 porque garante conformidade legal, mas porque erros neste c\u00e1lculo t\u00eam impacto direto na opera\u00e7\u00e3o.<\/p>\n<p>Neste artigo, <strong>explicamos como funciona o direito a f\u00e9rias em Portugal, com exemplos pr\u00e1ticos<\/strong> pensados para quem gere pessoas no dia a dia.<\/p>\n<p><strong>Tabela de Conte\u00fados<\/strong><\/p>\n<ul>\n<li><a href=\"#regra\">Calcular o direito a f\u00e9rias: a regra geral<\/a><\/li>\n<li><a href=\"#especiais\">Como calcular o direito a f\u00e9rias em situa\u00e7\u00f5es especiais<\/a><\/li>\n<li><a href=\"#erros\">Erros mais frequentes no c\u00e1lculo de f\u00e9rias<\/a><\/li>\n<li><a href=\"#factorial\">Calcular o direito a f\u00e9rias com a Factorial<\/a><\/li>\n<li><a href=\"#faqs\">FAQs comuns sobre como calcular o direito a f\u00e9rias<\/a><\/li>\n<\/ul>\n<div class=\"factorial-banner inline-banner banner-freebie category-gestao-de-processos\"\n    data-banner-id=\"171956\"\n    data-banner-type=\"freebie\"\n    data-category=\"Gest\u00e3o de processos\">\n    <div class=\"banner-content\">\n        <div class=\"banner-text\">\n                            <h4>Mapa de F\u00e9rias 2026<\/h4>\n            \n                            <p>Organize as f\u00e9rias da sua equipa de forma simples e eficiente com o nosso modelo gratuito.<\/p>\n            \n                            <a href=\"https:\/\/factorialhr.pt\/modelos\/mapa-de-ferias-pt\"\n                    class=\"factorial-cta-button not-prose freebie\" data-cta=\"freebie\" data-cta-position=\"inline-banner\">\n                    Descarregar gr\u00e1tis                <\/a>\n                    <\/div>\n\n        <div class=\"banner-image has-image\">\n            <img decoding=\"async\" src=\"https:\/\/factorialhr.com\/wp-content\/uploads\/2025\/10\/29135515\/Screenshot-2025-10-29-at-12.46.32-1.png\" class=\"not-prose\" \/>\n        <\/div>\n    <\/div>\n<\/div>\n<h2><a name=\"regra\"><\/a>Calcular o direito a f\u00e9rias: a regra geral<\/h2>\n<p>Em Portugal, o direito a f\u00e9rias est\u00e1 consagrado no artigo 238.\u00ba do C\u00f3digo do Trabalho (CT). A regra geral \u00e9 clara: cada trabalhador tem direito a <strong>22 dias \u00fateis<\/strong> de f\u00e9rias por ano.<\/p>\n<p>Mas o que s\u00e3o exatamente dias \u00fateis? S\u00e3o todos os dias da semana, de segunda a sexta-feira, excluindo os fins de semana, feriados nacionais e locais. Este ponto \u00e9 importante porque \u00e9 uma das fontes de confus\u00e3o mais comuns (e veremos isso mais \u00e0 frente).<\/p>\n<p>A regra dos 22 dias aplica-se em pleno a partir do <strong>segundo ano<\/strong> de trabalho na empresa. No ano de admiss\u00e3o, no final do contrato ou em contratos de curta dura\u00e7\u00e3o, o c\u00e1lculo \u00e9 <strong>proporcional<\/strong>.<\/p>\n<h3>F\u00f3rmula base para calcular as f\u00e9rias<\/h3>\n<p>Quando \u00e9 necess\u00e1rio fazer um c\u00e1lculo proporcional, a f\u00f3rmula \u00e9:<\/p>\n<ul>\n<li>(22 \u00f7 12) \u00d7 n\u00famero de meses completos trabalhados<\/li>\n<\/ul>\n<p><strong>Exemplo pr\u00e1tico: <\/strong>Um trabalhador que entrou a 1 de julho e trabalhou 6 meses completos at\u00e9 ao final do ano ter\u00e1 direito a: (22 \u00f7 12) \u00d7 6 = 11 dias \u00fateis de f\u00e9rias<\/p>\n<p>Esta f\u00f3rmula \u00e9 o ponto de partida para a maior parte das situa\u00e7\u00f5es especiais que as equipas de RH enfrentam.<\/p>\n<h3>Como calcular o direito a f\u00e9rias no ano de admiss\u00e3o<\/h3>\n<p>O ano de admiss\u00e3o \u00e9, sem d\u00favida, o cen\u00e1rio que mais d\u00favidas gera e onde mais erros acontecem.<\/p>\n<p>Neste caso, n\u00e3o se aplica automaticamente o direito a 22 dias. Em vez disso, a lei prev\u00ea um regime espec\u00edfico. O trabalhador tem direito a 2 dias \u00fateis de f\u00e9rias por cada m\u00eas <strong>completo<\/strong> de contrato, com um <strong>limite m\u00e1ximo<\/strong> de 20 dias \u00fateis nesse primeiro ano.<\/p>\n<p>Adicionalmente, estas f\u00e9rias s\u00f3 podem ser gozadas <strong>ap\u00f3s 6 meses<\/strong> completos de cumprimento do contrato. Ou seja, um trabalhador que entre em janeiro s\u00f3 poder\u00e1 gozar f\u00e9rias a partir de julho.<\/p>\n<p><strong>Exemplo pr\u00e1tico: <\/strong>Imaginemos um trabalhador que entra a 1 de mar\u00e7o: de mar\u00e7o a dezembro = 10 meses completos<\/p>\n<ul>\n<li>10 \u00d7 2 = 20 dias \u00fateis de f\u00e9rias<\/li>\n<\/ul>\n<p>Neste caso, o resultado coincide com o limite m\u00e1ximo.<\/p>\n<p>E se a entrada for a meio do m\u00eas? A lei fala em meses completos de contrato. Isso significa que um m\u00eas s\u00f3 conta se o trabalhador tiver trabalhado o m\u00eas inteiro. Se entrou a 15 de mar\u00e7o, mar\u00e7o n\u00e3o conta como m\u00eas completo, o c\u00e1lculo come\u00e7a apenas em abril.<\/p>\n<p>Este detalhe \u00e9 frequentemente ignorado e pode resultar em dias de f\u00e9rias atribu\u00eddos a mais.<\/p>\n<h2><a name=\"especiais\"><\/a>Como calcular o direito a f\u00e9rias em situa\u00e7\u00f5es especiais<\/h2>\n<p>Al\u00e9m da regra geral e do ano de admiss\u00e3o, existem outros aspetos que exigem a aten\u00e7\u00e3o das equipas de RH. Nomeadamente:<\/p>\n<h3>Contrato a termo (certo ou incerto)<\/h3>\n<p>Nos <a href=\"https:\/\/factorialhr.pt\/blog\/tipos-de-contrato-trabalho\/\">contratos a termo<\/a>, o direito a f\u00e9rias \u00e9 calculado de forma <strong>proporcional<\/strong> ao tempo efetivamente trabalhado. Aplica-se a f\u00f3rmula base: (22 \u00f7 12) \u00d7 meses completos. Quando o contrato termina sem renova\u00e7\u00e3o, o acerto \u00e9 feito no final.<\/p>\n<h3>Regime de part-time<\/h3>\n<p>O trabalhador em part-time mant\u00e9m integralmente o direito a <strong>22 dias \u00fateis<\/strong> de f\u00e9rias por ano. Isto \u00e9, o regime de trabalho n\u00e3o reduz o n\u00famero de dias. Contudo, a forma como os dias s\u00e3o geridos operacionalmente pode variar, tendo em conta o hor\u00e1rio espec\u00edfico do trabalhador.<\/p>\n<h3>Cessa\u00e7\u00e3o do contrato<\/h3>\n<p>Quando um trabalhador <a href=\"https:\/\/factorialhr.pt\/blog\/rescisao-de-contrato-de-trabalho\/\">sai da empresa<\/a>, de modo a calcular o direito a f\u00e9rias<strong>, <\/strong>\u00e9 necess\u00e1rio apurar <strong>tr\u00eas elementos<\/strong>:<\/p>\n<ul>\n<li>as f\u00e9rias vencidas, do ano anterior, se n\u00e3o foram gozadas;<\/li>\n<li>as f\u00e9rias proporcionais ao tempo j\u00e1 trabalhado no ano corrente;<\/li>\n<li>o respetivo subs\u00eddio de f\u00e9rias.<\/li>\n<\/ul>\n<p>Todos estes valores devem ser liquidados no momento da sa\u00edda.<\/p>\n<h3>F\u00e9rias n\u00e3o gozadas<\/h3>\n<p>Por regra, as f\u00e9rias devem ser gozadas no ano a que dizem respeito ou, no m\u00e1ximo, at\u00e9 30 de abril <strong>do ano seguinte<\/strong>. Caso <a href=\"https:\/\/factorialhr.pt\/blog\/ferias-nao-gozadas\/\">n\u00e3o o sejam<\/a>, considera-se que o trabalhador foi impedido de as gozar e tem direito \u00e0 <strong>compensa\u00e7\u00e3o<\/strong> correspondente. Este ponto deve ser acompanhado de perto para evitar lit\u00edgios.<\/p>\n<h2><a name=\"erros\"><\/a>Erros mais frequentes no c\u00e1lculo de f\u00e9rias<\/h2>\n<p>Para as equipas de RH, conhecer os erros mais frequentes \u00e9 t\u00e3o importante quanto conhecer as regras. Eis os que surgem com mais regularidade:<\/p>\n<ul>\n<li><strong>Confundir dias \u00fateis com dias corridos:<\/strong> os 22 dias s\u00e3o \u00fateis, n\u00e3o calend\u00e1rio. A diferen\u00e7a \u00e9 significativa.<\/li>\n<li><strong>Aplicar os 22 dias no ano de admiss\u00e3o: <\/strong>no primeiro ano, aplica-se a regra dos 2 dias por m\u00eas, n\u00e3o os 22 autom\u00e1ticos.<\/li>\n<li><strong>Ignorar a regra dos meses completos: <\/strong>um m\u00eas parcial n\u00e3o conta para o c\u00e1lculo.<\/li>\n<li><strong>N\u00e3o considerar f\u00e9rias proporcionais na sa\u00edda:<\/strong> a liquida\u00e7\u00e3o deve incluir todas as componentes em d\u00edvida.<\/li>\n<li><strong>Fazer o c\u00e1lculo manualmente:<\/strong> sem um processo claro e documentado, o erro humano \u00e9 inevit\u00e1vel, especialmente em empresas com muitos trabalhadores.<\/li>\n<\/ul>\n<p data-start=\"1089\" data-end=\"1205\">Gerir f\u00e9rias em folhas de c\u00e1lculo pode rapidamente tornar-se confuso, especialmente \u00e0 medida que a equipa cresce.<\/p>\n<p data-start=\"1212\" data-end=\"1388\">Para simplificar este processo, cri\u00e1mos um<a href=\"https:\/\/factorialhr.pt\/modelos\/mapa-de-ferias-pt\"> template de mapa de f\u00e9rias pronto a usar<\/a>. No v\u00eddeo abaixo, mostramos como funciona na pr\u00e1tica e como o podes adaptar \u00e0 tua empresa \ud83d\udc47<\/p>\n<p><iframe title=\"Modelo em Excel para Gest\u00e3o de F\u00e9rias e Aus\u00eancias (Gr\u00e1tis)\" width=\"500\" height=\"281\" src=\"https:\/\/www.youtube.com\/embed\/QuiyTWKxaHA?feature=oembed\" frameborder=\"0\" allow=\"accelerometer; autoplay; clipboard-write; encrypted-media; gyroscope; picture-in-picture; web-share\" referrerpolicy=\"strict-origin-when-cross-origin\" allowfullscreen><\/iframe><\/p>\n<h2><a name=\"factorial\"><\/a>Calcular o direito a f\u00e9rias com a Factorial<\/h2>\n<p>\u00c0 medida que uma empresa cresce, gerir f\u00e9rias manualmente torna-se progressivamente mais complexo. E mais arriscado. Mais trabalhadores, mais contratos diferentes, mais situa\u00e7\u00f5es de exce\u00e7\u00e3o.<\/p>\n<p>O <a href=\"https:\/\/factorialhr.pt\/software-de-recursos-humanos\">software de gest\u00e3o da Factorial<\/a> permite \u00e0s equipas de RH:<\/p>\n<ul>\n<li><strong>centralizar <\/strong>todos os pedidos de f\u00e9rias numa \u00fanica plataforma;<\/li>\n<li>acompanhar os saldos <strong>em tempo real<\/strong>;<\/li>\n<li><strong>reduzir <\/strong>os erros administrativos associados ao c\u00e1lculo manual.<\/li>\n<\/ul>\n<p>A <a href=\"https:\/\/factorialhr.pt\/software-gestao-ausencias\">gest\u00e3o de aus\u00eancias<\/a> fica <strong>automatizada<\/strong>, com <strong>visibilidade total<\/strong> para RH e para os pr\u00f3prios trabalhadores.<\/p>\n<p>Para as empresas que querem simplificar este processo, digitalizar a gest\u00e3o de f\u00e9rias pode fazer uma diferen\u00e7a real no dia a dia. J\u00e1 que menos tempo em folhas de c\u00e1lculo, significa mais tempo para tarefas de <strong>maior valor<\/strong>.<\/p>\n<p>\ud83d\udc49 <a href=\"https:\/\/factorialhr.pt\/product-tour\"><strong>Quer ver e perceber como funciona a plataforma da Factorial? Clique aqui!<\/strong><\/a><\/p>\n<div class=\"factorial-banner inline-banner banner-demo category-gestao-de-processos\"\n    data-banner-id=\"171813\"\n    data-banner-type=\"demo\"\n    data-category=\"Gest\u00e3o de processos\">\n    <div class=\"banner-content\">\n        <div class=\"banner-text\">\n                            <h4>Factorial: A solu\u00e7\u00e3o centrada nas pessoas<\/h4>\n            \n                            <p>Tempo, Talento e Finan\u00e7as: tudo na mesma plataforma para simplificar a gest\u00e3o.<\/p>\n            \n                            <a href=\"https:\/\/factorialhr.pt\/get-started\"\n                    class=\"factorial-cta-button not-prose demo btn-brand\" data-cta=\"demo\" data-cta-position=\"inline-banner\">\n                    Experimente Gr\u00e1tis                <\/a>\n                    <\/div>\n\n        <div class=\"banner-image has-image\">\n            <img decoding=\"async\" src=\"https:\/\/factorialhr.com\/wp-content\/uploads\/2025\/04\/13182510\/blog_thumbnail_fact-2.jpg\" class=\"not-prose\" \/>\n        <\/div>\n    <\/div>\n<\/div>\n","protected":false},"excerpt":{"rendered":"<p>Saber calcular o direito a f\u00e9rias corretamente \u00e9 uma das compet\u00eancias fundamentais de qualquer equipa de RH. N\u00e3o s\u00f3 porque garante conformidade legal, mas porque erros neste c\u00e1lculo t\u00eam impacto direto na opera\u00e7\u00e3o. Neste artigo, explicamos como funciona o direito a f\u00e9rias em Portugal, com exemplos pr\u00e1ticos pensados para quem gere pessoas no dia a<a href=\"https:\/\/factorialhr.pt\/blog\/como-calcular-o-direito-a-ferias-em-portugal\/\" class=\"read-more\"> [&#8230;]<\/a><\/p>\n","protected":false},"author":109,"featured_media":162253,"comment_status":"closed","ping_status":"closed","sticky":false,"template":"","format":"standard","meta":{"_acf_changed":false,"footnotes":""},"categories":[941,111],"tags":[],"class_list":["post-185257","post","type-post","status-publish","format-standard","has-post-thumbnail","hentry","category-gestao-de-processos","category-sem-categoria"],"acf":{"topics":"time"},"yoast_head":"<!-- This site is optimized with the Yoast SEO Premium plugin v21.5 (Yoast SEO v21.9.1) - https:\/\/yoast.com\/wordpress\/plugins\/seo\/ -->\n<title>Calcular Direito a F\u00e9rias: Como Fazer o C\u00e1lculo em Portugal<\/title>\n<meta name=\"description\" content=\"Saiba como calcular o direito a f\u00e9rias em Portugal: regra geral, ano de admiss\u00e3o e situa\u00e7\u00f5es especiais. Guia pr\u00e1tico para equipas de RH.\" \/>\n<meta name=\"robots\" content=\"index, follow, max-snippet:-1, max-image-preview:large, max-video-preview:-1\" \/>\n<link rel=\"canonical\" href=\"https:\/\/factorialhr.pt\/blog\/como-calcular-o-direito-a-ferias-em-portugal\/\" \/>\n<meta property=\"og:locale\" content=\"pt_PT\" \/>\n<meta property=\"og:type\" content=\"article\" \/>\n<meta property=\"og:title\" content=\"Como calcular o direito a f\u00e9rias em Portugal\" \/>\n<meta property=\"og:description\" content=\"Saiba como calcular o direito a f\u00e9rias em Portugal: regra geral, ano de admiss\u00e3o e situa\u00e7\u00f5es especiais. Guia pr\u00e1tico para equipas de RH.\" \/>\n<meta property=\"og:url\" content=\"https:\/\/factorialhr.pt\/blog\/como-calcular-o-direito-a-ferias-em-portugal\/\" \/>\n<meta property=\"og:site_name\" content=\"Factorial\" \/>\n<meta property=\"article:publisher\" content=\"https:\/\/www.facebook.com\/people\/Factorial\/100064908455810\/\" \/>\n<meta property=\"article:published_time\" content=\"2026-04-29T08:12:45+00:00\" \/>\n<meta property=\"og:image\" content=\"https:\/\/factorialhr.com\/wp-content\/uploads\/2025\/06\/27183625\/feriasnaogozadas.jpg\" \/>\n\t<meta property=\"og:image:width\" content=\"1280\" \/>\n\t<meta property=\"og:image:height\" content=\"720\" \/>\n\t<meta property=\"og:image:type\" content=\"image\/jpeg\" \/>\n<meta name=\"author\" content=\"Vanessa R\u00f4la\" \/>\n<meta name=\"twitter:card\" content=\"summary_large_image\" \/>\n<meta name=\"twitter:creator\" content=\"@factorialapp\" \/>\n<meta name=\"twitter:site\" content=\"@factorialapp\" \/>\n<meta name=\"twitter:label1\" content=\"Written by\" \/>\n\t<meta name=\"twitter:data1\" content=\"Vanessa R\u00f4la\" \/>\n\t<meta name=\"twitter:label2\" content=\"Est. reading time\" \/>\n\t<meta name=\"twitter:data2\" content=\"5 minutos\" \/>\n<script type=\"application\/ld+json\" class=\"yoast-schema-graph\">{\"@context\":\"https:\/\/schema.org\",\"@graph\":[{\"@type\":\"Article\",\"@id\":\"https:\/\/factorialhr.pt\/blog\/como-calcular-o-direito-a-ferias-em-portugal\/#article\",\"isPartOf\":{\"@id\":\"https:\/\/factorialhr.pt\/blog\/como-calcular-o-direito-a-ferias-em-portugal\/\"},\"author\":{\"name\":\"Vanessa R\u00f4la\",\"@id\":\"https:\/\/factorialhr.pt\/blog\/#\/schema\/person\/074dc69f2ff8f258b111fc17947fb1d4\"},\"headline\":\"Como calcular o direito a f\u00e9rias em Portugal\",\"datePublished\":\"2026-04-29T08:12:45+00:00\",\"dateModified\":\"2026-04-29T08:12:45+00:00\",\"mainEntityOfPage\":{\"@id\":\"https:\/\/factorialhr.pt\/blog\/como-calcular-o-direito-a-ferias-em-portugal\/\"},\"wordCount\":1150,\"publisher\":{\"@id\":\"https:\/\/factorialhr.pt\/blog\/#organization\"},\"articleSection\":[\"Gest\u00e3o de processos\"],\"inLanguage\":\"pt-PT\"},{\"@type\":\"WebPage\",\"@id\":\"https:\/\/factorialhr.pt\/blog\/como-calcular-o-direito-a-ferias-em-portugal\/\",\"url\":\"https:\/\/factorialhr.pt\/blog\/como-calcular-o-direito-a-ferias-em-portugal\/\",\"name\":\"Calcular Direito a F\u00e9rias: Como Fazer o C\u00e1lculo em Portugal\",\"isPartOf\":{\"@id\":\"https:\/\/factorialhr.pt\/blog\/#website\"},\"datePublished\":\"2026-04-29T08:12:45+00:00\",\"dateModified\":\"2026-04-29T08:12:45+00:00\",\"description\":\"Saiba como calcular o direito a f\u00e9rias em Portugal: regra geral, ano de admiss\u00e3o e situa\u00e7\u00f5es especiais. Guia pr\u00e1tico para equipas de RH.\",\"inLanguage\":\"pt-PT\",\"potentialAction\":[{\"@type\":\"ReadAction\",\"target\":[\"https:\/\/factorialhr.pt\/blog\/como-calcular-o-direito-a-ferias-em-portugal\/\"]}]},{\"@type\":\"WebSite\",\"@id\":\"https:\/\/factorialhr.pt\/blog\/#website\",\"url\":\"https:\/\/factorialhr.pt\/blog\/\",\"name\":\"Factorial\",\"description\":\"\",\"publisher\":{\"@id\":\"https:\/\/factorialhr.pt\/blog\/#organization\"},\"potentialAction\":[{\"@type\":\"SearchAction\",\"target\":{\"@type\":\"EntryPoint\",\"urlTemplate\":\"https:\/\/factorialhr.pt\/blog\/?s={search_term_string}\"},\"query-input\":\"required name=search_term_string\"}],\"inLanguage\":\"pt-PT\"},{\"@type\":\"Organization\",\"@id\":\"https:\/\/factorialhr.pt\/blog\/#organization\",\"name\":\"All-in-one business management software - Factorial\",\"url\":\"https:\/\/factorialhr.pt\/blog\/\",\"logo\":{\"@type\":\"ImageObject\",\"inLanguage\":\"pt-PT\",\"@id\":\"https:\/\/factorialhr.pt\/blog\/#\/schema\/logo\/image\/\",\"url\":\"https:\/\/factorialhr.pt\/wp-content\/uploads\/2023\/07\/18155144\/factorial-logo.png\",\"contentUrl\":\"https:\/\/factorialhr.pt\/wp-content\/uploads\/2023\/07\/18155144\/factorial-logo.png\",\"width\":946,\"height\":880,\"caption\":\"All-in-one business management software - Factorial\"},\"image\":{\"@id\":\"https:\/\/factorialhr.pt\/blog\/#\/schema\/logo\/image\/\"},\"sameAs\":[\"https:\/\/www.facebook.com\/people\/Factorial\/100064908455810\/\",\"https:\/\/twitter.com\/factorialapp\",\"https:\/\/www.linkedin.com\/company\/factorialhr\",\"https:\/\/www.youtube.com\/@factorialmedia\",\"https:\/\/www.instagram.com\/factorial\/#\"]},{\"@type\":\"Person\",\"@id\":\"https:\/\/factorialhr.pt\/blog\/#\/schema\/person\/074dc69f2ff8f258b111fc17947fb1d4\",\"name\":\"Vanessa R\u00f4la\",\"image\":{\"@type\":\"ImageObject\",\"inLanguage\":\"pt-PT\",\"@id\":\"https:\/\/factorialhr.pt\/blog\/#\/schema\/person\/image\/\",\"url\":\"https:\/\/secure.gravatar.com\/avatar\/08b9b0580a5bc8a837aa3d4305323d66?s=96&d=identicon&r=g\",\"contentUrl\":\"https:\/\/secure.gravatar.com\/avatar\/08b9b0580a5bc8a837aa3d4305323d66?s=96&d=identicon&r=g\",\"caption\":\"Vanessa R\u00f4la\"},\"description\":\"Sou copywriter especializada em SEO, apaixonada por traduzir ideias em palavras. Acredito no poder da escrita para ligar pessoas, marcas e hist\u00f3rias, sendo isso que me motiva em cada projeto. Desde sempre me fascinou a comunica\u00e7\u00e3o, o que me levou a licenciar-me em Ci\u00eancias da Comunica\u00e7\u00e3o e a completar um mestrado em Novos Media e Pr\u00e1ticas Web, que me permitiu aprofundar o universo digital e as suas din\u00e2micas. Gosto de explorar a web atrav\u00e9s da escrita: seja a criar conte\u00fados otimizados para blogues, websites, newsletters ou e-books, seja atrav\u00e9s do trabalho de ghostwriting, uma vertente da escrita que me fascina pelo desafio de dar voz a outras pessoas. Ao longo do meu percurso, tenho colaborado com marcas e projetos de diferentes dimens\u00f5es, desde pequenas empresas a grandes organiza\u00e7\u00f5es internacionais. Fora dos projetos, divido o meu tempo entre as palavras, as viagens, a m\u00fasica e os animais. Acredito que o percurso profissional, tal como a vida, est\u00e1 sempre em movimento e sigo sempre o mesmo lema: a nossa vida \u00e9 toda para diante.\",\"sameAs\":[\"https:\/\/vanessarola.net\/\",\"https:\/\/www.linkedin.com\/in\/vanessarola\/\"],\"url\":\"https:\/\/factorialhr.pt\/blog\/author\/vanessarola\/\"}]}<\/script>\n<!-- \/ Yoast SEO Premium plugin. -->","yoast_head_json":{"title":"Calcular Direito a F\u00e9rias: Como Fazer o C\u00e1lculo em Portugal","description":"Saiba como calcular o direito a f\u00e9rias em Portugal: regra geral, ano de admiss\u00e3o e situa\u00e7\u00f5es especiais. Guia pr\u00e1tico para equipas de RH.","robots":{"index":"index","follow":"follow","max-snippet":"max-snippet:-1","max-image-preview":"max-image-preview:large","max-video-preview":"max-video-preview:-1"},"canonical":"https:\/\/factorialhr.pt\/blog\/como-calcular-o-direito-a-ferias-em-portugal\/","og_locale":"pt_PT","og_type":"article","og_title":"Como calcular o direito a f\u00e9rias em Portugal","og_description":"Saiba como calcular o direito a f\u00e9rias em Portugal: regra geral, ano de admiss\u00e3o e situa\u00e7\u00f5es especiais. Guia pr\u00e1tico para equipas de RH.","og_url":"https:\/\/factorialhr.pt\/blog\/como-calcular-o-direito-a-ferias-em-portugal\/","og_site_name":"Factorial","article_publisher":"https:\/\/www.facebook.com\/people\/Factorial\/100064908455810\/","article_published_time":"2026-04-29T08:12:45+00:00","og_image":[{"width":1280,"height":720,"url":"https:\/\/factorialhr.com\/wp-content\/uploads\/2025\/06\/27183625\/feriasnaogozadas.jpg","type":"image\/jpeg"}],"author":"Vanessa R\u00f4la","twitter_card":"summary_large_image","twitter_creator":"@factorialapp","twitter_site":"@factorialapp","twitter_misc":{"Written by":"Vanessa R\u00f4la","Est. reading time":"5 minutos"},"schema":{"@context":"https:\/\/schema.org","@graph":[{"@type":"Article","@id":"https:\/\/factorialhr.pt\/blog\/como-calcular-o-direito-a-ferias-em-portugal\/#article","isPartOf":{"@id":"https:\/\/factorialhr.pt\/blog\/como-calcular-o-direito-a-ferias-em-portugal\/"},"author":{"name":"Vanessa R\u00f4la","@id":"https:\/\/factorialhr.pt\/blog\/#\/schema\/person\/074dc69f2ff8f258b111fc17947fb1d4"},"headline":"Como calcular o direito a f\u00e9rias em Portugal","datePublished":"2026-04-29T08:12:45+00:00","dateModified":"2026-04-29T08:12:45+00:00","mainEntityOfPage":{"@id":"https:\/\/factorialhr.pt\/blog\/como-calcular-o-direito-a-ferias-em-portugal\/"},"wordCount":1150,"publisher":{"@id":"https:\/\/factorialhr.pt\/blog\/#organization"},"articleSection":["Gest\u00e3o de processos"],"inLanguage":"pt-PT"},{"@type":"WebPage","@id":"https:\/\/factorialhr.pt\/blog\/como-calcular-o-direito-a-ferias-em-portugal\/","url":"https:\/\/factorialhr.pt\/blog\/como-calcular-o-direito-a-ferias-em-portugal\/","name":"Calcular Direito a F\u00e9rias: Como Fazer o C\u00e1lculo em Portugal","isPartOf":{"@id":"https:\/\/factorialhr.pt\/blog\/#website"},"datePublished":"2026-04-29T08:12:45+00:00","dateModified":"2026-04-29T08:12:45+00:00","description":"Saiba como calcular o direito a f\u00e9rias em Portugal: regra geral, ano de admiss\u00e3o e situa\u00e7\u00f5es especiais. Guia pr\u00e1tico para equipas de RH.","inLanguage":"pt-PT","potentialAction":[{"@type":"ReadAction","target":["https:\/\/factorialhr.pt\/blog\/como-calcular-o-direito-a-ferias-em-portugal\/"]}]},{"@type":"WebSite","@id":"https:\/\/factorialhr.pt\/blog\/#website","url":"https:\/\/factorialhr.pt\/blog\/","name":"Factorial","description":"","publisher":{"@id":"https:\/\/factorialhr.pt\/blog\/#organization"},"potentialAction":[{"@type":"SearchAction","target":{"@type":"EntryPoint","urlTemplate":"https:\/\/factorialhr.pt\/blog\/?s={search_term_string}"},"query-input":"required name=search_term_string"}],"inLanguage":"pt-PT"},{"@type":"Organization","@id":"https:\/\/factorialhr.pt\/blog\/#organization","name":"All-in-one business management software - Factorial","url":"https:\/\/factorialhr.pt\/blog\/","logo":{"@type":"ImageObject","inLanguage":"pt-PT","@id":"https:\/\/factorialhr.pt\/blog\/#\/schema\/logo\/image\/","url":"https:\/\/factorialhr.pt\/wp-content\/uploads\/2023\/07\/18155144\/factorial-logo.png","contentUrl":"https:\/\/factorialhr.pt\/wp-content\/uploads\/2023\/07\/18155144\/factorial-logo.png","width":946,"height":880,"caption":"All-in-one business management software - Factorial"},"image":{"@id":"https:\/\/factorialhr.pt\/blog\/#\/schema\/logo\/image\/"},"sameAs":["https:\/\/www.facebook.com\/people\/Factorial\/100064908455810\/","https:\/\/twitter.com\/factorialapp","https:\/\/www.linkedin.com\/company\/factorialhr","https:\/\/www.youtube.com\/@factorialmedia","https:\/\/www.instagram.com\/factorial\/#"]},{"@type":"Person","@id":"https:\/\/factorialhr.pt\/blog\/#\/schema\/person\/074dc69f2ff8f258b111fc17947fb1d4","name":"Vanessa R\u00f4la","image":{"@type":"ImageObject","inLanguage":"pt-PT","@id":"https:\/\/factorialhr.pt\/blog\/#\/schema\/person\/image\/","url":"https:\/\/secure.gravatar.com\/avatar\/08b9b0580a5bc8a837aa3d4305323d66?s=96&d=identicon&r=g","contentUrl":"https:\/\/secure.gravatar.com\/avatar\/08b9b0580a5bc8a837aa3d4305323d66?s=96&d=identicon&r=g","caption":"Vanessa R\u00f4la"},"description":"Sou copywriter especializada em SEO, apaixonada por traduzir ideias em palavras. Acredito no poder da escrita para ligar pessoas, marcas e hist\u00f3rias, sendo isso que me motiva em cada projeto. Desde sempre me fascinou a comunica\u00e7\u00e3o, o que me levou a licenciar-me em Ci\u00eancias da Comunica\u00e7\u00e3o e a completar um mestrado em Novos Media e Pr\u00e1ticas Web, que me permitiu aprofundar o universo digital e as suas din\u00e2micas. Gosto de explorar a web atrav\u00e9s da escrita: seja a criar conte\u00fados otimizados para blogues, websites, newsletters ou e-books, seja atrav\u00e9s do trabalho de ghostwriting, uma vertente da escrita que me fascina pelo desafio de dar voz a outras pessoas. Ao longo do meu percurso, tenho colaborado com marcas e projetos de diferentes dimens\u00f5es, desde pequenas empresas a grandes organiza\u00e7\u00f5es internacionais. Fora dos projetos, divido o meu tempo entre as palavras, as viagens, a m\u00fasica e os animais. Acredito que o percurso profissional, tal como a vida, est\u00e1 sempre em movimento e sigo sempre o mesmo lema: a nossa vida \u00e9 toda para diante.","sameAs":["https:\/\/vanessarola.net\/","https:\/\/www.linkedin.com\/in\/vanessarola\/"],"url":"https:\/\/factorialhr.pt\/blog\/author\/vanessarola\/"}]}},"_links":{"self":[{"href":"https:\/\/factorialhr.pt\/blog\/wp-json\/wp\/v2\/posts\/185257"}],"collection":[{"href":"https:\/\/factorialhr.pt\/blog\/wp-json\/wp\/v2\/posts"}],"about":[{"href":"https:\/\/factorialhr.pt\/blog\/wp-json\/wp\/v2\/types\/post"}],"author":[{"embeddable":true,"href":"https:\/\/factorialhr.pt\/blog\/wp-json\/wp\/v2\/users\/109"}],"replies":[{"embeddable":true,"href":"https:\/\/factorialhr.pt\/blog\/wp-json\/wp\/v2\/comments?post=185257"}],"version-history":[{"count":7,"href":"https:\/\/factorialhr.pt\/blog\/wp-json\/wp\/v2\/posts\/185257\/revisions"}],"predecessor-version":[{"id":188019,"href":"https:\/\/factorialhr.pt\/blog\/wp-json\/wp\/v2\/posts\/185257\/revisions\/188019"}],"wp:featuredmedia":[{"embeddable":true,"href":"https:\/\/factorialhr.pt\/blog\/wp-json\/wp\/v2\/media\/162253"}],"wp:attachment":[{"href":"https:\/\/factorialhr.pt\/blog\/wp-json\/wp\/v2\/media?parent=185257"}],"wp:term":[{"taxonomy":"category","embeddable":true,"href":"https:\/\/factorialhr.pt\/blog\/wp-json\/wp\/v2\/categories?post=185257"},{"taxonomy":"post_tag","embeddable":true,"href":"https:\/\/factorialhr.pt\/blog\/wp-json\/wp\/v2\/tags?post=185257"}],"curies":[{"name":"wp","href":"https:\/\/api.w.org\/{rel}","templated":true}]}}