{"id":185299,"date":"2026-04-27T16:27:28","date_gmt":"2026-04-27T14:27:28","guid":{"rendered":"https:\/\/factorialhr.com\/blog\/?p=185299"},"modified":"2026-04-27T16:27:28","modified_gmt":"2026-04-27T14:27:28","slug":"quanto-se-recebe-baixa-medica-portugal","status":"publish","type":"post","link":"https:\/\/factorialhr.pt\/blog\/quanto-se-recebe-baixa-medica-portugal\/","title":{"rendered":"Quanto se recebe de baixa m\u00e9dica em Portugal?"},"content":{"rendered":"<p>A baixa m\u00e9dica \u00e9 um direito fundamental dos trabalhadores que ficam incapacitados para trabalhar devido a doen\u00e7a ou acidente. Em Portugal, este direito garante a manuten\u00e7\u00e3o de parte da remunera\u00e7\u00e3o atrav\u00e9s do subs\u00eddio de doen\u00e7a, pago pela Seguran\u00e7a Social ou pelo empregador, dependendo da situa\u00e7\u00e3o.<\/p>\n<p>Saber quem tem direito, <strong>quanto se recebe e como gerir a baixa m\u00e9dica \u00e9 essencial para colaboradores<\/strong> e para departamentos de recursos humanos. Este artigo explica tudo passo a passo.<\/p>\n<p><strong>Tabela de conte\u00fados:<\/strong><\/p>\n<ul>\n<li><a href=\"#o-que-e\">O que \u00e9 a baixa m\u00e9dica e quem tem direito?<\/a><\/li>\n<li><a href=\"#diferenca-incapacidade\">Diferen\u00e7a entre baixa m\u00e9dica e incapacidade tempor\u00e1ria por acidente de trabalho<\/a><\/li>\n<li><a href=\"#quanto-se-recebe\">Quanto se recebe de baixa m\u00e9dica?<\/a><\/li>\n<li><a href=\"#requisitos\">Requisitos para receber baixa m\u00e9dica<\/a><\/li>\n<li><a href=\"#direitos-trabalhador\">Direitos do trabalhador durante a baixa m\u00e9dica<\/a><\/li>\n<li><a href=\"#como-preencher-recibo-vencimento\">Como preencher o recibo de vencimento considerando uma baixa m\u00e9dica<\/a><\/li>\n<li><a href=\"#fatorial-baixa-medica\">A Factorial ajuda na gest\u00e3o da baixa m\u00e9dica<\/a><\/li>\n<\/ul>\n<div class=\"factorial-banner inline-banner banner-demo category-juridico-e-financeiro\"\n    data-banner-id=\"172331\"\n    data-banner-type=\"demo\"\n    data-category=\"Jur\u00eddico e Financeiro\">\n    <div class=\"banner-content\">\n        <div class=\"banner-text\">\n                            <h4>Software de Gest\u00e3o de Tempo<\/h4>\n            \n                            <p>Gest\u00e3o de tempo, turnos e aus\u00eancias da sua equipa de forma f\u00e1cil e eficiente.<\/p>\n            \n                            <a href=\"https:\/\/factorialhr.pt\/get-started\"\n                    class=\"factorial-cta-button not-prose demo btn-brand\" data-cta=\"demo\" data-cta-position=\"inline-banner\">\n                    Experimente Gr\u00e1tis                <\/a>\n                    <\/div>\n\n        <div class=\"banner-image has-image\">\n            <img decoding=\"async\" src=\"https:\/\/factorialhr.com\/wp-content\/uploads\/2025\/11\/03162217\/Group-427319437.png\" class=\"not-prose\" \/>\n        <\/div>\n    <\/div>\n<\/div>\n<h2><a name=\"o-que-e\"><\/a>O que \u00e9 a baixa m\u00e9dica e quem tem direito?<\/h2>\n<p>A baixa m\u00e9dica corresponde ao per\u00edodo durante o qual um trabalhador n\u00e3o pode exercer as suas fun\u00e7\u00f5es devido a doen\u00e7a ou acidente. Durante este per\u00edodo, o trabalhador tem direito a receber um subs\u00eddio que compensa parte da perda de rendimento.<\/p>\n<p>Quem tem direito:<\/p>\n<ul>\n<li><strong>Trabalhadores por conta de outrem.<\/strong> Todos os colaboradores com contrato de trabalho t\u00eam direito a baixa m\u00e9dica, desde que cumpram os requisitos legais e apresentem certificado m\u00e9dico.<\/li>\n<li><strong>Trabalhadores independentes.<\/strong> Tamb\u00e9m podem receber subs\u00eddio de doen\u00e7a, mas as regras e valores diferem, dependendo da base de contribui\u00e7\u00f5es e dos meses de descontos anteriores.<\/li>\n<\/ul>\n<p>\u00c9 importante destacar que n\u00e3o h\u00e1 limite de dura\u00e7\u00e3o para o subs\u00eddio, mas as percentagens variam conforme o tempo de baixa e a legisla\u00e7\u00e3o em vigor.<\/p>\n<p>Descubra como automatizar a gest\u00e3o de aus\u00eancias na tua empresa e evitar erros no registo de faltas.<\/p>\n<div class=\"factorial-banner inline-banner banner-demo category-juridico-e-financeiro\"\n    data-banner-id=\"185935\"\n    data-banner-type=\"demo\"\n    data-category=\"Jur\u00eddico e Financeiro\">\n    <div class=\"banner-content\">\n        <div class=\"banner-text\">\n                            <h4>Software de Gest\u00e3o de Aus\u00eancias<\/h4>\n            \n                            <p>Automatize processos e poupe tempo e dinheiro com a Factorial.<\/p>\n            \n                            <a href=\"https:\/\/factorialhr.pt\/get-started\"\n                    class=\"factorial-cta-button not-prose demo btn-brand\" data-cta=\"demo\" data-cta-position=\"inline-banner\">\n                    Experimente Gr\u00e1tis                <\/a>\n                    <\/div>\n\n        <div class=\"banner-image has-image\">\n            <img decoding=\"async\" src=\"https:\/\/factorialhr.com\/wp-content\/uploads\/2026\/04\/08125149\/demo-gestao-ausencias_11zon-1.png\" class=\"not-prose\" \/>\n        <\/div>\n    <\/div>\n<\/div>\n<h2><a name=\"diferenca-incapacidade\"><\/a>Diferen\u00e7a entre baixa m\u00e9dica e incapacidade tempor\u00e1ria por acidente de trabalho<\/h2>\n<p>Embora muitas vezes se fale apenas de \u201cbaixa m\u00e9dica\u201d, \u00e9 importante distinguir entre doen\u00e7a comum e incapacidade tempor\u00e1ria causada por acidente de trabalho ou doen\u00e7a profissional. A diferen\u00e7a \u00e9 relevante porque influencia quem paga o subs\u00eddio e a percentagem do sal\u00e1rio que o trabalhador recebe.<\/p>\n<p><strong>Baixa m\u00e9dica por doen\u00e7a comum:<\/strong><br \/>\nRefere-se a situa\u00e7\u00f5es em que o colaborador est\u00e1 impossibilitado de trabalhar devido a doen\u00e7a, gripe grave, les\u00f5es n\u00e3o relacionadas com o trabalho ou outros problemas de sa\u00fade. O pagamento do subs\u00eddio segue as regras da Seguran\u00e7a Social, com percentagens que aumentam conforme a dura\u00e7\u00e3o da baixa e podem ser complementadas pela empresa.<\/p>\n<p><strong>Incapacidade tempor\u00e1ria por acidente de trabalho ou doen\u00e7a profissional:<\/strong><br \/>\nAplica-se quando a incapacidade resulta diretamente de um acidente no trabalho ou de uma doen\u00e7a causada pelas condi\u00e7\u00f5es de trabalho. Nestes casos:<\/p>\n<ul>\n<li>O subs\u00eddio \u00e9 normalmente pago desde o primeiro dia de aus\u00eancia.<\/li>\n<li>A percentagem do sal\u00e1rio pode ser mais elevada do que na baixa m\u00e9dica comum. Por exemplo, trabalhadores acidentados podem receber at\u00e9 75% do sal\u00e1rio desde o in\u00edcio da incapacidade, dependendo do caso.<\/li>\n<li>A gest\u00e3o do pagamento pode envolver o empregador, o seguro de acidentes de trabalho e a Seguran\u00e7a Social, garantindo que o colaborador n\u00e3o sofre perdas financeiras devido ao acidente.<\/li>\n<\/ul>\n<h2><a name=\"quanto-se-recebe\"><\/a>Quanto se recebe de baixa m\u00e9dica?<\/h2>\n<p>O valor da <a href=\"https:\/\/factorialhr.pt\/blog\/baixa-medica-guia\/\">baixa m\u00e9dica<\/a> depende do tipo de trabalhador e da dura\u00e7\u00e3o da incapacidade.<\/p>\n<p><strong>Trabalhadores por conta de outrem<\/strong><\/p>\n<p>Em Portugal, o c\u00e1lculo do subs\u00eddio de doen\u00e7a para saber quanto se recebe de baixa m\u00e9dica segue as regras da Seguran\u00e7a Social:<\/p>\n<ul>\n<li>1.\u00ba ao 3.\u00ba dia: 55% da remunera\u00e7\u00e3o de refer\u00eancia, normalmente pago pelo empregador.<\/li>\n<li>4.\u00ba ao 30.\u00ba dia: 55% da remunera\u00e7\u00e3o de refer\u00eancia, pago pela Seguran\u00e7a Social.<\/li>\n<li>31.\u00ba ao 90.\u00ba dia: 60% da remunera\u00e7\u00e3o de refer\u00eancia.<\/li>\n<li>91.\u00ba dia em diante: 70% da remunera\u00e7\u00e3o de refer\u00eancia.<\/li>\n<\/ul>\n<p>A remunera\u00e7\u00e3o de refer\u00eancia \u00e9 calculada com base na m\u00e9dia das remunera\u00e7\u00f5es dos \u00faltimos seis meses.<\/p>\n<p>Algumas empresas complementam o subs\u00eddio, garantindo que o colaborador recebe 100% do sal\u00e1rio l\u00edquido durante a baixa. Este \u00e9 um benef\u00edcio comum em contratos coletivos ou pol\u00edticas internas de recursos humanos.<\/p>\n<p><strong>Trabalhadores independentes<\/strong><\/p>\n<p>Para trabalhadores independentes, o subs\u00eddio de doen\u00e7a \u00e9 calculado com base na base de incid\u00eancia contributiva. Ap\u00f3s cumprir o per\u00edodo de espera legal (normalmente 3 dias), o valor pago pela Seguran\u00e7a Social corresponde a cerca de 70% da base contributiva m\u00e9dia.\u00a0A ades\u00e3o ao subs\u00eddio depende de terem feito contribui\u00e7\u00f5es regulares \u00e0 Seguran\u00e7a Social nos meses anteriores \u00e0 baixa.<\/p>\n<h2><a name=\"requisitos\"><\/a>Requisitos para receber baixa m\u00e9dica<\/h2>\n<p>Para ter direito ao subs\u00eddio de doen\u00e7a, \u00e9 necess\u00e1rio cumprir alguns requisitos:<\/p>\n<ul>\n<li>Estar incapacitado para trabalhar por doen\u00e7a ou acidente.<\/li>\n<li>Ter certificado m\u00e9dico emitido por m\u00e9dico do SNS ou privado com acordo com a Seguran\u00e7a Social.<\/li>\n<li>Ter feito contribui\u00e7\u00f5es suficientes \u00e0 Seguran\u00e7a Social:<\/li>\n<\/ul>\n<p>Cumprir estes requisitos \u00e9 essencial para que o pagamento seja autorizado e n\u00e3o haja atrasos.<\/p>\n<h3>Documentos e procedimentos necess\u00e1rios<\/h3>\n<p>Para receber a baixa m\u00e9dica, \u00e9 necess\u00e1rio:<\/p>\n<ul>\n<li>Certificado de incapacidade tempor\u00e1ria emitido por um m\u00e9dico.<\/li>\n<li>Comunica\u00e7\u00e3o \u00e0 empresa, idealmente dentro de 24 horas ap\u00f3s a emiss\u00e3o do certificado.<\/li>\n<li>Entrega \u00e0 Seguran\u00e7a Social se a baixa ultrapassar os primeiros dias pagos pelo empregador.<\/li>\n<\/ul>\n<p>\ud83d\udca1 Dica: manter c\u00f3pias de todos os certificados e registos de comunica\u00e7\u00e3o evita atrasos no pagamento e problemas administrativos.<\/p>\n<h2><a name=\"direitos-trabalhador\"><\/a>Direitos do trabalhador durante a baixa m\u00e9dica<\/h2>\n<p>Estar de baixa m\u00e9dica n\u00e3o significa apenas receber um subs\u00eddio. O trabalhador mant\u00e9m direitos legais importantes, que visam proteger a sua posi\u00e7\u00e3o na empresa e o seu bem-estar:<\/p>\n<ol>\n<li><strong>Manuten\u00e7\u00e3o do v\u00ednculo empregat\u00edcio<\/strong><br \/>\nO trabalhador n\u00e3o pode ser despedido durante a baixa m\u00e9dica, exceto em casos muito espec\u00edficos previstos no C\u00f3digo do Trabalho, como encerramento da empresa ou despedimento coletivo.<\/li>\n<li><strong>Reintegra\u00e7\u00e3o sem penaliza\u00e7\u00f5es<\/strong><br \/>\nAp\u00f3s a recupera\u00e7\u00e3o, o trabalhador tem direito a voltar ao mesmo cargo ou a um cargo equivalente, com condi\u00e7\u00f5es salariais iguais \u00e0s anteriores \u00e0 baixa.<\/li>\n<li><strong>Sigilo sobre informa\u00e7\u00f5es m\u00e9dicas<\/strong><br \/>\nA empresa deve garantir que os dados m\u00e9dicos permanecem confidenciais. Certificados m\u00e9dicos e diagn\u00f3sticos n\u00e3o podem ser divulgados sem consentimento do colaborador.<\/li>\n<li><strong>Prote\u00e7\u00e3o contra discrimina\u00e7\u00e3o<\/strong><br \/>\nO trabalhador em baixa m\u00e9dica n\u00e3o pode ser prejudicado em promo\u00e7\u00f5es, b\u00f3nus ou avalia\u00e7\u00e3o de desempenho devido \u00e0 sua aus\u00eancia por doen\u00e7a.<\/li>\n<li><strong>Acesso a benef\u00edcios complementares<\/strong><br \/>\nSe a empresa oferecer subs\u00eddio complementar ou plano de sa\u00fade, o trabalhador mant\u00e9m o direito a usufruir desses benef\u00edcios durante a baixa.<\/li>\n<\/ol>\n<h2><a name=\"como-preencher-recibo-vencimento\"><\/a>Como preencher o recibo de vencimento considerando uma baixa m\u00e9dica<\/h2>\n<p>Quando um colaborador est\u00e1 de baixa, o <a href=\"https:\/\/factorialhr.pt\/blog\/recibo-vencimento-criar\/\">recibo de vencimento<\/a> deve refletir corretamente o subs\u00eddio de doen\u00e7a. Isto inclui:<\/p>\n<ul>\n<li>Indicar os dias de baixa m\u00e9dica: separar os dias pagos pelo empregador e os dias pagos pela Seguran\u00e7a Social.<\/li>\n<li>Inserir o valor do subs\u00eddio: incluir o valor l\u00edquido recebido pelo colaborador e os descontos aplic\u00e1veis (IRS e contribui\u00e7\u00f5es).<\/li>\n<li>Registar complementos da empresa (se aplic\u00e1vel): algumas empresas completam o valor at\u00e9 100% do sal\u00e1rio.<\/li>\n<li>Atualizar o total do vencimento: refletir a remunera\u00e7\u00e3o final do m\u00eas, incluindo a baixa m\u00e9dica.<\/li>\n<\/ul>\n<p>Um recibo bem preenchido evita d\u00favidas do colaborador e garante transpar\u00eancia nas contas da empresa.<\/p>\n<h2><a name=\"fatorial-baixa-medica\"><\/a>A Factorial ajuda na gest\u00e3o da baixa m\u00e9dica<\/h2>\n<p>A <strong>Factorial simplifica todo o processo de gest\u00e3o de baixas m\u00e9dicas<\/strong> para empresas e departamentos de RH:<\/p>\n<ul>\n<li>Automatiza c\u00e1lculos do subs\u00eddio de doen\u00e7a, incluindo percentagens e complementos.<\/li>\n<li>Regista os dias de aus\u00eancia e integra diretamente no recibo de vencimento.<\/li>\n<li>Centraliza documentos, como certificados m\u00e9dicos, garantindo conformidade com a legisla\u00e7\u00e3o portuguesa.<\/li>\n<li>Gera relat\u00f3rios detalhados para RH e gest\u00e3o financeira, permitindo monitorizar custos e aus\u00eancias.<\/li>\n<\/ul>\n<p>Com a Factorial, empresas reduzem erros administrativos, poupam tempo e asseguram que os colaboradores recebem corretamente o valor devido durante a baixa.<\/p>\n<p>\ud83d\udc49 <a href=\"https:\/\/factorialhr.pt\/product-tour\"><strong>Quer ver e perceber como funciona a plataforma da Factorial? Clique aqui!<\/strong><\/a><\/p>\n<div class=\"factorial-banner inline-banner banner-demo category-juridico-e-financeiro\"\n    data-banner-id=\"171813\"\n    data-banner-type=\"demo\"\n    data-category=\"Jur\u00eddico e Financeiro\">\n    <div class=\"banner-content\">\n        <div class=\"banner-text\">\n                            <h4>Factorial: A solu\u00e7\u00e3o centrada nas pessoas<\/h4>\n            \n                            <p>Tempo, Talento e Finan\u00e7as: tudo na mesma plataforma para simplificar a gest\u00e3o.<\/p>\n            \n                            <a href=\"https:\/\/factorialhr.pt\/get-started\"\n                    class=\"factorial-cta-button not-prose demo btn-brand\" data-cta=\"demo\" data-cta-position=\"inline-banner\">\n                    Experimente Gr\u00e1tis                <\/a>\n                    <\/div>\n\n        <div class=\"banner-image has-image\">\n            <img decoding=\"async\" src=\"https:\/\/factorialhr.com\/wp-content\/uploads\/2025\/04\/13182510\/blog_thumbnail_fact-2.jpg\" class=\"not-prose\" \/>\n        <\/div>\n    <\/div>\n<\/div>\n","protected":false},"excerpt":{"rendered":"<p>A baixa m\u00e9dica \u00e9 um direito fundamental dos trabalhadores que ficam incapacitados para trabalhar devido a doen\u00e7a ou acidente. Em Portugal, este direito garante a manuten\u00e7\u00e3o de parte da remunera\u00e7\u00e3o atrav\u00e9s do subs\u00eddio de doen\u00e7a, pago pela Seguran\u00e7a Social ou pelo empregador, dependendo da situa\u00e7\u00e3o. Saber quem tem direito, quanto se recebe e como gerir<a href=\"https:\/\/factorialhr.pt\/blog\/quanto-se-recebe-baixa-medica-portugal\/\" class=\"read-more\"> [&#8230;]<\/a><\/p>\n","protected":false},"author":107,"featured_media":160277,"comment_status":"closed","ping_status":"closed","sticky":false,"template":"","format":"standard","meta":{"_acf_changed":false,"footnotes":""},"categories":[399],"tags":[],"class_list":["post-185299","post","type-post","status-publish","format-standard","has-post-thumbnail","hentry","category-juridico-financeiro"],"acf":{"topics":"time"},"yoast_head":"<!-- This site is optimized with the Yoast SEO Premium plugin v21.5 (Yoast SEO v21.9.1) - https:\/\/yoast.com\/wordpress\/plugins\/seo\/ -->\n<title>Baixa M\u00e9dica em Portugal: Direitos, Valor e Regras | Factorial<\/title>\n<meta name=\"description\" content=\"Saiba quanto se recebe de baixa m\u00e9dica, quem tem direito, requisitos legais, documentos necess\u00e1rios e como gerir a folha de pagamento.\" \/>\n<meta name=\"robots\" content=\"index, follow, max-snippet:-1, max-image-preview:large, max-video-preview:-1\" \/>\n<link rel=\"canonical\" href=\"https:\/\/factorialhr.pt\/blog\/quanto-se-recebe-baixa-medica-portugal\/\" \/>\n<meta property=\"og:locale\" content=\"pt_PT\" \/>\n<meta property=\"og:type\" content=\"article\" \/>\n<meta property=\"og:title\" content=\"Quanto se recebe de baixa m\u00e9dica em Portugal?\" \/>\n<meta property=\"og:description\" content=\"Saiba quanto se recebe de baixa m\u00e9dica, quem tem direito, requisitos legais, documentos necess\u00e1rios e como gerir a folha de pagamento.\" \/>\n<meta property=\"og:url\" content=\"https:\/\/factorialhr.pt\/blog\/quanto-se-recebe-baixa-medica-portugal\/\" \/>\n<meta property=\"og:site_name\" content=\"Factorial\" \/>\n<meta property=\"article:publisher\" content=\"https:\/\/www.facebook.com\/people\/Factorial\/100064908455810\/\" \/>\n<meta property=\"article:published_time\" content=\"2026-04-27T14:27:28+00:00\" \/>\n<meta property=\"og:image\" content=\"https:\/\/factorialhr.com\/wp-content\/uploads\/2025\/05\/30170314\/blog_thumbnail_fact-4.jpg\" \/>\n\t<meta property=\"og:image:width\" content=\"1280\" \/>\n\t<meta property=\"og:image:height\" content=\"720\" \/>\n\t<meta property=\"og:image:type\" content=\"image\/jpeg\" \/>\n<meta name=\"author\" content=\"N\u00e1dia Ventura\" \/>\n<meta name=\"twitter:card\" content=\"summary_large_image\" \/>\n<meta name=\"twitter:creator\" content=\"@factorialapp\" \/>\n<meta name=\"twitter:site\" content=\"@factorialapp\" \/>\n<meta name=\"twitter:label1\" content=\"Written by\" \/>\n\t<meta name=\"twitter:data1\" content=\"N\u00e1dia Ventura\" \/>\n\t<meta name=\"twitter:label2\" content=\"Est. reading time\" \/>\n\t<meta name=\"twitter:data2\" content=\"6 minutos\" \/>\n<script type=\"application\/ld+json\" class=\"yoast-schema-graph\">{\"@context\":\"https:\/\/schema.org\",\"@graph\":[{\"@type\":\"Article\",\"@id\":\"https:\/\/factorialhr.pt\/blog\/quanto-se-recebe-baixa-medica-portugal\/#article\",\"isPartOf\":{\"@id\":\"https:\/\/factorialhr.pt\/blog\/quanto-se-recebe-baixa-medica-portugal\/\"},\"author\":{\"name\":\"N\u00e1dia Ventura\",\"@id\":\"https:\/\/factorialhr.pt\/blog\/#\/schema\/person\/df58ad1d710ca5110dfe568e657dfd10\"},\"headline\":\"Quanto se recebe de baixa m\u00e9dica em Portugal?\",\"datePublished\":\"2026-04-27T14:27:28+00:00\",\"dateModified\":\"2026-04-27T14:27:28+00:00\",\"mainEntityOfPage\":{\"@id\":\"https:\/\/factorialhr.pt\/blog\/quanto-se-recebe-baixa-medica-portugal\/\"},\"wordCount\":1398,\"publisher\":{\"@id\":\"https:\/\/factorialhr.pt\/blog\/#organization\"},\"articleSection\":[\"Jur\u00eddico e Financeiro\"],\"inLanguage\":\"pt-PT\"},{\"@type\":\"WebPage\",\"@id\":\"https:\/\/factorialhr.pt\/blog\/quanto-se-recebe-baixa-medica-portugal\/\",\"url\":\"https:\/\/factorialhr.pt\/blog\/quanto-se-recebe-baixa-medica-portugal\/\",\"name\":\"Baixa M\u00e9dica em Portugal: Direitos, Valor e Regras | Factorial\",\"isPartOf\":{\"@id\":\"https:\/\/factorialhr.pt\/blog\/#website\"},\"datePublished\":\"2026-04-27T14:27:28+00:00\",\"dateModified\":\"2026-04-27T14:27:28+00:00\",\"description\":\"Saiba quanto se recebe de baixa m\u00e9dica, quem tem direito, requisitos legais, documentos necess\u00e1rios e como gerir a folha de pagamento.\",\"inLanguage\":\"pt-PT\",\"potentialAction\":[{\"@type\":\"ReadAction\",\"target\":[\"https:\/\/factorialhr.pt\/blog\/quanto-se-recebe-baixa-medica-portugal\/\"]}]},{\"@type\":\"WebSite\",\"@id\":\"https:\/\/factorialhr.pt\/blog\/#website\",\"url\":\"https:\/\/factorialhr.pt\/blog\/\",\"name\":\"Factorial\",\"description\":\"\",\"publisher\":{\"@id\":\"https:\/\/factorialhr.pt\/blog\/#organization\"},\"potentialAction\":[{\"@type\":\"SearchAction\",\"target\":{\"@type\":\"EntryPoint\",\"urlTemplate\":\"https:\/\/factorialhr.pt\/blog\/?s={search_term_string}\"},\"query-input\":\"required name=search_term_string\"}],\"inLanguage\":\"pt-PT\"},{\"@type\":\"Organization\",\"@id\":\"https:\/\/factorialhr.pt\/blog\/#organization\",\"name\":\"All-in-one business management software - Factorial\",\"url\":\"https:\/\/factorialhr.pt\/blog\/\",\"logo\":{\"@type\":\"ImageObject\",\"inLanguage\":\"pt-PT\",\"@id\":\"https:\/\/factorialhr.pt\/blog\/#\/schema\/logo\/image\/\",\"url\":\"https:\/\/factorialhr.pt\/wp-content\/uploads\/2023\/07\/18155144\/factorial-logo.png\",\"contentUrl\":\"https:\/\/factorialhr.pt\/wp-content\/uploads\/2023\/07\/18155144\/factorial-logo.png\",\"width\":946,\"height\":880,\"caption\":\"All-in-one business management software - Factorial\"},\"image\":{\"@id\":\"https:\/\/factorialhr.pt\/blog\/#\/schema\/logo\/image\/\"},\"sameAs\":[\"https:\/\/www.facebook.com\/people\/Factorial\/100064908455810\/\",\"https:\/\/twitter.com\/factorialapp\",\"https:\/\/www.linkedin.com\/company\/factorialhr\",\"https:\/\/www.youtube.com\/@factorialmedia\",\"https:\/\/www.instagram.com\/factorial\/#\"]},{\"@type\":\"Person\",\"@id\":\"https:\/\/factorialhr.pt\/blog\/#\/schema\/person\/df58ad1d710ca5110dfe568e657dfd10\",\"name\":\"N\u00e1dia Ventura\",\"image\":{\"@type\":\"ImageObject\",\"inLanguage\":\"pt-PT\",\"@id\":\"https:\/\/factorialhr.pt\/blog\/#\/schema\/person\/image\/\",\"url\":\"https:\/\/secure.gravatar.com\/avatar\/5b9e9f3901aed6b7b6b4db81f034a409?s=96&d=identicon&r=g\",\"contentUrl\":\"https:\/\/secure.gravatar.com\/avatar\/5b9e9f3901aed6b7b6b4db81f034a409?s=96&d=identicon&r=g\",\"caption\":\"N\u00e1dia Ventura\"},\"description\":\"A N\u00e1dia Ventura escreve desde que aprendeu a juntar s\u00edlabas. Hoje, \u00e9 copywriter e content writer e entusiasta da escrita com prop\u00f3sito: aquela que informa, entret\u00e9m, vende e ainda arranca um sorriso de quem l\u00ea. Fundadora da Academia CES - Copywriting, escrita criativa e storytelling, e com mais de 7 anos de experi\u00eancia a escrever para marcas do setor alimentar, recursos humanos, banc\u00e1rio, animal, autom\u00f3vel, sa\u00fade e tantos outros, acredita que o segredo est\u00e1 em dizer muito, com poucas palavras (exceto quando h\u00e1 espa\u00e7o para um bom par\u00eanteses ou met\u00e1fora). Tem forma\u00e7\u00e3o em textos otimizados para SEO, storytelling, escrita ciativa, copywriting persuasivo e marketing de conte\u00fado, marketing tur\u00edstico, (e um v\u00edcio cr\u00f3nico em aprender). \u00c9 parceira da Factorial no mercado portugu\u00eas e, por aqui, quer escrever conte\u00fados que n\u00e3o adorme\u00e7am ningu\u00e9m, tragam solu\u00e7\u00f5es pr\u00e1ticas para quem trabalha com pessoas e fa\u00e7am as equipas pensar, rir e trabalhar melhor. \u00c9 apologista de que devemos partilhar conhecimento, hist\u00f3rias, experi\u00eancias (e bolos de chocolate, sempre!).\",\"sameAs\":[\"http:\/\/nadiaventura.pt\",\"https:\/\/www.instagram.com\/nadiaventura.copywriter\/\",\"https:\/\/www.linkedin.com\/in\/nadiaventura\/\",\"https:\/\/www.youtube.com\/@nadiaventura.copywriter\"],\"birthDate\":\"1997-02-11\",\"gender\":\"Female\",\"knowsLanguage\":[\"Portuguese\"],\"url\":\"https:\/\/factorialhr.pt\/blog\/author\/nadiaventura\/\"}]}<\/script>\n<!-- \/ Yoast SEO Premium plugin. -->","yoast_head_json":{"title":"Baixa M\u00e9dica em Portugal: Direitos, Valor e Regras | Factorial","description":"Saiba quanto se recebe de baixa m\u00e9dica, quem tem direito, requisitos legais, documentos necess\u00e1rios e como gerir a folha de pagamento.","robots":{"index":"index","follow":"follow","max-snippet":"max-snippet:-1","max-image-preview":"max-image-preview:large","max-video-preview":"max-video-preview:-1"},"canonical":"https:\/\/factorialhr.pt\/blog\/quanto-se-recebe-baixa-medica-portugal\/","og_locale":"pt_PT","og_type":"article","og_title":"Quanto se recebe de baixa m\u00e9dica em Portugal?","og_description":"Saiba quanto se recebe de baixa m\u00e9dica, quem tem direito, requisitos legais, documentos necess\u00e1rios e como gerir a folha de pagamento.","og_url":"https:\/\/factorialhr.pt\/blog\/quanto-se-recebe-baixa-medica-portugal\/","og_site_name":"Factorial","article_publisher":"https:\/\/www.facebook.com\/people\/Factorial\/100064908455810\/","article_published_time":"2026-04-27T14:27:28+00:00","og_image":[{"width":1280,"height":720,"url":"https:\/\/factorialhr.com\/wp-content\/uploads\/2025\/05\/30170314\/blog_thumbnail_fact-4.jpg","type":"image\/jpeg"}],"author":"N\u00e1dia Ventura","twitter_card":"summary_large_image","twitter_creator":"@factorialapp","twitter_site":"@factorialapp","twitter_misc":{"Written by":"N\u00e1dia Ventura","Est. reading time":"6 minutos"},"schema":{"@context":"https:\/\/schema.org","@graph":[{"@type":"Article","@id":"https:\/\/factorialhr.pt\/blog\/quanto-se-recebe-baixa-medica-portugal\/#article","isPartOf":{"@id":"https:\/\/factorialhr.pt\/blog\/quanto-se-recebe-baixa-medica-portugal\/"},"author":{"name":"N\u00e1dia Ventura","@id":"https:\/\/factorialhr.pt\/blog\/#\/schema\/person\/df58ad1d710ca5110dfe568e657dfd10"},"headline":"Quanto se recebe de baixa m\u00e9dica em Portugal?","datePublished":"2026-04-27T14:27:28+00:00","dateModified":"2026-04-27T14:27:28+00:00","mainEntityOfPage":{"@id":"https:\/\/factorialhr.pt\/blog\/quanto-se-recebe-baixa-medica-portugal\/"},"wordCount":1398,"publisher":{"@id":"https:\/\/factorialhr.pt\/blog\/#organization"},"articleSection":["Jur\u00eddico e Financeiro"],"inLanguage":"pt-PT"},{"@type":"WebPage","@id":"https:\/\/factorialhr.pt\/blog\/quanto-se-recebe-baixa-medica-portugal\/","url":"https:\/\/factorialhr.pt\/blog\/quanto-se-recebe-baixa-medica-portugal\/","name":"Baixa M\u00e9dica em Portugal: Direitos, Valor e Regras | Factorial","isPartOf":{"@id":"https:\/\/factorialhr.pt\/blog\/#website"},"datePublished":"2026-04-27T14:27:28+00:00","dateModified":"2026-04-27T14:27:28+00:00","description":"Saiba quanto se recebe de baixa m\u00e9dica, quem tem direito, requisitos legais, documentos necess\u00e1rios e como gerir a folha de pagamento.","inLanguage":"pt-PT","potentialAction":[{"@type":"ReadAction","target":["https:\/\/factorialhr.pt\/blog\/quanto-se-recebe-baixa-medica-portugal\/"]}]},{"@type":"WebSite","@id":"https:\/\/factorialhr.pt\/blog\/#website","url":"https:\/\/factorialhr.pt\/blog\/","name":"Factorial","description":"","publisher":{"@id":"https:\/\/factorialhr.pt\/blog\/#organization"},"potentialAction":[{"@type":"SearchAction","target":{"@type":"EntryPoint","urlTemplate":"https:\/\/factorialhr.pt\/blog\/?s={search_term_string}"},"query-input":"required name=search_term_string"}],"inLanguage":"pt-PT"},{"@type":"Organization","@id":"https:\/\/factorialhr.pt\/blog\/#organization","name":"All-in-one business management software - Factorial","url":"https:\/\/factorialhr.pt\/blog\/","logo":{"@type":"ImageObject","inLanguage":"pt-PT","@id":"https:\/\/factorialhr.pt\/blog\/#\/schema\/logo\/image\/","url":"https:\/\/factorialhr.pt\/wp-content\/uploads\/2023\/07\/18155144\/factorial-logo.png","contentUrl":"https:\/\/factorialhr.pt\/wp-content\/uploads\/2023\/07\/18155144\/factorial-logo.png","width":946,"height":880,"caption":"All-in-one business management software - Factorial"},"image":{"@id":"https:\/\/factorialhr.pt\/blog\/#\/schema\/logo\/image\/"},"sameAs":["https:\/\/www.facebook.com\/people\/Factorial\/100064908455810\/","https:\/\/twitter.com\/factorialapp","https:\/\/www.linkedin.com\/company\/factorialhr","https:\/\/www.youtube.com\/@factorialmedia","https:\/\/www.instagram.com\/factorial\/#"]},{"@type":"Person","@id":"https:\/\/factorialhr.pt\/blog\/#\/schema\/person\/df58ad1d710ca5110dfe568e657dfd10","name":"N\u00e1dia Ventura","image":{"@type":"ImageObject","inLanguage":"pt-PT","@id":"https:\/\/factorialhr.pt\/blog\/#\/schema\/person\/image\/","url":"https:\/\/secure.gravatar.com\/avatar\/5b9e9f3901aed6b7b6b4db81f034a409?s=96&d=identicon&r=g","contentUrl":"https:\/\/secure.gravatar.com\/avatar\/5b9e9f3901aed6b7b6b4db81f034a409?s=96&d=identicon&r=g","caption":"N\u00e1dia Ventura"},"description":"A N\u00e1dia Ventura escreve desde que aprendeu a juntar s\u00edlabas. Hoje, \u00e9 copywriter e content writer e entusiasta da escrita com prop\u00f3sito: aquela que informa, entret\u00e9m, vende e ainda arranca um sorriso de quem l\u00ea. Fundadora da Academia CES - Copywriting, escrita criativa e storytelling, e com mais de 7 anos de experi\u00eancia a escrever para marcas do setor alimentar, recursos humanos, banc\u00e1rio, animal, autom\u00f3vel, sa\u00fade e tantos outros, acredita que o segredo est\u00e1 em dizer muito, com poucas palavras (exceto quando h\u00e1 espa\u00e7o para um bom par\u00eanteses ou met\u00e1fora). Tem forma\u00e7\u00e3o em textos otimizados para SEO, storytelling, escrita ciativa, copywriting persuasivo e marketing de conte\u00fado, marketing tur\u00edstico, (e um v\u00edcio cr\u00f3nico em aprender). \u00c9 parceira da Factorial no mercado portugu\u00eas e, por aqui, quer escrever conte\u00fados que n\u00e3o adorme\u00e7am ningu\u00e9m, tragam solu\u00e7\u00f5es pr\u00e1ticas para quem trabalha com pessoas e fa\u00e7am as equipas pensar, rir e trabalhar melhor. \u00c9 apologista de que devemos partilhar conhecimento, hist\u00f3rias, experi\u00eancias (e bolos de chocolate, sempre!).","sameAs":["http:\/\/nadiaventura.pt","https:\/\/www.instagram.com\/nadiaventura.copywriter\/","https:\/\/www.linkedin.com\/in\/nadiaventura\/","https:\/\/www.youtube.com\/@nadiaventura.copywriter"],"birthDate":"1997-02-11","gender":"Female","knowsLanguage":["Portuguese"],"url":"https:\/\/factorialhr.pt\/blog\/author\/nadiaventura\/"}]}},"_links":{"self":[{"href":"https:\/\/factorialhr.pt\/blog\/wp-json\/wp\/v2\/posts\/185299"}],"collection":[{"href":"https:\/\/factorialhr.pt\/blog\/wp-json\/wp\/v2\/posts"}],"about":[{"href":"https:\/\/factorialhr.pt\/blog\/wp-json\/wp\/v2\/types\/post"}],"author":[{"embeddable":true,"href":"https:\/\/factorialhr.pt\/blog\/wp-json\/wp\/v2\/users\/107"}],"replies":[{"embeddable":true,"href":"https:\/\/factorialhr.pt\/blog\/wp-json\/wp\/v2\/comments?post=185299"}],"version-history":[{"count":4,"href":"https:\/\/factorialhr.pt\/blog\/wp-json\/wp\/v2\/posts\/185299\/revisions"}],"predecessor-version":[{"id":187826,"href":"https:\/\/factorialhr.pt\/blog\/wp-json\/wp\/v2\/posts\/185299\/revisions\/187826"}],"wp:featuredmedia":[{"embeddable":true,"href":"https:\/\/factorialhr.pt\/blog\/wp-json\/wp\/v2\/media\/160277"}],"wp:attachment":[{"href":"https:\/\/factorialhr.pt\/blog\/wp-json\/wp\/v2\/media?parent=185299"}],"wp:term":[{"taxonomy":"category","embeddable":true,"href":"https:\/\/factorialhr.pt\/blog\/wp-json\/wp\/v2\/categories?post=185299"},{"taxonomy":"post_tag","embeddable":true,"href":"https:\/\/factorialhr.pt\/blog\/wp-json\/wp\/v2\/tags?post=185299"}],"curies":[{"name":"wp","href":"https:\/\/api.w.org\/{rel}","templated":true}]}}