{"id":186079,"date":"2026-04-27T15:48:53","date_gmt":"2026-04-27T13:48:53","guid":{"rendered":"https:\/\/factorialhr.com\/blog\/?p=186079"},"modified":"2026-04-27T15:49:44","modified_gmt":"2026-04-27T13:49:44","slug":"proforma-o-que-e-e-quando-faz-sentido-usa-la-na-empresa","status":"publish","type":"post","link":"https:\/\/factorialhr.pt\/blog\/proforma-o-que-e-e-quando-faz-sentido-usa-la-na-empresa\/","title":{"rendered":"Proforma: o que \u00e9 e quando faz sentido us\u00e1-la na empresa"},"content":{"rendered":"<p>A <strong>proforma<\/strong> \u00e9 um tipo de documento que toda a gente conhece de nome, mas que poucos sabem usar corretamente. \u00c9 comum ver empresas a confundir proformas com or\u00e7amentos e a tratar faturas proforma como se fossem faturas definitivas. Ou, ainda, a pedir um documento quando deveriam pedir o outro.<\/p>\n<p>Este artigo explica<strong> o que \u00e9 uma proforma e quando faz sentido us\u00e1-la<\/strong>. Fique a saber como pode ser uma ferramenta muito \u00fatil para qualquer equipa que precise de validar custos e organizar processos de compra internos!<\/p>\n<p><strong>Tabela de Conte\u00fados:<\/strong><\/p>\n<ul>\n<li><a href=\"#proforma\">O que \u00e9 uma proforma e para que serve<\/a><\/li>\n<li><a href=\"#usar\">Quando usar uma proforma na pr\u00e1tica<\/a><\/li>\n<li><a href=\"#exemplos\">Exemplos de uso em contexto empresarial<\/a><\/li>\n<li><a href=\"#diferencas\">Proforma, or\u00e7amento e fatura: qual \u00e9 a diferen\u00e7a?<\/a><\/li>\n<li><a href=\"#erros\">Porque \u00e9 que a proforma evita erros e atrasos internos<\/a><\/li>\n<li><a href=\"#factorial\">Organizar aprova\u00e7\u00f5es e processos internos com a Factorial<\/a>\n<ul>\n<li><a href=\"https:\/\/factorialhr.pt\/descubra-a-factorial-em-acao\">Pedir demonstra\u00e7\u00e3o gratuita<\/a><\/li>\n<\/ul>\n<\/li>\n<\/ul>\n<div class=\"factorial-banner inline-banner banner-demo category-sem-categoria\"\n    data-banner-id=\"171906\"\n    data-banner-type=\"demo\"\n    data-category=\"Sem categoria\">\n    <div class=\"banner-content\">\n        <div class=\"banner-text\">\n                            <h4>Software de Gest\u00e3o Financeira<\/h4>\n            \n                            <p>Gest\u00e3o mais simples, r\u00e1pida e organizada para or\u00e7amentos, despesas e sal\u00e1rios.<\/p>\n            \n                            <a href=\"https:\/\/factorialhr.pt\/get-started\"\n                    class=\"factorial-cta-button not-prose demo btn-brand\" data-cta=\"demo\" data-cta-position=\"inline-banner\">\n                    Experimente Gr\u00e1tis                <\/a>\n                    <\/div>\n\n        <div class=\"banner-image has-image\">\n            <img decoding=\"async\" src=\"https:\/\/factorialhr.com\/wp-content\/uploads\/2025\/10\/29120723\/ShiftManagementCARDS.png\" class=\"not-prose\" \/>\n        <\/div>\n    <\/div>\n<\/div>\n<h2><a name=\"proforma\"><\/a>O que \u00e9 uma proforma e para que serve<\/h2>\n<p>A proforma, ou fatura proforma, trata-se de um documento comercial emitido <strong>antes<\/strong> da fatura\u00e7\u00e3o final.<\/p>\n<p>Serve para apresentar os bens ou servi\u00e7os que v\u00e3o ser fornecidos, os respetivos valores, condi\u00e7\u00f5es de pagamento e prazos. Funciona, portanto, como uma <strong>formaliza\u00e7\u00e3o pr\u00e9via<\/strong> da proposta comercial.<\/p>\n<p>N\u00e3o substitui a fatura, que obedece a requisitos legais espec\u00edficos, n\u00e3o tem relev\u00e2ncia fiscal, n\u00e3o \u00e9 um recibo, nem um comprovativo de pagamento. Mas existe justamente para colmatar o espa\u00e7o entre o momento em que surge uma necessidade e o momento em que a compra est\u00e1 efetivamente aprovada e conclu\u00edda.<\/p>\n<p>Para os departamentos de RH, que frequentemente gerem despesas com fornecedores externos, <a href=\"https:\/\/factorialhr.pt\/gestao-formacao\">forma\u00e7\u00f5es<\/a>, eventos ou servi\u00e7os de recrutamento, a proforma torna-se, assim, bastante \u00fatil.<\/p>\n<p>Ela permite validar internamente um custo antes de avan\u00e7ar com a compra ou contrata\u00e7\u00e3o, tornado o processo <strong>mais transparente<\/strong>. Assim como mais f\u00e1cil de justificar e <strong>menos sujeito a erros<\/strong>.<\/p>\n<h2><a name=\"usar\"><\/a>Quando usar uma proforma na pr\u00e1tica<\/h2>\n<p>A proforma faz sentido sobretudo quando \u00e9 necess\u00e1rio:<\/p>\n<ul>\n<li><strong>Aprovar um custo antes da adjudica\u00e7\u00e3o.<\/strong> Ou seja, h\u00e1 uma proposta em cima da mesa, mas a decis\u00e3o ainda n\u00e3o foi tomada;<\/li>\n<li><strong>Alinhar condi\u00e7\u00f5es entre a empresa e o fornecedor.<\/strong> Assim, garante-se que os valores, datas e \u00e2mbito est\u00e3o acordados antes de emitir qualquer documento definitivo;<\/li>\n<li><strong>Formalizar um servi\u00e7o antes da emiss\u00e3o da fatura.<\/strong> Especialmente quando o fornecedor n\u00e3o fatura sem uma confirma\u00e7\u00e3o pr\u00e9via por parte do cliente;<\/li>\n<li><strong>Garantir clareza no processo de compra.<\/strong> Particularmente quando envolve diferentes equipas ou centros de custo.<\/li>\n<\/ul>\n<h2><a name=\"exemplos\"><\/a>Exemplos de uso em contexto empresarial<\/h2>\n<p>Na realidade do dia a dia das equipas de RH, a proforma surge com mais frequ\u00eancia do que se pensa. Eis algumas situa\u00e7\u00f5es em que poder\u00e1 justificar-se:<\/p>\n<ul>\n<li><strong>Contrata\u00e7\u00e3o de uma forma\u00e7\u00e3o para equipas.<\/strong> Antes de confirmar a reserva, o fornecedor envia uma proforma com os valores e condi\u00e7\u00f5es. A equipa de RH pode usar esse documento para obter aprova\u00e7\u00e3o interna antes de avan\u00e7ar.<\/li>\n<li><strong>Compra de material de <\/strong><a href=\"https:\/\/factorialhr.pt\/onboarding-offboarding-funcionarios\"><strong>onboarding<\/strong><\/a>, como notebooks, kits de boas-vindas ou acess\u00f3rios de escrit\u00f3rio. A proforma permite aprovar internamente o custo antes da encomenda final.<\/li>\n<li><strong>Contrata\u00e7\u00e3o de um parceiro de recrutamento.<\/strong> A proforma formaliza as condi\u00e7\u00f5es do servi\u00e7o (fee, prazo, \u00e2mbito, etc.) antes da fatura definitiva.<\/li>\n<li><strong>Organiza\u00e7\u00e3o de eventos internos<\/strong>, nomeadamente, aluguer de espa\u00e7os, catering ou servi\u00e7os audiovisuais. A proforma \u00e9, aqui, a base para a aprova\u00e7\u00e3o or\u00e7amental.<\/li>\n<li><strong>Servi\u00e7os externos recorrentes. <\/strong>Caso da consultoria, assessoria jur\u00eddica ou qualquer servi\u00e7o de presta\u00e7\u00e3o continuada que exija valida\u00e7\u00e3o peri\u00f3dica.<\/li>\n<\/ul>\n<h2><a name=\"diferencas\"><\/a>Proforma, or\u00e7amento e fatura: qual \u00e9 a diferen\u00e7a?<\/h2>\n<p>Esta \u00e9, de longe, a maior fonte de confus\u00e3o. Mas a distin\u00e7\u00e3o \u00e9 bem mais simples do que parece:<\/p>\n<table>\n<thead>\n<tr>\n<td width=\"91\"><strong>Documento<\/strong><\/td>\n<td width=\"396\"><strong>O que \u00e9<\/strong><\/td>\n<td><strong>Tem valor fiscal?<\/strong><\/td>\n<\/tr>\n<\/thead>\n<tbody>\n<tr>\n<td width=\"91\">Or\u00e7amento<\/td>\n<td width=\"396\">Proposta comercial inicial, geralmente informal<\/td>\n<td>N\u00e3o<\/td>\n<\/tr>\n<tr>\n<td width=\"91\">Proforma<\/td>\n<td width=\"396\">Vers\u00e3o mais formal e estruturada do or\u00e7amento<\/td>\n<td>N\u00e3o<\/td>\n<\/tr>\n<tr>\n<td width=\"91\">Fatura<\/td>\n<td width=\"396\">Documento definitivo, emitido ap\u00f3s a presta\u00e7\u00e3o do servi\u00e7o ou entrega do bem<\/td>\n<td>Sim<\/td>\n<\/tr>\n<\/tbody>\n<\/table>\n<p>Em suma, a sequ\u00eancia natural \u00e9: or\u00e7amento \u2192 proforma \u2192 fatura.<\/p>\n<p>Contudo, a diferen\u00e7a entre estes documentos n\u00e3o \u00e9 apenas administrativa. Influencia tamb\u00e9m quem aprova, quando se compra e como a despesa \u00e9 registada internamente.<\/p>\n<h2><a name=\"erros\"><\/a>Porque \u00e9 que a proforma evita erros e atrasos internos<\/h2>\n<p>H\u00e1 uma forma de olhar para a proforma que deve ir al\u00e9m da mera fatura\u00e7\u00e3o. Ela deve ser vista, antes de mais, uma <strong>ferramenta<\/strong> de organiza\u00e7\u00e3o interna.<\/p>\n<p>Quando uma equipa de RH precisa de contratar um servi\u00e7o, raramente a decis\u00e3o \u00e9 tomada por uma \u00fanica pessoa. H\u00e1 um pedido inicial, uma valida\u00e7\u00e3o por parte da lideran\u00e7a, uma verifica\u00e7\u00e3o pelo financeiro e, s\u00f3 depois, a adjudica\u00e7\u00e3o.<\/p>\n<p>Sem um documento formal que fixe os termos, esse processo transforma-se numa s\u00e9rie de emails dispersos. Ou vers\u00f5es de propostas em PDF com nomes parecidos e aprova\u00e7\u00f5es verbais feitas em reuni\u00e3o que n\u00e3o ficam registadas.<\/p>\n<p>A proforma resolve isto pois:<\/p>\n<ul>\n<li><strong>Evita compras incorretamente aprovadas:<\/strong> existe sempre um registo claro do que foi acordado antes de qualquer decis\u00e3o;<\/li>\n<li><strong>Alinha Recursos Humanos, financeiro e dire\u00e7\u00e3o:<\/strong> todos trabalham com o mesmo documento de refer\u00eancia;<\/li>\n<li><strong>Reduz trocas de emails e documentos dispersos:<\/strong> o processo fica centralizado \u00e0 volta de um \u00fanico ficheiro formal;<\/li>\n<li><strong>D\u00e1 visibilidade sobre custos antes da decis\u00e3o final: <\/strong>ningu\u00e9m \u00e9 apanhado de surpresa com um valor diferente do esperado.<\/li>\n<\/ul>\n<p>Em suma, a proforma n\u00e3o serve apenas para vender. Serve, acima de tudo, para <strong>organizar<\/strong>.<\/p>\n<p>Para equipas de RH que gerem m\u00faltiplos fornecedores, servi\u00e7os externos e processos de aprova\u00e7\u00e3o, dominar este documento \u00e9 uma pequena mudan\u00e7a com um <strong>impacto real<\/strong> na forma como os processos funcionam.<\/p>\n<h2><a name=\"factorial\"><\/a>Organizar aprova\u00e7\u00f5es e processos internos com a Factorial<\/h2>\n<p>Se a proforma formaliza o custo, a tecnologia ajuda a gerir o processo \u00e0 volta desse custo.<\/p>\n<p><strong>Com a <a href=\"https:\/\/factorialhr.pt\/software-de-recursos-humanos\">Factorial<\/a>, as equipas de RH conseguem:<\/strong><\/p>\n<p>&#8211; Centralizar pedidos e documenta\u00e7\u00e3o;<\/p>\n<p>&#8211; Ter maior controlo sobre aprova\u00e7\u00f5es internas;<\/p>\n<p>&#8211; Eliminar processos dispersos por email;<\/p>\n<p>&#8211; Garantir melhor coordena\u00e7\u00e3o entre departamentos.<\/p>\n<p>Em vez de cada valida\u00e7\u00e3o depender de uma troca de mensagens ou de um documento guardado na pasta errada, tudo fica num \u00fanico lugar. Acess\u00edvel a quem precisa, no momento certo.<\/p>\n<p>Menos processos manuais. Menos margem para erro. Mais tempo para o que realmente importa.<\/p>\n<p><strong>\ud83d\udc49<\/strong> <a href=\"https:\/\/factorialhr.pt\/product-tour\"><strong>Quer ver e perceber como funciona a plataforma da Factorial? Clique aqui!<\/strong><\/a><\/p>\n<div class=\"factorial-banner inline-banner banner-demo category-sem-categoria\"\n    data-banner-id=\"171813\"\n    data-banner-type=\"demo\"\n    data-category=\"Sem categoria\">\n    <div class=\"banner-content\">\n        <div class=\"banner-text\">\n                            <h4>Factorial: A solu\u00e7\u00e3o centrada nas pessoas<\/h4>\n            \n                            <p>Tempo, Talento e Finan\u00e7as: tudo na mesma plataforma para simplificar a gest\u00e3o.<\/p>\n            \n                            <a href=\"https:\/\/factorialhr.pt\/get-started\"\n                    class=\"factorial-cta-button not-prose demo btn-brand\" data-cta=\"demo\" data-cta-position=\"inline-banner\">\n                    Experimente Gr\u00e1tis                <\/a>\n                    <\/div>\n\n        <div class=\"banner-image has-image\">\n            <img decoding=\"async\" src=\"https:\/\/factorialhr.com\/wp-content\/uploads\/2025\/04\/13182510\/blog_thumbnail_fact-2.jpg\" class=\"not-prose\" \/>\n        <\/div>\n    <\/div>\n<\/div>\n","protected":false},"excerpt":{"rendered":"<p>A proforma \u00e9 um tipo de documento que toda a gente conhece de nome, mas que poucos sabem usar corretamente. \u00c9 comum ver empresas a confundir proformas com or\u00e7amentos e a tratar faturas proforma como se fossem faturas definitivas. Ou, ainda, a pedir um documento quando deveriam pedir o outro. Este artigo explica o que<a href=\"https:\/\/factorialhr.pt\/blog\/proforma-o-que-e-e-quando-faz-sentido-usa-la-na-empresa\/\" class=\"read-more\"> [&#8230;]<\/a><\/p>\n","protected":false},"author":109,"featured_media":157802,"comment_status":"closed","ping_status":"closed","sticky":false,"template":"","format":"standard","meta":{"_acf_changed":false,"footnotes":""},"categories":[111],"tags":[],"class_list":["post-186079","post","type-post","status-publish","format-standard","has-post-thumbnail","hentry","category-sem-categoria"],"acf":{"topics":"finance"},"yoast_head":"<!-- This site is optimized with the Yoast SEO Premium plugin v21.5 (Yoast SEO v21.9.1) - https:\/\/yoast.com\/wordpress\/plugins\/seo\/ -->\n<title>Proforma: O que \u00e9 e quando faz sentido us\u00e1-la na empresa<\/title>\n<meta name=\"description\" content=\"Saiba o que \u00e9 uma proforma, para que serve, quando deve ser usada e em que difere de um or\u00e7amento ou de uma fatura.\" \/>\n<meta name=\"robots\" content=\"index, follow, max-snippet:-1, max-image-preview:large, max-video-preview:-1\" \/>\n<link rel=\"canonical\" href=\"https:\/\/factorialhr.pt\/blog\/proforma-o-que-e-e-quando-faz-sentido-usa-la-na-empresa\/\" \/>\n<meta property=\"og:locale\" content=\"pt_PT\" \/>\n<meta property=\"og:type\" content=\"article\" \/>\n<meta property=\"og:title\" content=\"Proforma: o que \u00e9 e quando faz sentido us\u00e1-la na empresa\" \/>\n<meta property=\"og:description\" content=\"Saiba o que \u00e9 uma proforma, para que serve, quando deve ser usada e em que difere de um or\u00e7amento ou de uma fatura.\" \/>\n<meta property=\"og:url\" content=\"https:\/\/factorialhr.pt\/blog\/proforma-o-que-e-e-quando-faz-sentido-usa-la-na-empresa\/\" \/>\n<meta property=\"og:site_name\" content=\"Factorial\" \/>\n<meta property=\"article:publisher\" content=\"https:\/\/www.facebook.com\/people\/Factorial\/100064908455810\/\" \/>\n<meta property=\"article:published_time\" content=\"2026-04-27T13:48:53+00:00\" \/>\n<meta property=\"article:modified_time\" content=\"2026-04-27T13:49:44+00:00\" \/>\n<meta property=\"og:image\" content=\"https:\/\/factorialhr.com\/wp-content\/uploads\/2025\/04\/05212143\/blog_thumbnail_fact-5.jpg\" \/>\n\t<meta property=\"og:image:width\" content=\"1280\" \/>\n\t<meta property=\"og:image:height\" content=\"720\" \/>\n\t<meta property=\"og:image:type\" content=\"image\/jpeg\" \/>\n<meta name=\"author\" content=\"Vanessa R\u00f4la\" \/>\n<meta name=\"twitter:card\" content=\"summary_large_image\" \/>\n<meta name=\"twitter:creator\" content=\"@factorialapp\" \/>\n<meta name=\"twitter:site\" content=\"@factorialapp\" \/>\n<meta name=\"twitter:label1\" content=\"Written by\" \/>\n\t<meta name=\"twitter:data1\" content=\"Vanessa R\u00f4la\" \/>\n\t<meta name=\"twitter:label2\" content=\"Est. reading time\" \/>\n\t<meta name=\"twitter:data2\" content=\"5 minutos\" \/>\n<script type=\"application\/ld+json\" class=\"yoast-schema-graph\">{\"@context\":\"https:\/\/schema.org\",\"@graph\":[{\"@type\":\"Article\",\"@id\":\"https:\/\/factorialhr.pt\/blog\/proforma-o-que-e-e-quando-faz-sentido-usa-la-na-empresa\/#article\",\"isPartOf\":{\"@id\":\"https:\/\/factorialhr.pt\/blog\/proforma-o-que-e-e-quando-faz-sentido-usa-la-na-empresa\/\"},\"author\":{\"name\":\"Vanessa R\u00f4la\",\"@id\":\"https:\/\/factorialhr.pt\/blog\/#\/schema\/person\/074dc69f2ff8f258b111fc17947fb1d4\"},\"headline\":\"Proforma: o que \u00e9 e quando faz sentido us\u00e1-la na empresa\",\"datePublished\":\"2026-04-27T13:48:53+00:00\",\"dateModified\":\"2026-04-27T13:49:44+00:00\",\"mainEntityOfPage\":{\"@id\":\"https:\/\/factorialhr.pt\/blog\/proforma-o-que-e-e-quando-faz-sentido-usa-la-na-empresa\/\"},\"wordCount\":1092,\"publisher\":{\"@id\":\"https:\/\/factorialhr.pt\/blog\/#organization\"},\"inLanguage\":\"pt-PT\"},{\"@type\":\"WebPage\",\"@id\":\"https:\/\/factorialhr.pt\/blog\/proforma-o-que-e-e-quando-faz-sentido-usa-la-na-empresa\/\",\"url\":\"https:\/\/factorialhr.pt\/blog\/proforma-o-que-e-e-quando-faz-sentido-usa-la-na-empresa\/\",\"name\":\"Proforma: O que \u00e9 e quando faz sentido us\u00e1-la na empresa\",\"isPartOf\":{\"@id\":\"https:\/\/factorialhr.pt\/blog\/#website\"},\"datePublished\":\"2026-04-27T13:48:53+00:00\",\"dateModified\":\"2026-04-27T13:49:44+00:00\",\"description\":\"Saiba o que \u00e9 uma proforma, para que serve, quando deve ser usada e em que difere de um or\u00e7amento ou de uma fatura.\",\"inLanguage\":\"pt-PT\",\"potentialAction\":[{\"@type\":\"ReadAction\",\"target\":[\"https:\/\/factorialhr.pt\/blog\/proforma-o-que-e-e-quando-faz-sentido-usa-la-na-empresa\/\"]}]},{\"@type\":\"WebSite\",\"@id\":\"https:\/\/factorialhr.pt\/blog\/#website\",\"url\":\"https:\/\/factorialhr.pt\/blog\/\",\"name\":\"Factorial\",\"description\":\"\",\"publisher\":{\"@id\":\"https:\/\/factorialhr.pt\/blog\/#organization\"},\"potentialAction\":[{\"@type\":\"SearchAction\",\"target\":{\"@type\":\"EntryPoint\",\"urlTemplate\":\"https:\/\/factorialhr.pt\/blog\/?s={search_term_string}\"},\"query-input\":\"required name=search_term_string\"}],\"inLanguage\":\"pt-PT\"},{\"@type\":\"Organization\",\"@id\":\"https:\/\/factorialhr.pt\/blog\/#organization\",\"name\":\"All-in-one business management software - Factorial\",\"url\":\"https:\/\/factorialhr.pt\/blog\/\",\"logo\":{\"@type\":\"ImageObject\",\"inLanguage\":\"pt-PT\",\"@id\":\"https:\/\/factorialhr.pt\/blog\/#\/schema\/logo\/image\/\",\"url\":\"https:\/\/factorialhr.pt\/wp-content\/uploads\/2023\/07\/18155144\/factorial-logo.png\",\"contentUrl\":\"https:\/\/factorialhr.pt\/wp-content\/uploads\/2023\/07\/18155144\/factorial-logo.png\",\"width\":946,\"height\":880,\"caption\":\"All-in-one business management software - Factorial\"},\"image\":{\"@id\":\"https:\/\/factorialhr.pt\/blog\/#\/schema\/logo\/image\/\"},\"sameAs\":[\"https:\/\/www.facebook.com\/people\/Factorial\/100064908455810\/\",\"https:\/\/twitter.com\/factorialapp\",\"https:\/\/www.linkedin.com\/company\/factorialhr\",\"https:\/\/www.youtube.com\/@factorialmedia\",\"https:\/\/www.instagram.com\/factorial\/#\"]},{\"@type\":\"Person\",\"@id\":\"https:\/\/factorialhr.pt\/blog\/#\/schema\/person\/074dc69f2ff8f258b111fc17947fb1d4\",\"name\":\"Vanessa R\u00f4la\",\"image\":{\"@type\":\"ImageObject\",\"inLanguage\":\"pt-PT\",\"@id\":\"https:\/\/factorialhr.pt\/blog\/#\/schema\/person\/image\/\",\"url\":\"https:\/\/secure.gravatar.com\/avatar\/08b9b0580a5bc8a837aa3d4305323d66?s=96&d=identicon&r=g\",\"contentUrl\":\"https:\/\/secure.gravatar.com\/avatar\/08b9b0580a5bc8a837aa3d4305323d66?s=96&d=identicon&r=g\",\"caption\":\"Vanessa R\u00f4la\"},\"description\":\"Sou copywriter especializada em SEO, apaixonada por traduzir ideias em palavras. Acredito no poder da escrita para ligar pessoas, marcas e hist\u00f3rias, sendo isso que me motiva em cada projeto. Desde sempre me fascinou a comunica\u00e7\u00e3o, o que me levou a licenciar-me em Ci\u00eancias da Comunica\u00e7\u00e3o e a completar um mestrado em Novos Media e Pr\u00e1ticas Web, que me permitiu aprofundar o universo digital e as suas din\u00e2micas. Gosto de explorar a web atrav\u00e9s da escrita: seja a criar conte\u00fados otimizados para blogues, websites, newsletters ou e-books, seja atrav\u00e9s do trabalho de ghostwriting, uma vertente da escrita que me fascina pelo desafio de dar voz a outras pessoas. Ao longo do meu percurso, tenho colaborado com marcas e projetos de diferentes dimens\u00f5es, desde pequenas empresas a grandes organiza\u00e7\u00f5es internacionais. Fora dos projetos, divido o meu tempo entre as palavras, as viagens, a m\u00fasica e os animais. Acredito que o percurso profissional, tal como a vida, est\u00e1 sempre em movimento e sigo sempre o mesmo lema: a nossa vida \u00e9 toda para diante.\",\"sameAs\":[\"https:\/\/vanessarola.net\/\",\"https:\/\/www.linkedin.com\/in\/vanessarola\/\"],\"url\":\"https:\/\/factorialhr.pt\/blog\/author\/vanessarola\/\"}]}<\/script>\n<!-- \/ Yoast SEO Premium plugin. -->","yoast_head_json":{"title":"Proforma: O que \u00e9 e quando faz sentido us\u00e1-la na empresa","description":"Saiba o que \u00e9 uma proforma, para que serve, quando deve ser usada e em que difere de um or\u00e7amento ou de uma fatura.","robots":{"index":"index","follow":"follow","max-snippet":"max-snippet:-1","max-image-preview":"max-image-preview:large","max-video-preview":"max-video-preview:-1"},"canonical":"https:\/\/factorialhr.pt\/blog\/proforma-o-que-e-e-quando-faz-sentido-usa-la-na-empresa\/","og_locale":"pt_PT","og_type":"article","og_title":"Proforma: o que \u00e9 e quando faz sentido us\u00e1-la na empresa","og_description":"Saiba o que \u00e9 uma proforma, para que serve, quando deve ser usada e em que difere de um or\u00e7amento ou de uma fatura.","og_url":"https:\/\/factorialhr.pt\/blog\/proforma-o-que-e-e-quando-faz-sentido-usa-la-na-empresa\/","og_site_name":"Factorial","article_publisher":"https:\/\/www.facebook.com\/people\/Factorial\/100064908455810\/","article_published_time":"2026-04-27T13:48:53+00:00","article_modified_time":"2026-04-27T13:49:44+00:00","og_image":[{"width":1280,"height":720,"url":"https:\/\/factorialhr.com\/wp-content\/uploads\/2025\/04\/05212143\/blog_thumbnail_fact-5.jpg","type":"image\/jpeg"}],"author":"Vanessa R\u00f4la","twitter_card":"summary_large_image","twitter_creator":"@factorialapp","twitter_site":"@factorialapp","twitter_misc":{"Written by":"Vanessa R\u00f4la","Est. reading time":"5 minutos"},"schema":{"@context":"https:\/\/schema.org","@graph":[{"@type":"Article","@id":"https:\/\/factorialhr.pt\/blog\/proforma-o-que-e-e-quando-faz-sentido-usa-la-na-empresa\/#article","isPartOf":{"@id":"https:\/\/factorialhr.pt\/blog\/proforma-o-que-e-e-quando-faz-sentido-usa-la-na-empresa\/"},"author":{"name":"Vanessa R\u00f4la","@id":"https:\/\/factorialhr.pt\/blog\/#\/schema\/person\/074dc69f2ff8f258b111fc17947fb1d4"},"headline":"Proforma: o que \u00e9 e quando faz sentido us\u00e1-la na empresa","datePublished":"2026-04-27T13:48:53+00:00","dateModified":"2026-04-27T13:49:44+00:00","mainEntityOfPage":{"@id":"https:\/\/factorialhr.pt\/blog\/proforma-o-que-e-e-quando-faz-sentido-usa-la-na-empresa\/"},"wordCount":1092,"publisher":{"@id":"https:\/\/factorialhr.pt\/blog\/#organization"},"inLanguage":"pt-PT"},{"@type":"WebPage","@id":"https:\/\/factorialhr.pt\/blog\/proforma-o-que-e-e-quando-faz-sentido-usa-la-na-empresa\/","url":"https:\/\/factorialhr.pt\/blog\/proforma-o-que-e-e-quando-faz-sentido-usa-la-na-empresa\/","name":"Proforma: O que \u00e9 e quando faz sentido us\u00e1-la na empresa","isPartOf":{"@id":"https:\/\/factorialhr.pt\/blog\/#website"},"datePublished":"2026-04-27T13:48:53+00:00","dateModified":"2026-04-27T13:49:44+00:00","description":"Saiba o que \u00e9 uma proforma, para que serve, quando deve ser usada e em que difere de um or\u00e7amento ou de uma fatura.","inLanguage":"pt-PT","potentialAction":[{"@type":"ReadAction","target":["https:\/\/factorialhr.pt\/blog\/proforma-o-que-e-e-quando-faz-sentido-usa-la-na-empresa\/"]}]},{"@type":"WebSite","@id":"https:\/\/factorialhr.pt\/blog\/#website","url":"https:\/\/factorialhr.pt\/blog\/","name":"Factorial","description":"","publisher":{"@id":"https:\/\/factorialhr.pt\/blog\/#organization"},"potentialAction":[{"@type":"SearchAction","target":{"@type":"EntryPoint","urlTemplate":"https:\/\/factorialhr.pt\/blog\/?s={search_term_string}"},"query-input":"required name=search_term_string"}],"inLanguage":"pt-PT"},{"@type":"Organization","@id":"https:\/\/factorialhr.pt\/blog\/#organization","name":"All-in-one business management software - Factorial","url":"https:\/\/factorialhr.pt\/blog\/","logo":{"@type":"ImageObject","inLanguage":"pt-PT","@id":"https:\/\/factorialhr.pt\/blog\/#\/schema\/logo\/image\/","url":"https:\/\/factorialhr.pt\/wp-content\/uploads\/2023\/07\/18155144\/factorial-logo.png","contentUrl":"https:\/\/factorialhr.pt\/wp-content\/uploads\/2023\/07\/18155144\/factorial-logo.png","width":946,"height":880,"caption":"All-in-one business management software - Factorial"},"image":{"@id":"https:\/\/factorialhr.pt\/blog\/#\/schema\/logo\/image\/"},"sameAs":["https:\/\/www.facebook.com\/people\/Factorial\/100064908455810\/","https:\/\/twitter.com\/factorialapp","https:\/\/www.linkedin.com\/company\/factorialhr","https:\/\/www.youtube.com\/@factorialmedia","https:\/\/www.instagram.com\/factorial\/#"]},{"@type":"Person","@id":"https:\/\/factorialhr.pt\/blog\/#\/schema\/person\/074dc69f2ff8f258b111fc17947fb1d4","name":"Vanessa R\u00f4la","image":{"@type":"ImageObject","inLanguage":"pt-PT","@id":"https:\/\/factorialhr.pt\/blog\/#\/schema\/person\/image\/","url":"https:\/\/secure.gravatar.com\/avatar\/08b9b0580a5bc8a837aa3d4305323d66?s=96&d=identicon&r=g","contentUrl":"https:\/\/secure.gravatar.com\/avatar\/08b9b0580a5bc8a837aa3d4305323d66?s=96&d=identicon&r=g","caption":"Vanessa R\u00f4la"},"description":"Sou copywriter especializada em SEO, apaixonada por traduzir ideias em palavras. Acredito no poder da escrita para ligar pessoas, marcas e hist\u00f3rias, sendo isso que me motiva em cada projeto. Desde sempre me fascinou a comunica\u00e7\u00e3o, o que me levou a licenciar-me em Ci\u00eancias da Comunica\u00e7\u00e3o e a completar um mestrado em Novos Media e Pr\u00e1ticas Web, que me permitiu aprofundar o universo digital e as suas din\u00e2micas. Gosto de explorar a web atrav\u00e9s da escrita: seja a criar conte\u00fados otimizados para blogues, websites, newsletters ou e-books, seja atrav\u00e9s do trabalho de ghostwriting, uma vertente da escrita que me fascina pelo desafio de dar voz a outras pessoas. Ao longo do meu percurso, tenho colaborado com marcas e projetos de diferentes dimens\u00f5es, desde pequenas empresas a grandes organiza\u00e7\u00f5es internacionais. Fora dos projetos, divido o meu tempo entre as palavras, as viagens, a m\u00fasica e os animais. Acredito que o percurso profissional, tal como a vida, est\u00e1 sempre em movimento e sigo sempre o mesmo lema: a nossa vida \u00e9 toda para diante.","sameAs":["https:\/\/vanessarola.net\/","https:\/\/www.linkedin.com\/in\/vanessarola\/"],"url":"https:\/\/factorialhr.pt\/blog\/author\/vanessarola\/"}]}},"_links":{"self":[{"href":"https:\/\/factorialhr.pt\/blog\/wp-json\/wp\/v2\/posts\/186079"}],"collection":[{"href":"https:\/\/factorialhr.pt\/blog\/wp-json\/wp\/v2\/posts"}],"about":[{"href":"https:\/\/factorialhr.pt\/blog\/wp-json\/wp\/v2\/types\/post"}],"author":[{"embeddable":true,"href":"https:\/\/factorialhr.pt\/blog\/wp-json\/wp\/v2\/users\/109"}],"replies":[{"embeddable":true,"href":"https:\/\/factorialhr.pt\/blog\/wp-json\/wp\/v2\/comments?post=186079"}],"version-history":[{"count":6,"href":"https:\/\/factorialhr.pt\/blog\/wp-json\/wp\/v2\/posts\/186079\/revisions"}],"predecessor-version":[{"id":187812,"href":"https:\/\/factorialhr.pt\/blog\/wp-json\/wp\/v2\/posts\/186079\/revisions\/187812"}],"wp:featuredmedia":[{"embeddable":true,"href":"https:\/\/factorialhr.pt\/blog\/wp-json\/wp\/v2\/media\/157802"}],"wp:attachment":[{"href":"https:\/\/factorialhr.pt\/blog\/wp-json\/wp\/v2\/media?parent=186079"}],"wp:term":[{"taxonomy":"category","embeddable":true,"href":"https:\/\/factorialhr.pt\/blog\/wp-json\/wp\/v2\/categories?post=186079"},{"taxonomy":"post_tag","embeddable":true,"href":"https:\/\/factorialhr.pt\/blog\/wp-json\/wp\/v2\/tags?post=186079"}],"curies":[{"name":"wp","href":"https:\/\/api.w.org\/{rel}","templated":true}]}}