{"id":186651,"date":"2026-04-24T18:58:57","date_gmt":"2026-04-24T16:58:57","guid":{"rendered":"https:\/\/factorialhr.com\/blog\/?p=186651"},"modified":"2026-04-24T19:19:27","modified_gmt":"2026-04-24T17:19:27","slug":"nis2-entrada-vigor-portugal","status":"publish","type":"post","link":"https:\/\/factorialhr.pt\/blog\/nis2-entrada-vigor-portugal\/","title":{"rendered":"Quando entra em vigor a diretiva NIS2 em Portugal?"},"content":{"rendered":"<p><span style=\"font-weight: 400;\">A ciberseguran\u00e7a tornou-se uma prioridade para as empresas europeias devido ao aumento de ciberataques e \u00e0s novas exig\u00eancias regulamentares. Neste sentido, <\/span><b>a nova diretiva NIS2 da UE estabelece novas obriga\u00e7\u00f5es <\/b><span style=\"font-weight: 400;\">mais estritas para a prote\u00e7\u00e3o digital de setores-chave.<\/span><\/p>\n<p><span style=\"font-weight: 400;\">No entanto, muitas organiza\u00e7\u00f5es perguntam-se <\/span><b>como se aplica realmente a NIS2 em Portugal<\/b><span style=\"font-weight: 400;\"> e a partir de que momento devem cumprir estas obriga\u00e7\u00f5es. Neste artigo, revemos as datas-chave e o que deves ter em conta para cumprir as diretrizes do Centro Nacional de Ciberseguran\u00e7a (CNCS).<\/span><\/p>\n<h2><b>O que \u00e9 e por que \u00e9 importante a diretiva NIS2?<\/b><\/h2>\n<p><span style=\"font-weight: 400;\">A <a href=\"https:\/\/factorialhr.pt\/blog\/nis2-portugal\/\">diretiva NIS2<\/a> \u00e9 a normativa europeia mais ambiciosa at\u00e9 \u00e0 data em mat\u00e9ria de ciberseguran\u00e7a. Nasce como <\/span><b>uma evolu\u00e7\u00e3o necess\u00e1ria da diretiva NIS1<\/b><span style=\"font-weight: 400;\"> de 2016, impulsionada pelo acelerado processo de digitaliza\u00e7\u00e3o e pelo aumento exponencial dos ciberataques a n\u00edvel mundial.<\/span><\/p>\n<p><span style=\"font-weight: 400;\">Em Portugal, esta diretiva foi integrada no <\/span><b>Regime Jur\u00eddico da Seguran\u00e7a do Ciberespa\u00e7o<\/b><span style=\"font-weight: 400;\">, consolidando um escudo comum e robusto para proteger as infraestruturas e servi\u00e7os vitais do pa\u00eds.\u00a0<\/span><\/p>\n<p><span style=\"font-weight: 400;\">Mas, <\/span><b>por que \u00e9 t\u00e3o importante para o tecido empresarial?<\/b><span style=\"font-weight: 400;\"> O seu impacto e relev\u00e2ncia resumem-se nos seguintes pontos-chave:<\/span><\/p>\n<ul>\n<li style=\"font-weight: 400;\" aria-level=\"1\"><b>Mais setores obrigados:<\/b><span style=\"font-weight: 400;\"> a norma j\u00e1 n\u00e3o afeta apenas operadores cr\u00edticos como banca, energia ou sa\u00fade. Agora inclui as &#8220;entidades essenciais e importantes&#8221; em \u00e2mbitos como alimenta\u00e7\u00e3o, transporte, \u00e1gua, res\u00edduos, servi\u00e7os postais ou ind\u00fastria qu\u00edmica e manufatureira.<\/span><\/li>\n<li style=\"font-weight: 400;\" aria-level=\"1\"><b>Responsabilidade da dire\u00e7\u00e3o:<\/b><span style=\"font-weight: 400;\"> os \u00f3rg\u00e3os de administra\u00e7\u00e3o e altos dirigentes passam a ser legalmente respons\u00e1veis pela gest\u00e3o dos riscos. O incumprimento pode levar \u00e0 suspens\u00e3o temporal de fun\u00e7\u00f5es diretivas.<\/span><\/li>\n<li style=\"font-weight: 400;\" aria-level=\"1\"><b>Seguran\u00e7a na cadeia de fornecimento:<\/b><span style=\"font-weight: 400;\"> as empresas devem garantir a ciberseguran\u00e7a n\u00e3o s\u00f3 dos seus sistemas internos, mas tamb\u00e9m a dos seus fornecedores e parceiros tecnol\u00f3gicos.<\/span><\/li>\n<li style=\"font-weight: 400;\" aria-level=\"1\"><b>Multas e avisos r\u00e1pidos:<\/b><span style=\"font-weight: 400;\"> estabelecem-se san\u00e7\u00f5es de at\u00e9 10 milh\u00f5es de euros ou 2% da fatura\u00e7\u00e3o global anual. Al\u00e9m disso, existe a obriga\u00e7\u00e3o de notificar incidentes graves ao CNCS (Centro Nacional de Ciberseguran\u00e7a) num prazo m\u00e1ximo de 24 horas (aviso precoce) e 72 horas (notifica\u00e7\u00e3o detalhada).<\/span><\/li>\n<\/ul>\n<p>\ud83d\udccc Descubra <a href=\"https:\/\/factorialhr.pt\/blog\/a-quem-afeta-nis2\/\">a que empresas se aplica a diretiva NIS2<\/a>.<\/p>\n<h2><b>Qual \u00e9 a data de entrada na Europa?<\/b><\/h2>\n<p><span style=\"font-weight: 400;\">Falar de prazos com a diretiva NIS2 requer fazer uma distin\u00e7\u00e3o importante entre o calend\u00e1rio oficial marcado pela Europa e a realidade legislativa de cada Estado-membro. A n\u00edvel europeu, estas s\u00e3o as datas-chave que marcaram o roteiro:<\/span><\/p>\n<ul>\n<li style=\"font-weight: 400;\" aria-level=\"1\"><b>16 de janeiro de 2023:<\/b><span style=\"font-weight: 400;\"> foi o dia em que a diretiva entrou em vigor ap\u00f3s a sua publica\u00e7\u00e3o no Jornal Oficial da Uni\u00e3o Europeia. A partir desse momento, come\u00e7ou oficialmente o per\u00edodo de transposi\u00e7\u00e3o para todos os pa\u00edses membros.<\/span><\/li>\n<li style=\"font-weight: 400;\" aria-level=\"1\"><b>17 de outubro de 2024:<\/b><span style=\"font-weight: 400;\"> esta foi a data limite imposta pela Uni\u00e3o Europeia para que todos os Estados-membros aprovassem e publicassem as suas pr\u00f3prias leis nacionais adaptando a diretiva aos seus quadros jur\u00eddicos internos.<\/span><\/li>\n<li style=\"font-weight: 400;\" aria-level=\"1\"><b>18 de outubro de 2024:<\/b><span style=\"font-weight: 400;\"> a antiga diretiva NIS1 ficou oficialmente revogada, consolidando a NIS2 como o \u00fanico padr\u00e3o de ciberseguran\u00e7a vigente no territ\u00f3rio comunit\u00e1rio.<\/span><\/li>\n<\/ul>\n<h2><b>Qual \u00e9 a data de entrada em Portugal?<\/b><\/h2>\n<p><span style=\"font-weight: 400;\">Se procuras uma data exata no calend\u00e1rio para a marcar a vermelho, essa data j\u00e1 chegou. Ao contr\u00e1rio de outros pa\u00edses da Uni\u00e3o Europeia que ainda tramitam os seus rascunhos, <\/span><b>Portugal j\u00e1 completou o seu processo legislativo<\/b><span style=\"font-weight: 400;\"> para dar cumprimento \u00e0s exig\u00eancias de Bruxelas.<\/span><\/p>\n<p><span style=\"font-weight: 400;\">A normativa definitiva que adapta a NIS2 no nosso pa\u00eds \u00e9 o <\/span><b>Decreto-Lei n.\u00ba 125\/2025<\/b><span style=\"font-weight: 400;\">, publicado a 4 de dezembro de 2025 no Di\u00e1rio da Rep\u00fablica. Ap\u00f3s o per\u00edodo de transi\u00e7\u00e3o estipulado, a lei <\/span><b>entrou oficialmente em vigor no passado 3 de abril de 2026<\/b><span style=\"font-weight: 400;\">.<\/span><\/p>\n<p><span style=\"font-weight: 400;\">Isto significa que o tempo de espera terminou. As empresas que entram no \u00e2mbito de aplica\u00e7\u00e3o da norma j\u00e1 n\u00e3o est\u00e3o num per\u00edodo de &#8220;prepara\u00e7\u00e3o opcional&#8221;, mas sim de cumprimento obrigat\u00f3rio. De facto, o novo quadro legal estabelece prazos imediatos que as organiza\u00e7\u00f5es devem cumprir para evitar san\u00e7\u00f5es:<\/span><\/p>\n<ul>\n<li style=\"font-weight: 400;\" aria-level=\"1\"><b>Designa\u00e7\u00e3o de respons\u00e1veis:<\/b><span style=\"font-weight: 400;\"> as entidades t\u00eam um prazo de 20 dias \u00fateis desde a entrada em vigor para comunicar ao Centro Nacional de Ciberseguran\u00e7a (CNCS) quem \u00e9 o seu respons\u00e1vel de ciberseguran\u00e7a e o seu ponto de contacto permanente.<\/span><\/li>\n<li style=\"font-weight: 400;\" aria-level=\"1\"><b>Registo no MyCiber:<\/b><span style=\"font-weight: 400;\"> as empresas devem utilizar a plataforma oficial do CNCS para a sua autoclassifica\u00e7\u00e3o e registo segundo os novos crit\u00e9rios de &#8220;entidade essencial&#8221; ou &#8220;importante&#8221;.<\/span><\/li>\n<\/ul>\n<p><span style=\"font-weight: 400;\">O mensagem das autoridades \u00e9 claro: a lei j\u00e1 \u00e9 uma realidade e o margem de manobra reduziu-se ao m\u00ednimo. As organiza\u00e7\u00f5es que n\u00e3o tenham iniciado a sua adapta\u00e7\u00e3o t\u00e9cnica e documental encontram-se j\u00e1 numa <\/span><b>situa\u00e7\u00e3o de risco legal e operacional<\/b><span style=\"font-weight: 400;\"> perante a autoridade de controlo.<\/span><\/p>\n<h2><b>Calend\u00e1rio da NIS2 em Portugal<\/b><\/h2>\n<p><span style=\"font-weight: 400;\">Para saber em que fase est\u00e1 a NIS2 e que passos se seguem, conv\u00e9m rever <\/span><b>os principais marcos desta normativa<\/b><span style=\"font-weight: 400;\">, desde a sua aprova\u00e7\u00e3o por parte da Uni\u00e3o Europeia at\u00e9 \u00e0 sua aplica\u00e7\u00e3o efetiva em territ\u00f3rio portugu\u00eas. Ao contr\u00e1rio de outros parceiros europeus, Portugal consolidou o seu quadro legal recentemente, o que marca um roteiro com prazos de cumprimento imediato.<\/span><\/p>\n<p><span style=\"font-weight: 400;\">Este \u00e9 o calend\u00e1rio-chave que toda a empresa em Portugal deve ter presente:<\/span><\/p>\n<table>\n<tbody>\n<tr>\n<td><b>Data<\/b><\/td>\n<td><b>Marco-Chave<\/b><\/td>\n<td><b>Descri\u00e7\u00e3o do evento<\/b><\/td>\n<\/tr>\n<tr>\n<td><span style=\"font-weight: 400;\">16 de janeiro de 2023<\/span><\/td>\n<td><b>Entrada em vigor (Europa)<\/b><\/td>\n<td><span style=\"font-weight: 400;\">A Diretiva NIS2 entra em vigor ap\u00f3s a sua publica\u00e7\u00e3o no Jornal Oficial da Uni\u00e3o Europeia (JOUE).<\/span><\/td>\n<\/tr>\n<tr>\n<td><span style=\"font-weight: 400;\">17 de outubro de 2024<\/span><\/td>\n<td><b>Prazo de transposi\u00e7\u00e3o UE<\/b><\/td>\n<td><span style=\"font-weight: 400;\">Data limite original da UE. Portugal inicia o processo de adapta\u00e7\u00e3o t\u00e9cnica junto do CNCS.<\/span><\/td>\n<\/tr>\n<tr>\n<td><span style=\"font-weight: 400;\">4 de dezembro de 2025<\/span><\/td>\n<td><b>Publica\u00e7\u00e3o do Decreto-Lei<\/b><\/td>\n<td><span style=\"font-weight: 400;\">\u00c9 publicado no Di\u00e1rio da Rep\u00fablica o novo Regime Jur\u00eddico de Seguran\u00e7a do Ciberespa\u00e7o que transp\u00f5e a NIS2.<\/span><\/td>\n<\/tr>\n<tr>\n<td><span style=\"font-weight: 400;\">3 de abril de 2026<\/span><\/td>\n<td><b>Entrada em vigor (Portugal)<\/b><\/td>\n<td><span style=\"font-weight: 400;\">A lei entra plenamente em vigor. Come\u00e7a o prazo legal para as obriga\u00e7\u00f5es das empresas.<\/span><\/td>\n<\/tr>\n<tr>\n<td><span style=\"font-weight: 400;\">Atualidade (Abril 2026)<\/span><\/td>\n<td><b>Registo e designa\u00e7\u00e3o<\/b><\/td>\n<td><span style=\"font-weight: 400;\">Prazo de 20 dias \u00fateis para que as entidades nomeiem os seus respons\u00e1veis de ciberseguran\u00e7a perante o CNCS.<\/span><\/td>\n<\/tr>\n<\/tbody>\n<\/table>\n<h2><b>San\u00e7\u00f5es por incumprir a diretiva NIS2 em Portugal<\/b><\/h2>\n<p><span style=\"font-weight: 400;\">O <a href=\"https:\/\/factorialhr.pt\/blog\/sancoes-nis2\/\">estrito regime sancionat\u00f3rio<\/a> em Portugal acendeu os alarmes nos conselhos de administra\u00e7\u00e3o. Com a entrada em vigor do Decreto-Lei n.\u00ba 125\/2025, a ciberseguran\u00e7a <\/span><b>passou de ser uma recomenda\u00e7\u00e3o a uma obriga\u00e7\u00e3o legal<\/b><span style=\"font-weight: 400;\"> sob a supervis\u00e3o direta do Centro Nacional de Ciberseguran\u00e7a (CNCS).<\/span><\/p>\n<p><span style=\"font-weight: 400;\">O incumprimento da normativa em Portugal pressup\u00f5e tr\u00eas n\u00edveis de risco cr\u00edtico para as organiza\u00e7\u00f5es:<\/span><\/p>\n<h3><b>1. Multas econ\u00f3micas milion\u00e1rias<\/b><\/h3>\n<p><span style=\"font-weight: 400;\">As quantias dividem-se segundo a relev\u00e2ncia da organiza\u00e7\u00e3o para o funcionamento do pa\u00eds:<\/span><\/p>\n<ul>\n<li style=\"font-weight: 400;\" aria-level=\"1\"><b>Entidades essenciais:<\/b><span style=\"font-weight: 400;\"> multas de at\u00e9 10 milh\u00f5es de euros ou 2 % da fatura\u00e7\u00e3o global anual (o valor que for maior).<\/span><\/li>\n<li style=\"font-weight: 400;\" aria-level=\"1\"><b>Entidades importantes:<\/b><span style=\"font-weight: 400;\"> multas de at\u00e9 7 milh\u00f5es de euros ou 1,4 % da fatura\u00e7\u00e3o global anual.<\/span><\/li>\n<\/ul>\n<h3><b>2. Responsabilidade direta da alta dire\u00e7\u00e3o<\/b><\/h3>\n<p><span style=\"font-weight: 400;\">A lei portuguesa refor\u00e7a a mudan\u00e7a de paradigma europeu: a ciberseguran\u00e7a deixa de ser um tema exclusivo de TI para ser uma responsabilidade do C-level:<\/span><\/p>\n<ul>\n<li style=\"font-weight: 400;\" aria-level=\"1\"><b>Responsabilidade pessoal:<\/b><span style=\"font-weight: 400;\"> os dirigentes podem ser considerados legalmente respons\u00e1veis pela neglig\u00eancia na gest\u00e3o de riscos.<\/span><\/li>\n<li style=\"font-weight: 400;\" aria-level=\"1\"><b>San\u00e7\u00f5es a pessoas singulares:<\/b><span style=\"font-weight: 400;\"> o regime portugu\u00eas prev\u00ea multas de at\u00e9 200.000 \u20ac para dirigentes a t\u00edtulo pessoal em casos de infra\u00e7\u00f5es muito graves.<\/span><\/li>\n<li style=\"font-weight: 400;\" aria-level=\"1\"><b>Suspens\u00e3o de fun\u00e7\u00f5es:<\/b><span style=\"font-weight: 400;\"> em situa\u00e7\u00f5es extremas, as autoridades podem decretar a suspens\u00e3o tempor\u00e1ria dos administradores dos seus cargos.<\/span><\/li>\n<\/ul>\n<h3><b>3. O per\u00edodo de car\u00eancia<\/b><\/h3>\n<p><span style=\"font-weight: 400;\">Um detalhe vital do mercado portugu\u00eas \u00e9 o per\u00edodo de car\u00eancia estabelecido at\u00e9 3 de abril de 2027. Durante este primeiro ano de vig\u00eancia, as empresas que demonstrem comprovadamente perante o CNCS que iniciaram um processo interno de adapta\u00e7\u00e3o <\/span><b>poder\u00e3o evitar a aplica\u00e7\u00e3o destas multas econ\u00f3micas<\/b><span style=\"font-weight: 400;\">, embora n\u00e3o fiquem isentas das obriga\u00e7\u00f5es de notifica\u00e7\u00e3o de incidentes.<\/span><\/p>\n<p>\ud83d\udccc Descubra o <a href=\"https:\/\/factorialhr.pt\/blog\/checklist-nis2\/\">checklist da NIS2<\/a> e analise se a sua empresa est\u00e1 preparada.<\/p>\n<h2><b>Como a Factorial IT te ajuda a cumprir a NIS2 em Portugal?<\/b><\/h2>\n<p><span style=\"font-weight: 400;\">A NIS2 obriga as empresas em Portugal a gerir a ciberseguran\u00e7a de forma cont\u00ednua, com controlos claros, acompanhamento de riscos e a capacidade de demonstrar o cumprimento perante o CNCS. Isto implica controlar acessos, manter invent\u00e1rios atualizados e reagir com extrema rapidez perante incidentes.<\/span><\/p>\n<p><span style=\"font-weight: 400;\">Com a Factorial IT, estes requisitos transformam-se em processos automatizados que garantem a conformidade com o Decreto-Lei n.\u00ba 125\/2025:<\/span><\/p>\n<ul>\n<li style=\"font-weight: 400;\" aria-level=\"1\"><b>Invent\u00e1rio e avalia\u00e7\u00e3o de ativos:<\/b><span style=\"font-weight: 400;\"> contamos com um invent\u00e1rio din\u00e2mico de dispositivos e o seu n\u00edvel de seguran\u00e7a, acess\u00edvel a partir de um painel central. Podes ver quem utiliza cada equipamento e se est\u00e1 atualizado ou encriptado. Isto \u00e9 vital para a autoclassifica\u00e7\u00e3o de &#8220;Entidade Essencial e Importante&#8221; que a normativa lusa exige.<\/span><\/li>\n<li style=\"font-weight: 400;\" aria-level=\"1\"><b>Controlos t\u00e9cnicos e gest\u00e3o de acessos:<\/b><span style=\"font-weight: 400;\"> automatizamos a aplica\u00e7\u00e3o de patches e a encripta\u00e7\u00e3o, detetamos vulnerabilidades e fortalecemos a autentica\u00e7\u00e3o mediante SSO e MFA (Google Workspace, Microsoft Entra ID ou Okta), assegurando que apenas o pessoal autorizado aceda aos ativos cr\u00edticos.<\/span><\/li>\n<li style=\"font-weight: 400;\" aria-level=\"1\"><b>Processos seguros de Onboarding e Offboarding:<\/b><span style=\"font-weight: 400;\"> integramos os movimentos de colaboradores com a \u00e1rea de RH para conceder ou retirar acessos de forma autom\u00e1tica e imediata. Isto elimina o risco de &#8220;contas \u00f3rf\u00e3s&#8221; e garante que os dispositivos sejam entregues configurados segundo as pol\u00edticas de seguran\u00e7a desde o primeiro dia.<\/span><\/li>\n<li style=\"font-weight: 400;\" aria-level=\"1\"><b>Gest\u00e3o e resposta perante incidentes:<\/b><span style=\"font-weight: 400;\"> proporcionamos fun\u00e7\u00f5es de bloqueio e limpeza remota, registo completo de a\u00e7\u00f5es administrativas e ferramentas de acompanhamento. Isto facilita o cumprimento da obriga\u00e7\u00e3o de notificar incidentes graves ao CNCS nos prazos previstos (24h\/72h) gra\u00e7as a uma rastreabilidade total.<\/span><\/li>\n<li style=\"font-weight: 400;\" aria-level=\"1\"><b>Supervis\u00e3o e evid\u00eancias para auditoria:<\/b><span style=\"font-weight: 400;\"> facilitamos a dete\u00e7\u00e3o de software n\u00e3o autorizado e a integra\u00e7\u00e3o de evid\u00eancias em plataformas de compliance. A Factorial IT gera automaticamente os registos necess\u00e1rios para superar as inspe\u00e7\u00f5es peri\u00f3dicas das autoridades portuguesas sem carga administrativa manual.<\/span><\/li>\n<\/ul>\n<div class=\"factorial-banner inline-banner banner-other category-nis2\"\n    data-banner-id=\"187216\"\n    data-banner-type=\"other\"\n    data-category=\"NIS2\">\n    <div class=\"banner-content\">\n        <div class=\"banner-text\">\n                            <h4>Prepare-se para a NIS2 com mais controlo e menos caos<\/h4>\n            \n                            <p>Centralize dispositivos, acessos e processos de IT num \u00fanico local para reduzir tarefas manuais e ganhar visibilidade operacional.<\/p>\n            \n                            <a href=\"https:\/\/factorialhr.pt\/nis2-factorial-it#factorial-it-demo-form-nis2\"\n                    class=\"factorial-cta-button not-prose freebie\" data-cta=\"other\" data-cta-position=\"inline-banner\">\n                    Saber mais                <\/a>\n                    <\/div>\n\n        <div class=\"banner-image has-image\">\n            <img decoding=\"async\" src=\"https:\/\/factorialhr.com\/wp-content\/uploads\/2026\/04\/21114414\/PT-sidebar-1-nis-iso.png\" class=\"not-prose\" \/>\n        <\/div>\n    <\/div>\n<\/div>\n","protected":false},"excerpt":{"rendered":"<p>A ciberseguran\u00e7a tornou-se uma prioridade para as empresas europeias devido ao aumento de ciberataques e \u00e0s novas exig\u00eancias regulamentares. Neste sentido, a nova diretiva NIS2 da UE estabelece novas obriga\u00e7\u00f5es mais estritas para a prote\u00e7\u00e3o digital de setores-chave. No entanto, muitas organiza\u00e7\u00f5es perguntam-se como se aplica realmente a NIS2 em Portugal e a partir de<a href=\"https:\/\/factorialhr.pt\/blog\/nis2-entrada-vigor-portugal\/\" class=\"read-more\"> [&#8230;]<\/a><\/p>\n","protected":false},"author":352,"featured_media":186722,"comment_status":"closed","ping_status":"closed","sticky":false,"template":"","format":"standard","meta":{"_acf_changed":false,"footnotes":""},"categories":[1055],"tags":[],"class_list":["post-186651","post","type-post","status-publish","format-standard","has-post-thumbnail","hentry","category-nis2"],"acf":{"topics":"factorial-it"},"yoast_head":"<!-- This site is optimized with the Yoast SEO Premium plugin v21.5 (Yoast SEO v21.9.1) - https:\/\/yoast.com\/wordpress\/plugins\/seo\/ -->\n<title>Quando entra em vigor a diretiva NIS2 em Portugal? | Factorial<\/title>\n<meta name=\"description\" content=\"Tem d\u00favidas sobre a entrada em vigor da diretiva NIS2? Explicamos tudo o que precisa de saber. Descubra!\" \/>\n<meta name=\"robots\" content=\"index, follow, max-snippet:-1, max-image-preview:large, max-video-preview:-1\" \/>\n<link rel=\"canonical\" href=\"https:\/\/factorialhr.pt\/blog\/nis2-entrada-vigor-portugal\/\" \/>\n<meta property=\"og:locale\" content=\"pt_PT\" \/>\n<meta property=\"og:type\" content=\"article\" \/>\n<meta property=\"og:title\" content=\"Quando entra em vigor a diretiva NIS2 em Portugal?\" \/>\n<meta property=\"og:description\" content=\"Tem d\u00favidas sobre a entrada em vigor da diretiva NIS2? Explicamos tudo o que precisa de saber. Descubra!\" \/>\n<meta property=\"og:url\" content=\"https:\/\/factorialhr.pt\/blog\/nis2-entrada-vigor-portugal\/\" \/>\n<meta property=\"og:site_name\" content=\"Factorial\" \/>\n<meta property=\"article:publisher\" content=\"https:\/\/www.facebook.com\/people\/Factorial\/100064908455810\/\" \/>\n<meta property=\"article:published_time\" content=\"2026-04-24T16:58:57+00:00\" \/>\n<meta property=\"article:modified_time\" content=\"2026-04-24T17:19:27+00:00\" \/>\n<meta property=\"og:image\" content=\"https:\/\/factorialhr.com\/wp-content\/uploads\/2026\/04\/15161827\/quando-entra-em-vigor-diretiva-nis2.png\" \/>\n\t<meta property=\"og:image:width\" content=\"1800\" \/>\n\t<meta property=\"og:image:height\" content=\"976\" \/>\n\t<meta property=\"og:image:type\" content=\"image\/png\" \/>\n<meta name=\"author\" content=\"Enrique Quiroga\" \/>\n<meta name=\"twitter:card\" content=\"summary_large_image\" \/>\n<meta name=\"twitter:creator\" content=\"@factorialapp\" \/>\n<meta name=\"twitter:site\" content=\"@factorialapp\" \/>\n<meta name=\"twitter:label1\" content=\"Written by\" \/>\n\t<meta name=\"twitter:data1\" content=\"Enrique Quiroga\" \/>\n\t<meta name=\"twitter:label2\" content=\"Est. reading time\" \/>\n\t<meta name=\"twitter:data2\" content=\"7 minutos\" \/>\n<script type=\"application\/ld+json\" class=\"yoast-schema-graph\">{\"@context\":\"https:\/\/schema.org\",\"@graph\":[{\"@type\":\"Article\",\"@id\":\"https:\/\/factorialhr.pt\/blog\/nis2-entrada-vigor-portugal\/#article\",\"isPartOf\":{\"@id\":\"https:\/\/factorialhr.pt\/blog\/nis2-entrada-vigor-portugal\/\"},\"author\":{\"name\":\"Enrique Quiroga\",\"@id\":\"https:\/\/factorialhr.pt\/blog\/#\/schema\/person\/576a40f0f266777ab73068c097d59014\"},\"headline\":\"Quando entra em vigor a diretiva NIS2 em Portugal?\",\"datePublished\":\"2026-04-24T16:58:57+00:00\",\"dateModified\":\"2026-04-24T17:19:27+00:00\",\"mainEntityOfPage\":{\"@id\":\"https:\/\/factorialhr.pt\/blog\/nis2-entrada-vigor-portugal\/\"},\"wordCount\":1691,\"publisher\":{\"@id\":\"https:\/\/factorialhr.pt\/blog\/#organization\"},\"articleSection\":[\"NIS2\"],\"inLanguage\":\"pt-PT\"},{\"@type\":\"WebPage\",\"@id\":\"https:\/\/factorialhr.pt\/blog\/nis2-entrada-vigor-portugal\/\",\"url\":\"https:\/\/factorialhr.pt\/blog\/nis2-entrada-vigor-portugal\/\",\"name\":\"Quando entra em vigor a diretiva NIS2 em Portugal? | Factorial\",\"isPartOf\":{\"@id\":\"https:\/\/factorialhr.pt\/blog\/#website\"},\"datePublished\":\"2026-04-24T16:58:57+00:00\",\"dateModified\":\"2026-04-24T17:19:27+00:00\",\"description\":\"Tem d\u00favidas sobre a entrada em vigor da diretiva NIS2? Explicamos tudo o que precisa de saber. Descubra!\",\"inLanguage\":\"pt-PT\",\"potentialAction\":[{\"@type\":\"ReadAction\",\"target\":[\"https:\/\/factorialhr.pt\/blog\/nis2-entrada-vigor-portugal\/\"]}]},{\"@type\":\"WebSite\",\"@id\":\"https:\/\/factorialhr.pt\/blog\/#website\",\"url\":\"https:\/\/factorialhr.pt\/blog\/\",\"name\":\"Factorial\",\"description\":\"\",\"publisher\":{\"@id\":\"https:\/\/factorialhr.pt\/blog\/#organization\"},\"potentialAction\":[{\"@type\":\"SearchAction\",\"target\":{\"@type\":\"EntryPoint\",\"urlTemplate\":\"https:\/\/factorialhr.pt\/blog\/?s={search_term_string}\"},\"query-input\":\"required name=search_term_string\"}],\"inLanguage\":\"pt-PT\"},{\"@type\":\"Organization\",\"@id\":\"https:\/\/factorialhr.pt\/blog\/#organization\",\"name\":\"All-in-one business management software - Factorial\",\"url\":\"https:\/\/factorialhr.pt\/blog\/\",\"logo\":{\"@type\":\"ImageObject\",\"inLanguage\":\"pt-PT\",\"@id\":\"https:\/\/factorialhr.pt\/blog\/#\/schema\/logo\/image\/\",\"url\":\"https:\/\/factorialhr.pt\/wp-content\/uploads\/2023\/07\/18155144\/factorial-logo.png\",\"contentUrl\":\"https:\/\/factorialhr.pt\/wp-content\/uploads\/2023\/07\/18155144\/factorial-logo.png\",\"width\":946,\"height\":880,\"caption\":\"All-in-one business management software - Factorial\"},\"image\":{\"@id\":\"https:\/\/factorialhr.pt\/blog\/#\/schema\/logo\/image\/\"},\"sameAs\":[\"https:\/\/www.facebook.com\/people\/Factorial\/100064908455810\/\",\"https:\/\/twitter.com\/factorialapp\",\"https:\/\/www.linkedin.com\/company\/factorialhr\",\"https:\/\/www.youtube.com\/@factorialmedia\",\"https:\/\/www.instagram.com\/factorial\/#\"]},{\"@type\":\"Person\",\"@id\":\"https:\/\/factorialhr.pt\/blog\/#\/schema\/person\/576a40f0f266777ab73068c097d59014\",\"name\":\"Enrique Quiroga\",\"image\":{\"@type\":\"ImageObject\",\"inLanguage\":\"pt-PT\",\"@id\":\"https:\/\/factorialhr.pt\/blog\/#\/schema\/person\/image\/\",\"url\":\"https:\/\/secure.gravatar.com\/avatar\/fcc26a14dc327372e37434cfc64f3917?s=96&d=identicon&r=g\",\"contentUrl\":\"https:\/\/secure.gravatar.com\/avatar\/fcc26a14dc327372e37434cfc64f3917?s=96&d=identicon&r=g\",\"caption\":\"Enrique Quiroga\"},\"url\":\"https:\/\/factorialhr.pt\/blog\/author\/enrique-quiroga\/\"}]}<\/script>\n<!-- \/ Yoast SEO Premium plugin. -->","yoast_head_json":{"title":"Quando entra em vigor a diretiva NIS2 em Portugal? | Factorial","description":"Tem d\u00favidas sobre a entrada em vigor da diretiva NIS2? Explicamos tudo o que precisa de saber. Descubra!","robots":{"index":"index","follow":"follow","max-snippet":"max-snippet:-1","max-image-preview":"max-image-preview:large","max-video-preview":"max-video-preview:-1"},"canonical":"https:\/\/factorialhr.pt\/blog\/nis2-entrada-vigor-portugal\/","og_locale":"pt_PT","og_type":"article","og_title":"Quando entra em vigor a diretiva NIS2 em Portugal?","og_description":"Tem d\u00favidas sobre a entrada em vigor da diretiva NIS2? Explicamos tudo o que precisa de saber. Descubra!","og_url":"https:\/\/factorialhr.pt\/blog\/nis2-entrada-vigor-portugal\/","og_site_name":"Factorial","article_publisher":"https:\/\/www.facebook.com\/people\/Factorial\/100064908455810\/","article_published_time":"2026-04-24T16:58:57+00:00","article_modified_time":"2026-04-24T17:19:27+00:00","og_image":[{"width":1800,"height":976,"url":"https:\/\/factorialhr.com\/wp-content\/uploads\/2026\/04\/15161827\/quando-entra-em-vigor-diretiva-nis2.png","type":"image\/png"}],"author":"Enrique Quiroga","twitter_card":"summary_large_image","twitter_creator":"@factorialapp","twitter_site":"@factorialapp","twitter_misc":{"Written by":"Enrique Quiroga","Est. reading time":"7 minutos"},"schema":{"@context":"https:\/\/schema.org","@graph":[{"@type":"Article","@id":"https:\/\/factorialhr.pt\/blog\/nis2-entrada-vigor-portugal\/#article","isPartOf":{"@id":"https:\/\/factorialhr.pt\/blog\/nis2-entrada-vigor-portugal\/"},"author":{"name":"Enrique Quiroga","@id":"https:\/\/factorialhr.pt\/blog\/#\/schema\/person\/576a40f0f266777ab73068c097d59014"},"headline":"Quando entra em vigor a diretiva NIS2 em Portugal?","datePublished":"2026-04-24T16:58:57+00:00","dateModified":"2026-04-24T17:19:27+00:00","mainEntityOfPage":{"@id":"https:\/\/factorialhr.pt\/blog\/nis2-entrada-vigor-portugal\/"},"wordCount":1691,"publisher":{"@id":"https:\/\/factorialhr.pt\/blog\/#organization"},"articleSection":["NIS2"],"inLanguage":"pt-PT"},{"@type":"WebPage","@id":"https:\/\/factorialhr.pt\/blog\/nis2-entrada-vigor-portugal\/","url":"https:\/\/factorialhr.pt\/blog\/nis2-entrada-vigor-portugal\/","name":"Quando entra em vigor a diretiva NIS2 em Portugal? | Factorial","isPartOf":{"@id":"https:\/\/factorialhr.pt\/blog\/#website"},"datePublished":"2026-04-24T16:58:57+00:00","dateModified":"2026-04-24T17:19:27+00:00","description":"Tem d\u00favidas sobre a entrada em vigor da diretiva NIS2? Explicamos tudo o que precisa de saber. Descubra!","inLanguage":"pt-PT","potentialAction":[{"@type":"ReadAction","target":["https:\/\/factorialhr.pt\/blog\/nis2-entrada-vigor-portugal\/"]}]},{"@type":"WebSite","@id":"https:\/\/factorialhr.pt\/blog\/#website","url":"https:\/\/factorialhr.pt\/blog\/","name":"Factorial","description":"","publisher":{"@id":"https:\/\/factorialhr.pt\/blog\/#organization"},"potentialAction":[{"@type":"SearchAction","target":{"@type":"EntryPoint","urlTemplate":"https:\/\/factorialhr.pt\/blog\/?s={search_term_string}"},"query-input":"required name=search_term_string"}],"inLanguage":"pt-PT"},{"@type":"Organization","@id":"https:\/\/factorialhr.pt\/blog\/#organization","name":"All-in-one business management software - Factorial","url":"https:\/\/factorialhr.pt\/blog\/","logo":{"@type":"ImageObject","inLanguage":"pt-PT","@id":"https:\/\/factorialhr.pt\/blog\/#\/schema\/logo\/image\/","url":"https:\/\/factorialhr.pt\/wp-content\/uploads\/2023\/07\/18155144\/factorial-logo.png","contentUrl":"https:\/\/factorialhr.pt\/wp-content\/uploads\/2023\/07\/18155144\/factorial-logo.png","width":946,"height":880,"caption":"All-in-one business management software - Factorial"},"image":{"@id":"https:\/\/factorialhr.pt\/blog\/#\/schema\/logo\/image\/"},"sameAs":["https:\/\/www.facebook.com\/people\/Factorial\/100064908455810\/","https:\/\/twitter.com\/factorialapp","https:\/\/www.linkedin.com\/company\/factorialhr","https:\/\/www.youtube.com\/@factorialmedia","https:\/\/www.instagram.com\/factorial\/#"]},{"@type":"Person","@id":"https:\/\/factorialhr.pt\/blog\/#\/schema\/person\/576a40f0f266777ab73068c097d59014","name":"Enrique Quiroga","image":{"@type":"ImageObject","inLanguage":"pt-PT","@id":"https:\/\/factorialhr.pt\/blog\/#\/schema\/person\/image\/","url":"https:\/\/secure.gravatar.com\/avatar\/fcc26a14dc327372e37434cfc64f3917?s=96&d=identicon&r=g","contentUrl":"https:\/\/secure.gravatar.com\/avatar\/fcc26a14dc327372e37434cfc64f3917?s=96&d=identicon&r=g","caption":"Enrique Quiroga"},"url":"https:\/\/factorialhr.pt\/blog\/author\/enrique-quiroga\/"}]}},"_links":{"self":[{"href":"https:\/\/factorialhr.pt\/blog\/wp-json\/wp\/v2\/posts\/186651"}],"collection":[{"href":"https:\/\/factorialhr.pt\/blog\/wp-json\/wp\/v2\/posts"}],"about":[{"href":"https:\/\/factorialhr.pt\/blog\/wp-json\/wp\/v2\/types\/post"}],"author":[{"embeddable":true,"href":"https:\/\/factorialhr.pt\/blog\/wp-json\/wp\/v2\/users\/352"}],"replies":[{"embeddable":true,"href":"https:\/\/factorialhr.pt\/blog\/wp-json\/wp\/v2\/comments?post=186651"}],"version-history":[{"count":5,"href":"https:\/\/factorialhr.pt\/blog\/wp-json\/wp\/v2\/posts\/186651\/revisions"}],"predecessor-version":[{"id":187627,"href":"https:\/\/factorialhr.pt\/blog\/wp-json\/wp\/v2\/posts\/186651\/revisions\/187627"}],"wp:featuredmedia":[{"embeddable":true,"href":"https:\/\/factorialhr.pt\/blog\/wp-json\/wp\/v2\/media\/186722"}],"wp:attachment":[{"href":"https:\/\/factorialhr.pt\/blog\/wp-json\/wp\/v2\/media?parent=186651"}],"wp:term":[{"taxonomy":"category","embeddable":true,"href":"https:\/\/factorialhr.pt\/blog\/wp-json\/wp\/v2\/categories?post=186651"},{"taxonomy":"post_tag","embeddable":true,"href":"https:\/\/factorialhr.pt\/blog\/wp-json\/wp\/v2\/tags?post=186651"}],"curies":[{"name":"wp","href":"https:\/\/api.w.org\/{rel}","templated":true}]}}