{"id":187639,"date":"2026-04-09T12:00:33","date_gmt":"2026-04-09T10:00:33","guid":{"rendered":"https:\/\/factorialhr.com\/blog\/?p=187639"},"modified":"2026-04-29T11:40:58","modified_gmt":"2026-04-29T09:40:58","slug":"iva-em-portugal-o-que-dizem-as-informacoes-vinculativas-da-at","status":"publish","type":"post","link":"https:\/\/factorialhr.pt\/blog\/iva-em-portugal-o-que-dizem-as-informacoes-vinculativas-da-at\/","title":{"rendered":"IVA em Portugal: o que dizem as informa\u00e7\u00f5es vinculativas da AT"},"content":{"rendered":"<p>O <strong>IVA em Portugal<\/strong> levanta d\u00favidas frequentes na gest\u00e3o empresarial, sobretudo em opera\u00e7\u00f5es complexas como adiantamentos, servi\u00e7os cont\u00ednuos e transa\u00e7\u00f5es internacionais. As informa\u00e7\u00f5es vinculativas da <strong>Autoridade Tribut\u00e1ria<\/strong> ajudam a clarificar como aplicar corretamente a lei fiscal em cada caso. Neste artigo, analisamos algumas das <strong>principais situa\u00e7\u00f5es pr\u00e1ticas e o entendimento da AT<\/strong>, para ajudar a aplicar o IVA corretamente no dia a dia da empresa<\/p>\n<p><strong>Tabela de conte\u00fados<\/strong><\/p>\n<ul>\n<li><a href=\"#adiantamentos\">1. IVA em adiantamentos: quando \u00e9 exig\u00edvel o imposto?<\/a><\/li>\n<li><a href=\"#prestacao-servicos-continuos\">2. Presta\u00e7\u00e3o de servi\u00e7os cont\u00ednuos: momento de exigibilidade<\/a><\/li>\n<li><a href=\"#operacoes-multiplos-elementos\">3. Opera\u00e7\u00f5es com m\u00faltiplos elementos: uma ou v\u00e1rias opera\u00e7\u00f5es?<\/a><\/li>\n<li><a href=\"#transmissoes-intracomunitarias\">4. Transmiss\u00f5es intracomunit\u00e1rias: condi\u00e7\u00f5es para isen\u00e7\u00e3o<\/a><\/li>\n<li><a href=\"#direito-deducao\">5. Direito \u00e0 dedu\u00e7\u00e3o: limita\u00e7\u00f5es e exclus\u00f5es<\/a><\/li>\n<li><a href=\"#casos-praticos\">Outros casos pr\u00e1ticos sobre IVA<\/a><\/li>\n<li><a href=\"#factorial-iva\">Como a Factorial ajuda a garantir conformidade no tratamento do IVA<\/a><\/li>\n<\/ul>\n<div class=\"factorial-banner inline-banner banner-demo category-juridico-e-financeiro\"\n    data-banner-id=\"171906\"\n    data-banner-type=\"demo\"\n    data-category=\"Jur\u00eddico e Financeiro\">\n    <div class=\"banner-content\">\n        <div class=\"banner-text\">\n                            <h4>Software de Gest\u00e3o Financeira<\/h4>\n            \n                            <p>Gest\u00e3o mais simples, r\u00e1pida e organizada para or\u00e7amentos, despesas e sal\u00e1rios.<\/p>\n            \n                            <a href=\"https:\/\/factorialhr.pt\/get-started\"\n                    class=\"factorial-cta-button not-prose demo btn-brand\" data-cta=\"demo\" data-cta-position=\"inline-banner\">\n                    Experimente Gr\u00e1tis                <\/a>\n                    <\/div>\n\n        <div class=\"banner-image has-image\">\n            <img decoding=\"async\" src=\"https:\/\/factorialhr.com\/wp-content\/uploads\/2025\/10\/29120723\/ShiftManagementCARDS.png\" class=\"not-prose\" \/>\n        <\/div>\n    <\/div>\n<\/div>\n<h2><a name=\"adiantamentos\"><\/a>1. IVA em adiantamentos: quando \u00e9 exig\u00edvel o imposto?<\/h2>\n<p data-start=\"411\" data-end=\"612\">Quando uma empresa recebe um pagamento antecipado antes da presta\u00e7\u00e3o de um servi\u00e7o ou entrega de um bem, entra-se no regime de adiantamentos em IVA, uma das situa\u00e7\u00f5es mais sens\u00edveis na pr\u00e1tica fiscal.<\/p>\n<p data-start=\"614\" data-end=\"906\">De acordo com o entendimento da Autoridade Tribut\u00e1ria, o IVA torna-se exig\u00edvel no momento em que o pagamento \u00e9 recebido, mesmo que o servi\u00e7o ainda n\u00e3o tenha sido executado. Isto significa que <strong>o facto gerador do imposto n\u00e3o est\u00e1 dependente da conclus\u00e3o do servi\u00e7o, mas sim da entrada do valor.<\/strong><\/p>\n<p data-start=\"908\" data-end=\"1155\">Na pr\u00e1tica, isto implica que as empresas devem emitir fatura no momento do recebimento do adiantamento e liquidar imediatamente o IVA correspondente. Este ponto \u00e9 particularmente relevante para neg\u00f3cios com pagamentos faseados, reservas ou sinais.<\/p>\n<p data-start=\"1157\" data-end=\"1286\">Este \u00e9 um dos cen\u00e1rios onde a <strong>gest\u00e3o rigorosa de faturas e pagamentos evita erros de compliance e diferen\u00e7as na contabilidade<\/strong>, especialmente quando os processos est\u00e3o centralizados numa <a href=\"https:\/\/factorialhr.pt\/gestao-despesas\">ferramenta de gest\u00e3o como a Factorial.<\/a><\/p>\n<h2><a name=\"prestacao-servicos-continuos\"><\/a>2. Presta\u00e7\u00e3o de servi\u00e7os cont\u00ednuos: momento de exigibilidade<\/h2>\n<p data-start=\"1119\" data-end=\"1302\">Nos servi\u00e7os de car\u00e1ter cont\u00ednuo, como aven\u00e7as, contratos de manuten\u00e7\u00e3o ou servi\u00e7os recorrentes \u2014 o momento de exigibilidade do IVA n\u00e3o segue uma l\u00f3gica pontual, mas sim peri\u00f3dica.<\/p>\n<p data-start=\"1309\" data-end=\"1565\">A Autoridade Tribut\u00e1ria estabelece que o IVA se torna exig\u00edvel no final de cada per\u00edodo de presta\u00e7\u00e3o do servi\u00e7o ou no momento da emiss\u00e3o da fatura, caso esta ocorra antes. Isto garante que a tributa\u00e7\u00e3o acompanha a realidade econ\u00f3mica do servi\u00e7o prestado.<\/p>\n<p data-start=\"1572\" data-end=\"1748\">Na pr\u00e1tica, isto significa que mesmo que o cliente ainda n\u00e3o tenha efetuado o pagamento, o IVA deve ser liquidado de acordo com o per\u00edodo acordado (mensal, trimestral, etc.).<\/p>\n<p data-start=\"1755\" data-end=\"1975\">Para empresas com processos recorrentes e m\u00faltiplos contratos ativos, ferramentas como a <a href=\"https:\/\/factorialhr.pt\/product-tour\"><strong data-start=\"1847\" data-end=\"1860\">Factorial<\/strong> <\/a>ajudam a centralizar a <a href=\"https:\/\/factorialhr.pt\/blog\/gestao-administrativa-de-rh\/\">gest\u00e3o administrativa<\/a> e reduzir erros na organiza\u00e7\u00e3o de ciclos de fatura\u00e7\u00e3o e documenta\u00e7\u00e3o.<\/p>\n<h2><a name=\"operacoes-multiplos-elementos\"><\/a>3. Opera\u00e7\u00f5es com m\u00faltiplos elementos: uma ou v\u00e1rias opera\u00e7\u00f5es?<\/h2>\n<p data-start=\"2272\" data-end=\"2450\">Em muitas transa\u00e7\u00f5es empresariais, um \u00fanico contrato pode incluir v\u00e1rios elementos, por exemplo, a venda de um produto com instala\u00e7\u00e3o, forma\u00e7\u00e3o ou servi\u00e7os adicionais inclu\u00eddos.<\/p>\n<p data-start=\"2452\" data-end=\"2655\">A quest\u00e3o central colocada pela Autoridade Tribut\u00e1ria \u00e9 <strong>perceber se estamos perante uma \u00fanica opera\u00e7\u00e3o econ\u00f3mica ou v\u00e1rias opera\u00e7\u00f5es independentes.<\/strong> A resposta tem impacto direto na taxa de <strong>IVA aplic\u00e1vel.<\/strong><\/p>\n<p data-start=\"2657\" data-end=\"2857\">Se os elementos forem considerados insepar\u00e1veis e complementares, aplica-se uma \u00fanica opera\u00e7\u00e3o com uma \u00fanica taxa. Por outro lado, se forem autonomiz\u00e1veis, cada parte deve ser tributada separadamente.<\/p>\n<p data-start=\"2859\" data-end=\"3020\">Este enquadramento exige uma an\u00e1lise cuidada do contrato e da estrutura da oferta comercial, sendo um ponto cr\u00edtico para empresas que vendem solu\u00e7\u00f5es \u201cpackaged\u201d.<\/p>\n<h2><a name=\"transmissoes-intracomunitarias\"><\/a>4. Transmiss\u00f5es intracomunit\u00e1rias: condi\u00e7\u00f5es para isen\u00e7\u00e3o<\/h2>\n<p data-start=\"3089\" data-end=\"3303\">As vendas de bens entre empresas localizadas em diferentes Estados-Membros da Uni\u00e3o Europeia podem beneficiar de isen\u00e7\u00e3o de IVA, mas apenas quando cumpridos requisitos estritos definidos pela Autoridade Tribut\u00e1ria.<\/p>\n<p data-start=\"3305\" data-end=\"3342\"><strong>Entre os principais requisitos est\u00e3o:<\/strong><\/p>\n<ul data-start=\"3343\" data-end=\"3504\">\n<li data-section-id=\"119ds0l\" data-start=\"3343\" data-end=\"3390\">Valida\u00e7\u00e3o do NIF do cliente no sistema VIES<\/li>\n<li data-section-id=\"lt1g1q\" data-start=\"3391\" data-end=\"3453\">Prova de transporte efetivo dos bens para outro pa\u00eds da UE<\/li>\n<li data-section-id=\"4k5u3k\" data-start=\"3454\" data-end=\"3504\">Submiss\u00e3o correta da declara\u00e7\u00e3o recapitulativa<\/li>\n<\/ul>\n<p data-start=\"3506\" data-end=\"3642\">Se qualquer uma destas condi\u00e7\u00f5es n\u00e3o for cumprida, a opera\u00e7\u00e3o pode deixar de beneficiar de isen\u00e7\u00e3o e passar a ser tributada em Portugal.<\/p>\n<p data-start=\"3644\" data-end=\"3760\">Este \u00e9 um dos pontos onde erros documentais s\u00e3o particularmente sens\u00edveis, podendo gerar corre\u00e7\u00f5es fiscais e coimas.<\/p>\n<h2><a name=\"direito-deducao\"><\/a>5. Direito \u00e0 dedu\u00e7\u00e3o: limita\u00e7\u00f5es e exclus\u00f5es<\/h2>\n<p data-start=\"3816\" data-end=\"4041\">O direito \u00e0 dedu\u00e7\u00e3o do IVA suportado pelas empresas n\u00e3o \u00e9 autom\u00e1tico nem universal. Est\u00e1 dependente da <strong>liga\u00e7\u00e3o direta entre a despesa e a atividade econ\u00f3mica da empresa<\/strong>, bem como das limita\u00e7\u00f5es expressamente previstas na lei.<\/p>\n<p data-start=\"4043\" data-end=\"4200\">Em termos pr\u00e1ticos, isto significa que apenas o IVA relacionado com atividades tributadas pode ser deduzido. <strong>Existem ainda v\u00e1rias exclus\u00f5es relevantes, como:<\/strong><\/p>\n<ul data-start=\"4201\" data-end=\"4340\">\n<li data-section-id=\"e3cebz\" data-start=\"4201\" data-end=\"4239\">determinadas despesas com viaturas<\/li>\n<li data-section-id=\"n3x6yh\" data-start=\"4240\" data-end=\"4269\">despesas de representa\u00e7\u00e3o<\/li>\n<li data-section-id=\"utox0o\" data-start=\"4270\" data-end=\"4340\">custos que n\u00e3o estejam diretamente ligados \u00e0 atividade empresarial<\/li>\n<\/ul>\n<p data-start=\"4342\" data-end=\"4482\">Este ponto \u00e9 especialmente relevante na gest\u00e3o financeira, uma vez que erros na dedu\u00e7\u00e3o podem ter impacto direto na carga fiscal da empresa.<\/p>\n<p data-start=\"4484\" data-end=\"4697\">\ud83d\udc49 Para empresas que procuram maior controlo administrativo e financeiro, a <a href=\"https:\/\/factorialhr.pt\/blog\/gestao-despesas-industriais\/\">centraliza\u00e7\u00e3o de despesas e documentos numa plataforma<\/a> como a Factorial ajuda a garantir maior rigor e rastreabilidade na gest\u00e3o interna.<\/p>\n<h2><a name=\"casos-praticos\"><\/a>Outros casos pr\u00e1ticos sobre IVA<\/h2>\n<h3>Qual o momento correto de liquida\u00e7\u00e3o do IVA na presta\u00e7\u00e3o de servi\u00e7os?<\/h3>\n<p>Uma das d\u00favidas mais comuns prende-se com o momento em que o IVA deve ser liquidado numa presta\u00e7\u00e3o de servi\u00e7os. De acordo com a regra geral, o IVA torna-se exig\u00edvel, no momento da realiza\u00e7\u00e3o do servi\u00e7o ou no momento da emiss\u00e3o da fatura, se anterior. No entanto, em presta\u00e7\u00f5es continuadas (como aven\u00e7as mensais), o imposto pode ser exig\u00edvel no final de cada per\u00edodo acordado.<\/p>\n<p><strong>\ud83d\udca1Exemplo pr\u00e1tico:<\/strong><br \/>\nUma empresa presta servi\u00e7os de consultoria mensal. Mesmo que o pagamento seja feito no final do trimestre, o IVA deve ser liquidado mensalmente, se esse for o per\u00edodo de fatura\u00e7\u00e3o acordado.<\/p>\n<h3>Adiantamentos: quando \u00e9 devido o IVA?<\/h3>\n<p>Sempre que exista um pagamento antecipado, o IVA \u00e9 devido no momento do recebimento, mesmo que o bem ou servi\u00e7o ainda n\u00e3o tenha sido entregue.\u00a0 Isto aplica-se a sinaliza\u00e7\u00f5es, pagamentos parciais, reservas, entre outros.<\/p>\n<p><strong>\ud83d\udca1 Exemplo pr\u00e1tico:<\/strong><br \/>\nUm cliente paga 30% de um servi\u00e7o antes da sua execu\u00e7\u00e3o. A empresa deve liquidar IVA sobre esse montante no momento em que o recebe.<\/p>\n<h3>Taxas de IVA: como determinar a taxa correta?<\/h3>\n<p>A aplica\u00e7\u00e3o da taxa de IVA depende da natureza da opera\u00e7\u00e3o e do enquadramento legal.\u00a0Em Portugal, existem tr\u00eas taxas: a taxa normal (23% no continente), a taxa interm\u00e9dia, a taxa reduzida. \u00a0O erro mais comum \u00e9 assumir a taxa com base no setor, em vez de analisar o tipo espec\u00edfico de opera\u00e7\u00e3o.<\/p>\n<p><strong>\ud83d\udca1 Exemplo pr\u00e1tico:<\/strong><br \/>\nNa restaura\u00e7\u00e3o, alimentos para consumo no local podem ter uma taxa diferente de produtos vendidos para take-away, dependendo da sua natureza.<\/p>\n<h3>Opera\u00e7\u00f5es mistas: como tratar opera\u00e7\u00f5es com diferentes taxas?<\/h3>\n<p>Quando uma opera\u00e7\u00e3o inclui v\u00e1rios elementos (por exemplo, produto + servi\u00e7o), \u00e9 necess\u00e1rio avaliar se estamos perante uma opera\u00e7\u00e3o \u00fanica (com uma taxa predominante) ou v\u00e1rias opera\u00e7\u00f5es distintas (com taxas diferentes).<\/p>\n<p><strong>\ud83d\udca1 Exemplo pr\u00e1tico:<\/strong><br \/>\nUm pacote tur\u00edstico que inclui alojamento e refei\u00e7\u00f5es pode exigir a separa\u00e7\u00e3o das componentes para efeitos de IVA.<\/p>\n<h3>Transmiss\u00f5es intracomunit\u00e1rias: quando h\u00e1 isen\u00e7\u00e3o de IVA?<\/h3>\n<p>Nas opera\u00e7\u00f5es entre empresas da Uni\u00e3o Europeia, pode existir isen\u00e7\u00e3o, desde que sejam cumpridos determinados requisitos:<\/p>\n<ol>\n<li>O cliente tenha n\u00famero de identifica\u00e7\u00e3o fiscal v\u00e1lido para efeitos de IVA<\/li>\n<li>A opera\u00e7\u00e3o seja devidamente reportada (ex: declara\u00e7\u00e3o recapitulativa)<\/li>\n<li>Os bens sejam efetivamente expedidos para outro Estado-Membro<\/li>\n<\/ol>\n<p>\ud83d\udc49 Caso contr\u00e1rio, pode haver obriga\u00e7\u00e3o de liquidar IVA em Portugal.<\/p>\n<h3>Vouchers e meios de pagamento: implica\u00e7\u00f5es<\/h3>\n<p>Embora o tema tenha ganho visibilidade com iniciativas como o IVA voucher, o enquadramento fiscal dos vouchers continua a gerar d\u00favidas nas empresas.\u00a0A principal quest\u00e3o \u00e9 determinar quando o IVA \u00e9 devido, se no momento da emiss\u00e3o do voucher ou no momento da sua utiliza\u00e7\u00e3o.\u00a0Esta distin\u00e7\u00e3o depende do tipo de voucher (finalidade \u00fanica ou m\u00faltipla), sendo essencial analisar cada caso concreto para evitar erros de liquida\u00e7\u00e3o.<\/p>\n<h2><a name=\"Factorial-iva\"><\/a>Como a Factorial ajuda a garantir conformidade no tratamento do IVA<\/h2>\n<p>Gerir corretamente o IVA, sobretudo em situa\u00e7\u00f5es mais t\u00e9cnicas como as descritas nas informa\u00e7\u00f5es vinculativas da AT, pode ser um desafio para empresas e equipas financeiras. Pequenos erros no momento de liquida\u00e7\u00e3o, na aplica\u00e7\u00e3o de taxas ou na emiss\u00e3o de documentos podem ter impacto direto na conformidade fiscal e ofriginar coimas.<\/p>\n<p>\u00c9 neste contexto que solu\u00e7\u00f5es digitais como a Factorial assumem um papel relevante. A plataforma permite <strong>automatizar processos administrativos e centralizar informa\u00e7\u00e3o, reduzindo o risco de erro humano e garantindo maior controlo<\/strong> sobre a gest\u00e3o financeira e de recursos humanos.<\/p>\n<p><strong>Com a Factorial, as empresas conseguem:<\/strong><\/p>\n<ol>\n<li>Organizar e <a href=\"https:\/\/factorialhr.pt\/gestao-documental\">centralizar documentos<\/a> e dados relacionados com colaboradores e despesas;<\/li>\n<li>Garantir maior rigor na gest\u00e3o de pagamentos e benef\u00edcios;<\/li>\n<li>Integrar informa\u00e7\u00e3o relevante para apoio \u00e0 contabilidade e cumprimento fiscal;<\/li>\n<li>Reduzir tarefas manuais associadas \u00e0 gest\u00e3o administrativa.<\/li>\n<\/ol>\n<p>Al\u00e9m disso, ao simplificar processos internos, a <a href=\"https:\/\/factorialhr.pt\/product-tour\">Factorial<\/a> permite que as equipas se concentrem em tarefas mais estrat\u00e9gicas, como a an\u00e1lise de enquadramentos fiscais complexos, incluindo temas como vouchers, adiantamentos ou opera\u00e7\u00f5es mistas, frequentemente abordados nas orienta\u00e7\u00f5es da AT.<\/p>\n<p>\ud83d\udc49 <a href=\"https:\/\/factorialhr.pt\/product-tour\"><strong>Quer ver e perceber como funciona a plataforma da Factorial? Clique aqui!<\/strong><\/a><\/p>\n<div class=\"factorial-banner inline-banner banner-demo category-juridico-e-financeiro\"\n    data-banner-id=\"171813\"\n    data-banner-type=\"demo\"\n    data-category=\"Jur\u00eddico e Financeiro\">\n    <div class=\"banner-content\">\n        <div class=\"banner-text\">\n                            <h4>Factorial: A solu\u00e7\u00e3o centrada nas pessoas<\/h4>\n            \n                            <p>Tempo, Talento e Finan\u00e7as: tudo na mesma plataforma para simplificar a gest\u00e3o.<\/p>\n            \n                            <a href=\"https:\/\/factorialhr.pt\/get-started\"\n                    class=\"factorial-cta-button not-prose demo btn-brand\" data-cta=\"demo\" data-cta-position=\"inline-banner\">\n                    Experimente Gr\u00e1tis                <\/a>\n                    <\/div>\n\n        <div class=\"banner-image has-image\">\n            <img decoding=\"async\" src=\"https:\/\/factorialhr.com\/wp-content\/uploads\/2025\/04\/13182510\/blog_thumbnail_fact-2.jpg\" class=\"not-prose\" \/>\n        <\/div>\n    <\/div>\n<\/div>\n","protected":false},"excerpt":{"rendered":"<p>O IVA em Portugal levanta d\u00favidas frequentes na gest\u00e3o empresarial, sobretudo em opera\u00e7\u00f5es complexas como adiantamentos, servi\u00e7os cont\u00ednuos e transa\u00e7\u00f5es internacionais. As informa\u00e7\u00f5es vinculativas da Autoridade Tribut\u00e1ria ajudam a clarificar como aplicar corretamente a lei fiscal em cada caso. Neste artigo, analisamos algumas das principais situa\u00e7\u00f5es pr\u00e1ticas e o entendimento da AT, para ajudar a<a href=\"https:\/\/factorialhr.pt\/blog\/iva-em-portugal-o-que-dizem-as-informacoes-vinculativas-da-at\/\" class=\"read-more\"> [&#8230;]<\/a><\/p>\n","protected":false},"author":107,"featured_media":119013,"comment_status":"closed","ping_status":"closed","sticky":false,"template":"","format":"standard","meta":{"_acf_changed":false,"footnotes":""},"categories":[399],"tags":[],"class_list":["post-187639","post","type-post","status-publish","format-standard","has-post-thumbnail","hentry","category-juridico-financeiro"],"acf":{"topics":"finance-it-management"},"yoast_head":"<!-- This site is optimized with the Yoast SEO Premium plugin v21.5 (Yoast SEO v21.9.1) - https:\/\/yoast.com\/wordpress\/plugins\/seo\/ -->\n<title>IVA em Portugal: guia pr\u00e1tico com informa\u00e7\u00f5es da AT | Factorial<\/title>\n<meta name=\"description\" content=\"Descubra como funciona o IVA em Portugal com base em informa\u00e7\u00f5es vinculativas da Autoridade Tribut\u00e1ria. Casos pr\u00e1ticos, regras e exemplos reais.\" \/>\n<meta name=\"robots\" content=\"index, follow, max-snippet:-1, max-image-preview:large, max-video-preview:-1\" \/>\n<link rel=\"canonical\" href=\"https:\/\/factorialhr.pt\/blog\/iva-em-portugal-o-que-dizem-as-informacoes-vinculativas-da-at\/\" \/>\n<meta property=\"og:locale\" content=\"pt_PT\" \/>\n<meta property=\"og:type\" content=\"article\" \/>\n<meta property=\"og:title\" content=\"IVA em Portugal: o que dizem as informa\u00e7\u00f5es vinculativas da AT\" \/>\n<meta property=\"og:description\" content=\"Descubra como funciona o IVA em Portugal com base em informa\u00e7\u00f5es vinculativas da Autoridade Tribut\u00e1ria. Casos pr\u00e1ticos, regras e exemplos reais.\" \/>\n<meta property=\"og:url\" content=\"https:\/\/factorialhr.pt\/blog\/iva-em-portugal-o-que-dizem-as-informacoes-vinculativas-da-at\/\" \/>\n<meta property=\"og:site_name\" content=\"Factorial\" \/>\n<meta property=\"article:publisher\" content=\"https:\/\/www.facebook.com\/people\/Factorial\/100064908455810\/\" \/>\n<meta property=\"article:published_time\" content=\"2026-04-09T10:00:33+00:00\" \/>\n<meta property=\"article:modified_time\" content=\"2026-04-29T09:40:58+00:00\" \/>\n<meta property=\"og:image\" content=\"https:\/\/factorialhr.pt\/wp-content\/uploads\/2023\/10\/17113725\/pexels-fauxels-3184432-1-1-2.png\" \/>\n\t<meta property=\"og:image:width\" content=\"1112\" \/>\n\t<meta property=\"og:image:height\" content=\"625\" \/>\n\t<meta property=\"og:image:type\" content=\"image\/png\" \/>\n<meta name=\"author\" content=\"N\u00e1dia Ventura\" \/>\n<meta name=\"twitter:card\" content=\"summary_large_image\" \/>\n<meta name=\"twitter:creator\" content=\"@factorialapp\" \/>\n<meta name=\"twitter:site\" content=\"@factorialapp\" \/>\n<meta name=\"twitter:label1\" content=\"Written by\" \/>\n\t<meta name=\"twitter:data1\" content=\"N\u00e1dia Ventura\" \/>\n\t<meta name=\"twitter:label2\" content=\"Est. reading time\" \/>\n\t<meta name=\"twitter:data2\" content=\"7 minutos\" \/>\n<script type=\"application\/ld+json\" class=\"yoast-schema-graph\">{\"@context\":\"https:\/\/schema.org\",\"@graph\":[{\"@type\":\"Article\",\"@id\":\"https:\/\/factorialhr.pt\/blog\/iva-em-portugal-o-que-dizem-as-informacoes-vinculativas-da-at\/#article\",\"isPartOf\":{\"@id\":\"https:\/\/factorialhr.pt\/blog\/iva-em-portugal-o-que-dizem-as-informacoes-vinculativas-da-at\/\"},\"author\":{\"name\":\"N\u00e1dia Ventura\",\"@id\":\"https:\/\/factorialhr.pt\/blog\/#\/schema\/person\/df58ad1d710ca5110dfe568e657dfd10\"},\"headline\":\"IVA em Portugal: o que dizem as informa\u00e7\u00f5es vinculativas da AT\",\"datePublished\":\"2026-04-09T10:00:33+00:00\",\"dateModified\":\"2026-04-29T09:40:58+00:00\",\"mainEntityOfPage\":{\"@id\":\"https:\/\/factorialhr.pt\/blog\/iva-em-portugal-o-que-dizem-as-informacoes-vinculativas-da-at\/\"},\"wordCount\":1635,\"publisher\":{\"@id\":\"https:\/\/factorialhr.pt\/blog\/#organization\"},\"articleSection\":[\"Jur\u00eddico e Financeiro\"],\"inLanguage\":\"pt-PT\"},{\"@type\":\"WebPage\",\"@id\":\"https:\/\/factorialhr.pt\/blog\/iva-em-portugal-o-que-dizem-as-informacoes-vinculativas-da-at\/\",\"url\":\"https:\/\/factorialhr.pt\/blog\/iva-em-portugal-o-que-dizem-as-informacoes-vinculativas-da-at\/\",\"name\":\"IVA em Portugal: guia pr\u00e1tico com informa\u00e7\u00f5es da AT | Factorial\",\"isPartOf\":{\"@id\":\"https:\/\/factorialhr.pt\/blog\/#website\"},\"datePublished\":\"2026-04-09T10:00:33+00:00\",\"dateModified\":\"2026-04-29T09:40:58+00:00\",\"description\":\"Descubra como funciona o IVA em Portugal com base em informa\u00e7\u00f5es vinculativas da Autoridade Tribut\u00e1ria. Casos pr\u00e1ticos, regras e exemplos reais.\",\"inLanguage\":\"pt-PT\",\"potentialAction\":[{\"@type\":\"ReadAction\",\"target\":[\"https:\/\/factorialhr.pt\/blog\/iva-em-portugal-o-que-dizem-as-informacoes-vinculativas-da-at\/\"]}]},{\"@type\":\"WebSite\",\"@id\":\"https:\/\/factorialhr.pt\/blog\/#website\",\"url\":\"https:\/\/factorialhr.pt\/blog\/\",\"name\":\"Factorial\",\"description\":\"\",\"publisher\":{\"@id\":\"https:\/\/factorialhr.pt\/blog\/#organization\"},\"potentialAction\":[{\"@type\":\"SearchAction\",\"target\":{\"@type\":\"EntryPoint\",\"urlTemplate\":\"https:\/\/factorialhr.pt\/blog\/?s={search_term_string}\"},\"query-input\":\"required name=search_term_string\"}],\"inLanguage\":\"pt-PT\"},{\"@type\":\"Organization\",\"@id\":\"https:\/\/factorialhr.pt\/blog\/#organization\",\"name\":\"All-in-one business management software - Factorial\",\"url\":\"https:\/\/factorialhr.pt\/blog\/\",\"logo\":{\"@type\":\"ImageObject\",\"inLanguage\":\"pt-PT\",\"@id\":\"https:\/\/factorialhr.pt\/blog\/#\/schema\/logo\/image\/\",\"url\":\"https:\/\/factorialhr.pt\/wp-content\/uploads\/2023\/07\/18155144\/factorial-logo.png\",\"contentUrl\":\"https:\/\/factorialhr.pt\/wp-content\/uploads\/2023\/07\/18155144\/factorial-logo.png\",\"width\":946,\"height\":880,\"caption\":\"All-in-one business management software - Factorial\"},\"image\":{\"@id\":\"https:\/\/factorialhr.pt\/blog\/#\/schema\/logo\/image\/\"},\"sameAs\":[\"https:\/\/www.facebook.com\/people\/Factorial\/100064908455810\/\",\"https:\/\/twitter.com\/factorialapp\",\"https:\/\/www.linkedin.com\/company\/factorialhr\",\"https:\/\/www.youtube.com\/@factorialmedia\",\"https:\/\/www.instagram.com\/factorial\/#\"]},{\"@type\":\"Person\",\"@id\":\"https:\/\/factorialhr.pt\/blog\/#\/schema\/person\/df58ad1d710ca5110dfe568e657dfd10\",\"name\":\"N\u00e1dia Ventura\",\"image\":{\"@type\":\"ImageObject\",\"inLanguage\":\"pt-PT\",\"@id\":\"https:\/\/factorialhr.pt\/blog\/#\/schema\/person\/image\/\",\"url\":\"https:\/\/secure.gravatar.com\/avatar\/5b9e9f3901aed6b7b6b4db81f034a409?s=96&d=identicon&r=g\",\"contentUrl\":\"https:\/\/secure.gravatar.com\/avatar\/5b9e9f3901aed6b7b6b4db81f034a409?s=96&d=identicon&r=g\",\"caption\":\"N\u00e1dia Ventura\"},\"description\":\"A N\u00e1dia Ventura escreve desde que aprendeu a juntar s\u00edlabas. Hoje, \u00e9 copywriter e content writer e entusiasta da escrita com prop\u00f3sito: aquela que informa, entret\u00e9m, vende e ainda arranca um sorriso de quem l\u00ea. Fundadora da Academia CES - Copywriting, escrita criativa e storytelling, e com mais de 7 anos de experi\u00eancia a escrever para marcas do setor alimentar, recursos humanos, banc\u00e1rio, animal, autom\u00f3vel, sa\u00fade e tantos outros, acredita que o segredo est\u00e1 em dizer muito, com poucas palavras (exceto quando h\u00e1 espa\u00e7o para um bom par\u00eanteses ou met\u00e1fora). Tem forma\u00e7\u00e3o em textos otimizados para SEO, storytelling, escrita ciativa, copywriting persuasivo e marketing de conte\u00fado, marketing tur\u00edstico, (e um v\u00edcio cr\u00f3nico em aprender). \u00c9 parceira da Factorial no mercado portugu\u00eas e, por aqui, quer escrever conte\u00fados que n\u00e3o adorme\u00e7am ningu\u00e9m, tragam solu\u00e7\u00f5es pr\u00e1ticas para quem trabalha com pessoas e fa\u00e7am as equipas pensar, rir e trabalhar melhor. \u00c9 apologista de que devemos partilhar conhecimento, hist\u00f3rias, experi\u00eancias (e bolos de chocolate, sempre!).\",\"sameAs\":[\"http:\/\/nadiaventura.pt\",\"https:\/\/www.instagram.com\/nadiaventura.copywriter\/\",\"https:\/\/www.linkedin.com\/in\/nadiaventura\/\",\"https:\/\/www.youtube.com\/@nadiaventura.copywriter\"],\"birthDate\":\"1997-02-11\",\"gender\":\"Female\",\"knowsLanguage\":[\"Portuguese\"],\"url\":\"https:\/\/factorialhr.pt\/blog\/author\/nadiaventura\/\"}]}<\/script>\n<!-- \/ Yoast SEO Premium plugin. -->","yoast_head_json":{"title":"IVA em Portugal: guia pr\u00e1tico com informa\u00e7\u00f5es da AT | Factorial","description":"Descubra como funciona o IVA em Portugal com base em informa\u00e7\u00f5es vinculativas da Autoridade Tribut\u00e1ria. Casos pr\u00e1ticos, regras e exemplos reais.","robots":{"index":"index","follow":"follow","max-snippet":"max-snippet:-1","max-image-preview":"max-image-preview:large","max-video-preview":"max-video-preview:-1"},"canonical":"https:\/\/factorialhr.pt\/blog\/iva-em-portugal-o-que-dizem-as-informacoes-vinculativas-da-at\/","og_locale":"pt_PT","og_type":"article","og_title":"IVA em Portugal: o que dizem as informa\u00e7\u00f5es vinculativas da AT","og_description":"Descubra como funciona o IVA em Portugal com base em informa\u00e7\u00f5es vinculativas da Autoridade Tribut\u00e1ria. Casos pr\u00e1ticos, regras e exemplos reais.","og_url":"https:\/\/factorialhr.pt\/blog\/iva-em-portugal-o-que-dizem-as-informacoes-vinculativas-da-at\/","og_site_name":"Factorial","article_publisher":"https:\/\/www.facebook.com\/people\/Factorial\/100064908455810\/","article_published_time":"2026-04-09T10:00:33+00:00","article_modified_time":"2026-04-29T09:40:58+00:00","og_image":[{"width":1112,"height":625,"url":"https:\/\/factorialhr.pt\/wp-content\/uploads\/2023\/10\/17113725\/pexels-fauxels-3184432-1-1-2.png","type":"image\/png"}],"author":"N\u00e1dia Ventura","twitter_card":"summary_large_image","twitter_creator":"@factorialapp","twitter_site":"@factorialapp","twitter_misc":{"Written by":"N\u00e1dia Ventura","Est. reading time":"7 minutos"},"schema":{"@context":"https:\/\/schema.org","@graph":[{"@type":"Article","@id":"https:\/\/factorialhr.pt\/blog\/iva-em-portugal-o-que-dizem-as-informacoes-vinculativas-da-at\/#article","isPartOf":{"@id":"https:\/\/factorialhr.pt\/blog\/iva-em-portugal-o-que-dizem-as-informacoes-vinculativas-da-at\/"},"author":{"name":"N\u00e1dia Ventura","@id":"https:\/\/factorialhr.pt\/blog\/#\/schema\/person\/df58ad1d710ca5110dfe568e657dfd10"},"headline":"IVA em Portugal: o que dizem as informa\u00e7\u00f5es vinculativas da AT","datePublished":"2026-04-09T10:00:33+00:00","dateModified":"2026-04-29T09:40:58+00:00","mainEntityOfPage":{"@id":"https:\/\/factorialhr.pt\/blog\/iva-em-portugal-o-que-dizem-as-informacoes-vinculativas-da-at\/"},"wordCount":1635,"publisher":{"@id":"https:\/\/factorialhr.pt\/blog\/#organization"},"articleSection":["Jur\u00eddico e Financeiro"],"inLanguage":"pt-PT"},{"@type":"WebPage","@id":"https:\/\/factorialhr.pt\/blog\/iva-em-portugal-o-que-dizem-as-informacoes-vinculativas-da-at\/","url":"https:\/\/factorialhr.pt\/blog\/iva-em-portugal-o-que-dizem-as-informacoes-vinculativas-da-at\/","name":"IVA em Portugal: guia pr\u00e1tico com informa\u00e7\u00f5es da AT | Factorial","isPartOf":{"@id":"https:\/\/factorialhr.pt\/blog\/#website"},"datePublished":"2026-04-09T10:00:33+00:00","dateModified":"2026-04-29T09:40:58+00:00","description":"Descubra como funciona o IVA em Portugal com base em informa\u00e7\u00f5es vinculativas da Autoridade Tribut\u00e1ria. Casos pr\u00e1ticos, regras e exemplos reais.","inLanguage":"pt-PT","potentialAction":[{"@type":"ReadAction","target":["https:\/\/factorialhr.pt\/blog\/iva-em-portugal-o-que-dizem-as-informacoes-vinculativas-da-at\/"]}]},{"@type":"WebSite","@id":"https:\/\/factorialhr.pt\/blog\/#website","url":"https:\/\/factorialhr.pt\/blog\/","name":"Factorial","description":"","publisher":{"@id":"https:\/\/factorialhr.pt\/blog\/#organization"},"potentialAction":[{"@type":"SearchAction","target":{"@type":"EntryPoint","urlTemplate":"https:\/\/factorialhr.pt\/blog\/?s={search_term_string}"},"query-input":"required name=search_term_string"}],"inLanguage":"pt-PT"},{"@type":"Organization","@id":"https:\/\/factorialhr.pt\/blog\/#organization","name":"All-in-one business management software - Factorial","url":"https:\/\/factorialhr.pt\/blog\/","logo":{"@type":"ImageObject","inLanguage":"pt-PT","@id":"https:\/\/factorialhr.pt\/blog\/#\/schema\/logo\/image\/","url":"https:\/\/factorialhr.pt\/wp-content\/uploads\/2023\/07\/18155144\/factorial-logo.png","contentUrl":"https:\/\/factorialhr.pt\/wp-content\/uploads\/2023\/07\/18155144\/factorial-logo.png","width":946,"height":880,"caption":"All-in-one business management software - Factorial"},"image":{"@id":"https:\/\/factorialhr.pt\/blog\/#\/schema\/logo\/image\/"},"sameAs":["https:\/\/www.facebook.com\/people\/Factorial\/100064908455810\/","https:\/\/twitter.com\/factorialapp","https:\/\/www.linkedin.com\/company\/factorialhr","https:\/\/www.youtube.com\/@factorialmedia","https:\/\/www.instagram.com\/factorial\/#"]},{"@type":"Person","@id":"https:\/\/factorialhr.pt\/blog\/#\/schema\/person\/df58ad1d710ca5110dfe568e657dfd10","name":"N\u00e1dia Ventura","image":{"@type":"ImageObject","inLanguage":"pt-PT","@id":"https:\/\/factorialhr.pt\/blog\/#\/schema\/person\/image\/","url":"https:\/\/secure.gravatar.com\/avatar\/5b9e9f3901aed6b7b6b4db81f034a409?s=96&d=identicon&r=g","contentUrl":"https:\/\/secure.gravatar.com\/avatar\/5b9e9f3901aed6b7b6b4db81f034a409?s=96&d=identicon&r=g","caption":"N\u00e1dia Ventura"},"description":"A N\u00e1dia Ventura escreve desde que aprendeu a juntar s\u00edlabas. Hoje, \u00e9 copywriter e content writer e entusiasta da escrita com prop\u00f3sito: aquela que informa, entret\u00e9m, vende e ainda arranca um sorriso de quem l\u00ea. Fundadora da Academia CES - Copywriting, escrita criativa e storytelling, e com mais de 7 anos de experi\u00eancia a escrever para marcas do setor alimentar, recursos humanos, banc\u00e1rio, animal, autom\u00f3vel, sa\u00fade e tantos outros, acredita que o segredo est\u00e1 em dizer muito, com poucas palavras (exceto quando h\u00e1 espa\u00e7o para um bom par\u00eanteses ou met\u00e1fora). Tem forma\u00e7\u00e3o em textos otimizados para SEO, storytelling, escrita ciativa, copywriting persuasivo e marketing de conte\u00fado, marketing tur\u00edstico, (e um v\u00edcio cr\u00f3nico em aprender). \u00c9 parceira da Factorial no mercado portugu\u00eas e, por aqui, quer escrever conte\u00fados que n\u00e3o adorme\u00e7am ningu\u00e9m, tragam solu\u00e7\u00f5es pr\u00e1ticas para quem trabalha com pessoas e fa\u00e7am as equipas pensar, rir e trabalhar melhor. \u00c9 apologista de que devemos partilhar conhecimento, hist\u00f3rias, experi\u00eancias (e bolos de chocolate, sempre!).","sameAs":["http:\/\/nadiaventura.pt","https:\/\/www.instagram.com\/nadiaventura.copywriter\/","https:\/\/www.linkedin.com\/in\/nadiaventura\/","https:\/\/www.youtube.com\/@nadiaventura.copywriter"],"birthDate":"1997-02-11","gender":"Female","knowsLanguage":["Portuguese"],"url":"https:\/\/factorialhr.pt\/blog\/author\/nadiaventura\/"}]}},"_links":{"self":[{"href":"https:\/\/factorialhr.pt\/blog\/wp-json\/wp\/v2\/posts\/187639"}],"collection":[{"href":"https:\/\/factorialhr.pt\/blog\/wp-json\/wp\/v2\/posts"}],"about":[{"href":"https:\/\/factorialhr.pt\/blog\/wp-json\/wp\/v2\/types\/post"}],"author":[{"embeddable":true,"href":"https:\/\/factorialhr.pt\/blog\/wp-json\/wp\/v2\/users\/107"}],"replies":[{"embeddable":true,"href":"https:\/\/factorialhr.pt\/blog\/wp-json\/wp\/v2\/comments?post=187639"}],"version-history":[{"count":5,"href":"https:\/\/factorialhr.pt\/blog\/wp-json\/wp\/v2\/posts\/187639\/revisions"}],"predecessor-version":[{"id":188043,"href":"https:\/\/factorialhr.pt\/blog\/wp-json\/wp\/v2\/posts\/187639\/revisions\/188043"}],"wp:featuredmedia":[{"embeddable":true,"href":"https:\/\/factorialhr.pt\/blog\/wp-json\/wp\/v2\/media\/119013"}],"wp:attachment":[{"href":"https:\/\/factorialhr.pt\/blog\/wp-json\/wp\/v2\/media?parent=187639"}],"wp:term":[{"taxonomy":"category","embeddable":true,"href":"https:\/\/factorialhr.pt\/blog\/wp-json\/wp\/v2\/categories?post=187639"},{"taxonomy":"post_tag","embeddable":true,"href":"https:\/\/factorialhr.pt\/blog\/wp-json\/wp\/v2\/tags?post=187639"}],"curies":[{"name":"wp","href":"https:\/\/api.w.org\/{rel}","templated":true}]}}