{"id":195406,"date":"2026-09-03T16:33:35","date_gmt":"2026-09-03T14:33:35","guid":{"rendered":"https:\/\/factorialhr.com\/blog\/?p=195406"},"modified":"2026-09-03T16:33:35","modified_gmt":"2026-09-03T14:33:35","slug":"como-definir-prioridades-e-melhorar-a-gestao-de-tarefas","status":"publish","type":"post","link":"https:\/\/factorialhr.pt\/blog\/como-definir-prioridades-e-melhorar-a-gestao-de-tarefas\/","title":{"rendered":"Como definir prioridades e melhorar a gest\u00e3o de tarefas"},"content":{"rendered":"<p><span style=\"font-weight: 400;\">A <\/span><b>gest\u00e3o de tarefas<\/b><span style=\"font-weight: 400;\"> faz parte do dia a dia de qualquer profissional. <\/span><b>Distinguir o que \u00e9 urgente do que \u00e9 importante permite definir prioridades<\/b><span style=\"font-weight: 400;\">, organizar melhor o trabalho, reduzir a sobrecarga e concentrar tempo e energia nas atividades que t\u00eam maior impacto.<\/span><\/p>\n<p><strong>Tabela de conte\u00fados:<\/strong><\/p>\n<ul>\n<li><a href=\"#1\">O que \u00e9 a gest\u00e3o de tarefas?<\/a><\/li>\n<li><a href=\"#2\">Urgente e importante: qual \u00e9 a diferen\u00e7a?<\/a><\/li>\n<li><a href=\"#3\">A matriz de Eisenhower na gest\u00e3o de tarefas<\/a><\/li>\n<li><a href=\"#4\">Estrat\u00e9gias para melhorar a gest\u00e3o de tarefas<\/a><\/li>\n<li><a href=\"#5\">Os erros mais comuns na gest\u00e3o de tarefas<\/a><\/li>\n<li><a href=\"#6\">Como a tecnologia ajuda na gest\u00e3o de tarefas<\/a><\/li>\n<\/ul>\n<div class=\"factorial-banner inline-banner banner-demo category-gestao-de-tempo\"\n    data-banner-id=\"172331\"\n    data-banner-type=\"demo\"\n    data-category=\"Gest\u00e3o de Tempo\">\n    <div class=\"banner-content\">\n        <div class=\"banner-text\">\n                            <h4>Software de Gest\u00e3o de Tempo<\/h4>\n            \n                            <p>Gest\u00e3o de tempo, turnos e aus\u00eancias da sua equipa de forma f\u00e1cil e eficiente.<\/p>\n            \n                            <a href=\"https:\/\/factorialhr.pt\/get-started\"\n                    class=\"factorial-cta-button not-prose demo btn-brand\" data-cta=\"demo\" data-cta-position=\"inline-banner\">\n                    Experimente Gr\u00e1tis                <\/a>\n                    <\/div>\n\n        <div class=\"banner-image has-image\">\n            <img decoding=\"async\" src=\"https:\/\/factorialhr.com\/wp-content\/uploads\/2025\/11\/03162217\/Group-427319437.png\" class=\"not-prose\" \/>\n        <\/div>\n    <\/div>\n<\/div>\n<h2><a name=\"1\"><\/a> O que \u00e9 a gest\u00e3o de tarefas?<\/h2>\n<p><b>A gest\u00e3o de tarefas \u00e9 o processo de planear, organizar, acompanhar e priorizar todas as atividades necess\u00e1rias para <\/b><a href=\"https:\/\/factorialhr.pt\/blog\/gestao-por-objetivos\/\"><b>alcan\u00e7ar um determinado objetivo<\/b><\/a><b>.<\/b><span style=\"font-weight: 400;\"> O seu principal prop\u00f3sito \u00e9 garantir a implementa\u00e7\u00e3o de um m\u00e9todo de organiza\u00e7\u00e3o claro, para que o trabalho se torne mais estrat\u00e9gico do que reativo.<\/span><\/p>\n<p><span style=\"font-weight: 400;\">Uma boa gest\u00e3o de tarefas ajuda a <\/span><b>transformar o trabalho num processo mais previs\u00edvel<\/b><span style=\"font-weight: 400;\">. Ao definir prioridades, estabelecer prazos realistas e acompanhar o progresso das atividades, passa a ser mais simples manter o foco e reduzir a probabilidade de atrasos, esquecimentos ou sobrecarga de trabalho.\u00a0<\/span><\/p>\n<h2><a name=\"2\"><\/a> Urgente e importante: qual \u00e9 a diferen\u00e7a?<\/h2>\n<p><span style=\"font-weight: 400;\">\u00c0 primeira vista pode parecer que uma tarefa urgente \u00e9 automaticamente importante, mas esta \u00e9 uma das confus\u00f5es mais frequentes na gest\u00e3o de tarefas.<\/span><\/p>\n<p><span style=\"font-weight: 400;\">A distin\u00e7\u00e3o entre tarefas urgentes e tarefas importantes est\u00e1 relacionada com dois fatores diferentes: o tempo e o impacto. Enquanto a <\/span><b>urg\u00eancia <\/b><span style=\"font-weight: 400;\">est\u00e1 associada \u00e0 <\/span><b>necessidade de agir rapidamente<\/b><span style=\"font-weight: 400;\">, a <\/span><b>import\u00e2ncia <\/b><span style=\"font-weight: 400;\">diz respeito ao valor ou \u00e0 <\/span><b>relev\u00e2ncia que uma determinada tarefa tem para alcan\u00e7ar um objetivo<\/b><span style=\"font-weight: 400;\">.<\/span><\/p>\n<h2><a name=\"3\"><\/a> A matriz de Eisenhower na gest\u00e3o de tarefas<\/h2>\n<p><span style=\"font-weight: 400;\">A matriz de Eisenhower \u00e9 um dos m\u00e9todos de prioriza\u00e7\u00e3o mais conhecidos e utilizados na gest\u00e3o de tarefas. Para o aplicar \u00e9 essencial perceber a diferen\u00e7a entre os seguintes n\u00edveis de prioridade:<\/span><\/p>\n<h3><b>Urgente e importante: fazer imediatamente<\/b><\/h3>\n<p><span style=\"font-weight: 400;\">Neste primeiro quadrante encontram-se as tarefas que <\/span><b>exigem aten\u00e7\u00e3o imediata<\/b><span style=\"font-weight: 400;\"> e que <\/span><b>t\u00eam um impacto significativo na atividade da empresa<\/b><span style=\"font-weight: 400;\"> ou da equipa. S\u00e3o situa\u00e7\u00f5es que n\u00e3o podem ser adiadas sem consequ\u00eancias, como a resolu\u00e7\u00e3o de uma falha cr\u00edtica no sistema, a resposta a uma reclama\u00e7\u00e3o urgente de um cliente ou a entrega de um projeto cujo prazo termina nesse mesmo dia.<\/span><\/p>\n<h3><b>Importante, mas n\u00e3o urgente: planear<\/b><\/h3>\n<p><span style=\"font-weight: 400;\">Aqui encontram-se todas as tarefas que <\/span><b>contribuem para objetivos<\/b><span style=\"font-weight: 400;\"> de m\u00e9dio e longo prazo, mas que <\/span><b>n\u00e3o exigem uma a\u00e7\u00e3o imediata<\/b><span style=\"font-weight: 400;\">, tais como a melhoria de processos, a prepara\u00e7\u00e3o de <\/span><a href=\"https:\/\/factorialhr.pt\/blog\/avaliacao-desempenho\/\"><span style=\"font-weight: 400;\">avalia\u00e7\u00f5es de desempenho<\/span><\/a><span style=\"font-weight: 400;\"> ou a defini\u00e7\u00e3o de objetivos para a equipa.<\/span><\/p>\n<p><span style=\"font-weight: 400;\">Como n\u00e3o existe uma press\u00e3o imediata para as concluir, estas atividades podem acabar por ser adiadas em favor de tarefas mais urgentes. No entanto, s\u00e3o precisamente elas que ajudam a prevenir problemas futuros e a reduzir o n\u00famero de situa\u00e7\u00f5es cr\u00edticas que surgem mais tarde.<\/span><\/p>\n<h3><b>Urgente, mas pouco importante: delegar<\/b><\/h3>\n<p><span style=\"font-weight: 400;\">Neste quadrante encontram-se atividades que <\/span><b>exigem rapidez<\/b><span style=\"font-weight: 400;\">, mas cujo <\/span><b>impacto \u00e9 reduzido<\/b><span style=\"font-weight: 400;\">. Em muitos casos, podem ser delegadas sem comprometer a qualidade do trabalho, permitindo que quem assume fun\u00e7\u00f5es de maior responsabilidade mantenha o foco nas tarefas que realmente exigem a sua interven\u00e7\u00e3o.<\/span><\/p>\n<h3><b>Nem urgente nem importante: eliminar ou reduzir<\/b><\/h3>\n<p><span style=\"font-weight: 400;\">O \u00faltimo quadrante inclui atividades que <\/span><b>consomem tempo<\/b><span style=\"font-weight: 400;\">, mas <\/span><b>acrescentam pouco valor <\/b><span style=\"font-weight: 400;\">ao trabalho realizado.<\/span><\/p>\n<p><span style=\"font-weight: 400;\">Eliminar o que n\u00e3o acrescenta valor cria espa\u00e7o para <\/span><a href=\"https:\/\/factorialhr.pt\/blog\/gestao-de-tempo-pessoal\/\"><span style=\"font-weight: 400;\">dedicar mais tempo \u00e0s atividades verdadeiramente importantes<\/span><\/a><span style=\"font-weight: 400;\">, contribuindo para uma gest\u00e3o de tarefas mais eficiente e para uma utiliza\u00e7\u00e3o mais consciente do tempo.<\/span><\/p>\n<h2><a name=\"4\"><\/a> Estrat\u00e9gias para melhorar a gest\u00e3o de tarefas<\/h2>\n<h3><b>Definir prioridades antes de come\u00e7ar o dia<\/b><\/h3>\n<p><span style=\"font-weight: 400;\">Come\u00e7ar o dia a responder automaticamente aos primeiros e-mails ou mensagens que chegam \u00e9 um h\u00e1bito comum, mas nem sempre \u00e9 o mais eficaz. Sempre que poss\u00edvel, <\/span><b>reserve alguns minutos para analisar as tarefas previstas e decidir quais devem ter prioridade<\/b><span style=\"font-weight: 400;\">.<\/span><\/p>\n<h3><b>Agrupar tarefas semelhantes<\/b><\/h3>\n<p><span style=\"font-weight: 400;\">Alternar constantemente entre diferentes tipos de trabalho exige um esfor\u00e7o de adapta\u00e7\u00e3o que acaba por afetar a concentra\u00e7\u00e3o.<\/span><\/p>\n<p><span style=\"font-weight: 400;\">Uma forma simples de minimizar esse impacto \u00e9 <\/span><b>agrupar tarefas semelhantes<\/b><span style=\"font-weight: 400;\">. Por exemplo, responder a e-mails em momentos espec\u00edficos do dia, realizar reuni\u00f5es em blocos definidos ou dedicar um per\u00edodo exclusivamente ao trabalho que exige maior concentra\u00e7\u00e3o.\u00a0<\/span><\/p>\n<h3><b>Reduzir interrup\u00e7\u00f5es sempre que poss\u00edvel<\/b><\/h3>\n<p><span style=\"font-weight: 400;\">Silenciar notifica\u00e7\u00f5es durante per\u00edodos de maior concentra\u00e7\u00e3o, <\/span><b>definir hor\u00e1rios<\/b><span style=\"font-weight: 400;\"> para responder a mensagens ou comunicar \u00e0 equipa quando \u00e9 necess\u00e1rio trabalhar sem interrup\u00e7\u00f5es s\u00e3o pequenas medidas que ajudam a <\/span><b>proteger o tempo dedicado \u00e0s tarefas mais importantes<\/b><span style=\"font-weight: 400;\">.<\/span><\/p>\n<h3><b>Aprender a delegar<\/b><\/h3>\n<p><span style=\"font-weight: 400;\">Delegar continua a ser um desafio para muitos profissionais, sobretudo para quem desempenha fun\u00e7\u00f5es de coordena\u00e7\u00e3o ou lideran\u00e7a.\u00a0<\/span><\/p>\n<p><span style=\"font-weight: 400;\">No entanto, quando a delega\u00e7\u00e3o \u00e9 feita de forma adequada, permite distribuir o trabalho de forma mais equilibrada e <\/span><b>libertar tempo para atividades que exigem um n\u00edvel de decis\u00e3o ou de responsabilidade superior<\/b><span style=\"font-weight: 400;\">.<\/span><\/p>\n<h3><b>Rever regularmente as prioridades<\/b><\/h3>\n<p><span style=\"font-weight: 400;\">A gest\u00e3o de tarefas n\u00e3o termina quando o planeamento \u00e9 feito.\u00a0<\/span><\/p>\n<p><span style=\"font-weight: 400;\">Alguns minutos no final do dia ou no in\u00edcio da semana s\u00e3o suficientes para <\/span><b>perceber o que foi conclu\u00eddo, o que continua pendente e quais as tarefas que devem assumir prioridade<\/b><span style=\"font-weight: 400;\"> a partir desse momento.<\/span><\/p>\n<p><span style=\"font-weight: 400;\">Ao manter esta vis\u00e3o atualizada, torna-se mais f\u00e1cil evitar a acumula\u00e7\u00e3o de trabalho, antecipar poss\u00edveis constrangimentos e garantir que os esfor\u00e7os da equipa continuam alinhados com os objetivos da organiza\u00e7\u00e3o.<\/span><\/p>\n<h2><a name=\"5\"><\/a> Os erros mais comuns na gest\u00e3o de tarefas<\/h2>\n<p><span style=\"font-weight: 400;\">H\u00e1 alguns erros que se repetem com frequ\u00eancia e que acabam por comprometer a produtividade, dificultar o cumprimento de prazos e aumentar a sensa\u00e7\u00e3o de sobrecarga. Identific\u00e1-los \u00e9 o primeiro passo para os corrigir:<\/span><\/p>\n<ul>\n<li style=\"font-weight: 400;\" aria-level=\"1\"><b>Dar prioridade a tudo:<\/b><span style=\"font-weight: 400;\"> perante v\u00e1rios pedidos em simult\u00e2neo, existe a tend\u00eancia para tratar todas as tarefas como urgentes, o que torna praticamente imposs\u00edvel estabelecer uma ordem l\u00f3gica de trabalho.\u00a0<\/span><\/li>\n<li style=\"font-weight: 400;\" aria-level=\"1\"><b>Trabalhar sempre em modo de urg\u00eancia: <\/b><span style=\"font-weight: 400;\">quanto menos tempo existe para planear, mais urg\u00eancias surgem, e quanto mais urg\u00eancias aparecem, menos tempo resta para planear.<\/span><\/li>\n<li style=\"font-weight: 400;\" aria-level=\"1\"><b>N\u00e3o delegar tarefas: <\/b><span style=\"font-weight: 400;\">al\u00e9m de aumentar a carga de trabalho, esta centraliza\u00e7\u00e3o pode atrasar projetos e limitar a autonomia dos colaboradores.\u00a0<\/span><\/li>\n<li style=\"font-weight: 400;\" aria-level=\"1\"><b>N\u00e3o acompanhar o progresso das tarefas:<\/b><span style=\"font-weight: 400;\"> \u00e9 essencial acompanhar o estado das tarefas, verificar se os prazos continuam a ser realistas e identificar eventuais bloqueios antes que se transformem em problemas maiores.\u00a0<\/span><\/li>\n<li style=\"font-weight: 400;\" aria-level=\"1\"><b>Aceitar todas as solicita\u00e7\u00f5es sem reavaliar prioridades: <\/b><span style=\"font-weight: 400;\">antes de alterar o planeamento, vale a pena analisar se aquela tarefa \u00e9 realmente priorit\u00e1ria ou se pode ser agendada para outro momento sem prejudicar os resultados.<\/span><\/li>\n<\/ul>\n<h2><a name=\"6\"><\/a> Como a tecnologia ajuda na gest\u00e3o de tarefas<\/h2>\n<p><span style=\"font-weight: 400;\">Gerir tarefas torna-se mais desafiante \u00e0 medida que as equipas crescem, os projetos se multiplicam e a informa\u00e7\u00e3o passa a estar distribu\u00edda por diferentes ferramentas. Nestes casos, recorrer \u00e0 tecnologia pode fazer toda a diferen\u00e7a. Plataformas como a <\/span><b>Factorial <\/b><span style=\"font-weight: 400;\">ajudam a organizar o trabalho, aumentar a visibilidade sobre as tarefas e facilitar a colabora\u00e7\u00e3o entre equipas. Entre as principais vantagens, destacam-se as seguintes:<\/span><\/p>\n<ul>\n<li style=\"font-weight: 400;\" aria-level=\"1\"><b>Centraliza\u00e7\u00e3o de toda a informa\u00e7\u00e3o num \u00fanico local: <\/b><span style=\"font-weight: 400;\">passa a ser poss\u00edvel consultar rapidamente o estado das tarefas, os prazos e os respons\u00e1veis.<\/span><\/li>\n<li style=\"font-weight: 400;\" aria-level=\"1\"><b>Possibilidade de atribuir responsabilidades:<\/b><span style=\"font-weight: 400;\"> cada tarefa pode ser atribu\u00edda a um colaborador espec\u00edfico, acompanhada de um prazo e de informa\u00e7\u00f5es relevantes.<\/span><\/li>\n<li style=\"font-weight: 400;\" aria-level=\"1\"><b>Acompanhamento do progresso dos projetos:<\/b><span style=\"font-weight: 400;\"> os gestores e equipas conseguem <\/span><a href=\"https:\/\/factorialhr.pt\/gestao-de-projetos\"><span style=\"font-weight: 400;\">acompanhar o progresso dos projetos<\/span><\/a><span style=\"font-weight: 400;\"> em tempo real e tomar decis\u00f5es mais informadas.<\/span><\/li>\n<li style=\"font-weight: 400;\" aria-level=\"1\"><b>Melhoria na colabora\u00e7\u00e3o entre equipas:<\/b><span style=\"font-weight: 400;\"> as equipas conseguem partilhar informa\u00e7\u00e3o, acompanhar altera\u00e7\u00f5es e colaborar de forma mais organizada.<\/span><\/li>\n<li style=\"font-weight: 400;\" aria-level=\"1\"><b>Maior equil\u00edbrio na carga de trabalho: <\/b><span style=\"font-weight: 400;\">ao perceber quem tem maior disponibilidade e quem est\u00e1 com uma carga de trabalho mais elevada, torna-se mais f\u00e1cil redistribuir tarefas e evitar situa\u00e7\u00f5es de sobrecarga ou de desequil\u00edbrio dentro da equipa.<\/span><\/li>\n<\/ul>\n<p><b>Quer ver e perceber como funciona a plataforma da Factorial? Clique <\/b><a href=\"https:\/\/factorialhr.pt\/product-tour\"><b>aqui<\/b><\/a><b>!<\/b><\/p>\n<div class=\"factorial-banner inline-banner banner-demo category-gestao-de-tempo\"\n    data-banner-id=\"171813\"\n    data-banner-type=\"demo\"\n    data-category=\"Gest\u00e3o de Tempo\">\n    <div class=\"banner-content\">\n        <div class=\"banner-text\">\n                            <h4>Factorial: A solu\u00e7\u00e3o centrada nas pessoas<\/h4>\n            \n                            <p>Tempo, Talento e Finan\u00e7as: tudo na mesma plataforma para simplificar a gest\u00e3o.<\/p>\n            \n                            <a href=\"https:\/\/factorialhr.pt\/get-started\"\n                    class=\"factorial-cta-button not-prose demo btn-brand\" data-cta=\"demo\" data-cta-position=\"inline-banner\">\n                    Experimente Gr\u00e1tis                <\/a>\n                    <\/div>\n\n        <div class=\"banner-image has-image\">\n            <img decoding=\"async\" src=\"https:\/\/factorialhr.com\/wp-content\/uploads\/2025\/04\/13182510\/blog_thumbnail_fact-2.jpg\" class=\"not-prose\" \/>\n        <\/div>\n    <\/div>\n<\/div>\n","protected":false},"excerpt":{"rendered":"<p>A gest\u00e3o de tarefas faz parte do dia a dia de qualquer profissional. Distinguir o que \u00e9 urgente do que \u00e9 importante permite definir prioridades, organizar melhor o trabalho, reduzir a sobrecarga e concentrar tempo e energia nas atividades que t\u00eam maior impacto. Tabela de conte\u00fados: O que \u00e9 a gest\u00e3o de tarefas? Urgente e<a href=\"https:\/\/factorialhr.pt\/blog\/como-definir-prioridades-e-melhorar-a-gestao-de-tarefas\/\" class=\"read-more\"> [&#8230;]<\/a><\/p>\n","protected":false},"author":358,"featured_media":0,"comment_status":"closed","ping_status":"closed","sticky":false,"template":"","format":"standard","meta":{"_acf_changed":false,"footnotes":""},"categories":[397],"tags":[],"class_list":["post-195406","post","type-post","status-publish","format-standard","hentry","category-gestao-de-tempo"],"acf":{"topics":"time-time-planning"},"yoast_head":"<!-- This site is optimized with the Yoast SEO Premium plugin v21.5 (Yoast SEO v21.9.1) - https:\/\/yoast.com\/wordpress\/plugins\/seo\/ -->\n<title>Urgente vs. importante: como otimizar a gest\u00e3o de tarefas<\/title>\n<meta name=\"description\" content=\"Saiba como otimizar a gest\u00e3o de tarefas, distinguir o urgente do importante e definir prioridades para aumentar a produtividade no trabalho.\" \/>\n<meta name=\"robots\" content=\"index, follow, max-snippet:-1, max-image-preview:large, max-video-preview:-1\" \/>\n<link rel=\"canonical\" href=\"https:\/\/factorialhr.pt\/blog\/como-definir-prioridades-e-melhorar-a-gestao-de-tarefas\/\" \/>\n<meta property=\"og:locale\" content=\"pt_PT\" \/>\n<meta property=\"og:type\" content=\"article\" \/>\n<meta property=\"og:title\" content=\"Como definir prioridades e melhorar a gest\u00e3o de tarefas\" \/>\n<meta property=\"og:description\" content=\"Saiba como otimizar a gest\u00e3o de tarefas, distinguir o urgente do importante e definir prioridades para aumentar a produtividade no trabalho.\" \/>\n<meta property=\"og:url\" content=\"https:\/\/factorialhr.pt\/blog\/como-definir-prioridades-e-melhorar-a-gestao-de-tarefas\/\" \/>\n<meta property=\"og:site_name\" content=\"Factorial\" \/>\n<meta property=\"article:publisher\" content=\"https:\/\/www.facebook.com\/people\/Factorial\/100064908455810\/\" \/>\n<meta property=\"article:published_time\" content=\"2026-09-03T14:33:35+00:00\" \/>\n<meta name=\"author\" content=\"Mariana Lopes\" \/>\n<meta name=\"twitter:card\" content=\"summary_large_image\" \/>\n<meta name=\"twitter:creator\" content=\"@factorialapp\" \/>\n<meta name=\"twitter:site\" content=\"@factorialapp\" \/>\n<meta name=\"twitter:label1\" content=\"Written by\" \/>\n\t<meta name=\"twitter:data1\" content=\"Mariana Lopes\" \/>\n\t<meta name=\"twitter:label2\" content=\"Est. reading time\" \/>\n\t<meta name=\"twitter:data2\" content=\"6 minutos\" \/>\n<script type=\"application\/ld+json\" class=\"yoast-schema-graph\">{\"@context\":\"https:\/\/schema.org\",\"@graph\":[{\"@type\":\"Article\",\"@id\":\"https:\/\/factorialhr.pt\/blog\/como-definir-prioridades-e-melhorar-a-gestao-de-tarefas\/#article\",\"isPartOf\":{\"@id\":\"https:\/\/factorialhr.pt\/blog\/como-definir-prioridades-e-melhorar-a-gestao-de-tarefas\/\"},\"author\":{\"name\":\"Mariana Lopes\",\"@id\":\"https:\/\/factorialhr.pt\/blog\/#\/schema\/person\/882185fb0f38f3682eec3a3d73ea12b9\"},\"headline\":\"Como definir prioridades e melhorar a gest\u00e3o de tarefas\",\"datePublished\":\"2026-09-03T14:33:35+00:00\",\"dateModified\":\"2026-09-03T14:33:35+00:00\",\"mainEntityOfPage\":{\"@id\":\"https:\/\/factorialhr.pt\/blog\/como-definir-prioridades-e-melhorar-a-gestao-de-tarefas\/\"},\"wordCount\":1377,\"publisher\":{\"@id\":\"https:\/\/factorialhr.pt\/blog\/#organization\"},\"articleSection\":[\"Gest\u00e3o de Tempo\"],\"inLanguage\":\"pt-PT\"},{\"@type\":\"WebPage\",\"@id\":\"https:\/\/factorialhr.pt\/blog\/como-definir-prioridades-e-melhorar-a-gestao-de-tarefas\/\",\"url\":\"https:\/\/factorialhr.pt\/blog\/como-definir-prioridades-e-melhorar-a-gestao-de-tarefas\/\",\"name\":\"Urgente vs. importante: como otimizar a gest\u00e3o de tarefas\",\"isPartOf\":{\"@id\":\"https:\/\/factorialhr.pt\/blog\/#website\"},\"datePublished\":\"2026-09-03T14:33:35+00:00\",\"dateModified\":\"2026-09-03T14:33:35+00:00\",\"description\":\"Saiba como otimizar a gest\u00e3o de tarefas, distinguir o urgente do importante e definir prioridades para aumentar a produtividade no trabalho.\",\"inLanguage\":\"pt-PT\",\"potentialAction\":[{\"@type\":\"ReadAction\",\"target\":[\"https:\/\/factorialhr.pt\/blog\/como-definir-prioridades-e-melhorar-a-gestao-de-tarefas\/\"]}]},{\"@type\":\"WebSite\",\"@id\":\"https:\/\/factorialhr.pt\/blog\/#website\",\"url\":\"https:\/\/factorialhr.pt\/blog\/\",\"name\":\"Factorial\",\"description\":\"\",\"publisher\":{\"@id\":\"https:\/\/factorialhr.pt\/blog\/#organization\"},\"potentialAction\":[{\"@type\":\"SearchAction\",\"target\":{\"@type\":\"EntryPoint\",\"urlTemplate\":\"https:\/\/factorialhr.pt\/blog\/?s={search_term_string}\"},\"query-input\":\"required name=search_term_string\"}],\"inLanguage\":\"pt-PT\"},{\"@type\":\"Organization\",\"@id\":\"https:\/\/factorialhr.pt\/blog\/#organization\",\"name\":\"All-in-one business management software - Factorial\",\"url\":\"https:\/\/factorialhr.pt\/blog\/\",\"logo\":{\"@type\":\"ImageObject\",\"inLanguage\":\"pt-PT\",\"@id\":\"https:\/\/factorialhr.pt\/blog\/#\/schema\/logo\/image\/\",\"url\":\"https:\/\/factorialhr.pt\/wp-content\/uploads\/2023\/07\/18155144\/factorial-logo.png\",\"contentUrl\":\"https:\/\/factorialhr.pt\/wp-content\/uploads\/2023\/07\/18155144\/factorial-logo.png\",\"width\":946,\"height\":880,\"caption\":\"All-in-one business management software - Factorial\"},\"image\":{\"@id\":\"https:\/\/factorialhr.pt\/blog\/#\/schema\/logo\/image\/\"},\"sameAs\":[\"https:\/\/www.facebook.com\/people\/Factorial\/100064908455810\/\",\"https:\/\/twitter.com\/factorialapp\",\"https:\/\/www.linkedin.com\/company\/factorialhr\",\"https:\/\/www.youtube.com\/@factorialmedia\",\"https:\/\/www.instagram.com\/factorial\/#\"]},{\"@type\":\"Person\",\"@id\":\"https:\/\/factorialhr.pt\/blog\/#\/schema\/person\/882185fb0f38f3682eec3a3d73ea12b9\",\"name\":\"Mariana Lopes\",\"image\":{\"@type\":\"ImageObject\",\"inLanguage\":\"pt-PT\",\"@id\":\"https:\/\/factorialhr.pt\/blog\/#\/schema\/person\/image\/\",\"url\":\"https:\/\/secure.gravatar.com\/avatar\/46071d57c0276ce71a9e17166fc7f28d?s=96&d=identicon&r=g\",\"contentUrl\":\"https:\/\/secure.gravatar.com\/avatar\/46071d57c0276ce71a9e17166fc7f28d?s=96&d=identicon&r=g\",\"caption\":\"Mariana Lopes\"},\"url\":\"https:\/\/factorialhr.pt\/blog\/author\/mariana-l\/\"}]}<\/script>\n<!-- \/ Yoast SEO Premium plugin. -->","yoast_head_json":{"title":"Urgente vs. importante: como otimizar a gest\u00e3o de tarefas","description":"Saiba como otimizar a gest\u00e3o de tarefas, distinguir o urgente do importante e definir prioridades para aumentar a produtividade no trabalho.","robots":{"index":"index","follow":"follow","max-snippet":"max-snippet:-1","max-image-preview":"max-image-preview:large","max-video-preview":"max-video-preview:-1"},"canonical":"https:\/\/factorialhr.pt\/blog\/como-definir-prioridades-e-melhorar-a-gestao-de-tarefas\/","og_locale":"pt_PT","og_type":"article","og_title":"Como definir prioridades e melhorar a gest\u00e3o de tarefas","og_description":"Saiba como otimizar a gest\u00e3o de tarefas, distinguir o urgente do importante e definir prioridades para aumentar a produtividade no trabalho.","og_url":"https:\/\/factorialhr.pt\/blog\/como-definir-prioridades-e-melhorar-a-gestao-de-tarefas\/","og_site_name":"Factorial","article_publisher":"https:\/\/www.facebook.com\/people\/Factorial\/100064908455810\/","article_published_time":"2026-09-03T14:33:35+00:00","author":"Mariana Lopes","twitter_card":"summary_large_image","twitter_creator":"@factorialapp","twitter_site":"@factorialapp","twitter_misc":{"Written by":"Mariana Lopes","Est. reading time":"6 minutos"},"schema":{"@context":"https:\/\/schema.org","@graph":[{"@type":"Article","@id":"https:\/\/factorialhr.pt\/blog\/como-definir-prioridades-e-melhorar-a-gestao-de-tarefas\/#article","isPartOf":{"@id":"https:\/\/factorialhr.pt\/blog\/como-definir-prioridades-e-melhorar-a-gestao-de-tarefas\/"},"author":{"name":"Mariana Lopes","@id":"https:\/\/factorialhr.pt\/blog\/#\/schema\/person\/882185fb0f38f3682eec3a3d73ea12b9"},"headline":"Como definir prioridades e melhorar a gest\u00e3o de tarefas","datePublished":"2026-09-03T14:33:35+00:00","dateModified":"2026-09-03T14:33:35+00:00","mainEntityOfPage":{"@id":"https:\/\/factorialhr.pt\/blog\/como-definir-prioridades-e-melhorar-a-gestao-de-tarefas\/"},"wordCount":1377,"publisher":{"@id":"https:\/\/factorialhr.pt\/blog\/#organization"},"articleSection":["Gest\u00e3o de Tempo"],"inLanguage":"pt-PT"},{"@type":"WebPage","@id":"https:\/\/factorialhr.pt\/blog\/como-definir-prioridades-e-melhorar-a-gestao-de-tarefas\/","url":"https:\/\/factorialhr.pt\/blog\/como-definir-prioridades-e-melhorar-a-gestao-de-tarefas\/","name":"Urgente vs. importante: como otimizar a gest\u00e3o de tarefas","isPartOf":{"@id":"https:\/\/factorialhr.pt\/blog\/#website"},"datePublished":"2026-09-03T14:33:35+00:00","dateModified":"2026-09-03T14:33:35+00:00","description":"Saiba como otimizar a gest\u00e3o de tarefas, distinguir o urgente do importante e definir prioridades para aumentar a produtividade no trabalho.","inLanguage":"pt-PT","potentialAction":[{"@type":"ReadAction","target":["https:\/\/factorialhr.pt\/blog\/como-definir-prioridades-e-melhorar-a-gestao-de-tarefas\/"]}]},{"@type":"WebSite","@id":"https:\/\/factorialhr.pt\/blog\/#website","url":"https:\/\/factorialhr.pt\/blog\/","name":"Factorial","description":"","publisher":{"@id":"https:\/\/factorialhr.pt\/blog\/#organization"},"potentialAction":[{"@type":"SearchAction","target":{"@type":"EntryPoint","urlTemplate":"https:\/\/factorialhr.pt\/blog\/?s={search_term_string}"},"query-input":"required name=search_term_string"}],"inLanguage":"pt-PT"},{"@type":"Organization","@id":"https:\/\/factorialhr.pt\/blog\/#organization","name":"All-in-one business management software - Factorial","url":"https:\/\/factorialhr.pt\/blog\/","logo":{"@type":"ImageObject","inLanguage":"pt-PT","@id":"https:\/\/factorialhr.pt\/blog\/#\/schema\/logo\/image\/","url":"https:\/\/factorialhr.pt\/wp-content\/uploads\/2023\/07\/18155144\/factorial-logo.png","contentUrl":"https:\/\/factorialhr.pt\/wp-content\/uploads\/2023\/07\/18155144\/factorial-logo.png","width":946,"height":880,"caption":"All-in-one business management software - Factorial"},"image":{"@id":"https:\/\/factorialhr.pt\/blog\/#\/schema\/logo\/image\/"},"sameAs":["https:\/\/www.facebook.com\/people\/Factorial\/100064908455810\/","https:\/\/twitter.com\/factorialapp","https:\/\/www.linkedin.com\/company\/factorialhr","https:\/\/www.youtube.com\/@factorialmedia","https:\/\/www.instagram.com\/factorial\/#"]},{"@type":"Person","@id":"https:\/\/factorialhr.pt\/blog\/#\/schema\/person\/882185fb0f38f3682eec3a3d73ea12b9","name":"Mariana Lopes","image":{"@type":"ImageObject","inLanguage":"pt-PT","@id":"https:\/\/factorialhr.pt\/blog\/#\/schema\/person\/image\/","url":"https:\/\/secure.gravatar.com\/avatar\/46071d57c0276ce71a9e17166fc7f28d?s=96&d=identicon&r=g","contentUrl":"https:\/\/secure.gravatar.com\/avatar\/46071d57c0276ce71a9e17166fc7f28d?s=96&d=identicon&r=g","caption":"Mariana Lopes"},"url":"https:\/\/factorialhr.pt\/blog\/author\/mariana-l\/"}]}},"_links":{"self":[{"href":"https:\/\/factorialhr.pt\/blog\/wp-json\/wp\/v2\/posts\/195406"}],"collection":[{"href":"https:\/\/factorialhr.pt\/blog\/wp-json\/wp\/v2\/posts"}],"about":[{"href":"https:\/\/factorialhr.pt\/blog\/wp-json\/wp\/v2\/types\/post"}],"author":[{"embeddable":true,"href":"https:\/\/factorialhr.pt\/blog\/wp-json\/wp\/v2\/users\/358"}],"replies":[{"embeddable":true,"href":"https:\/\/factorialhr.pt\/blog\/wp-json\/wp\/v2\/comments?post=195406"}],"version-history":[{"count":4,"href":"https:\/\/factorialhr.pt\/blog\/wp-json\/wp\/v2\/posts\/195406\/revisions"}],"predecessor-version":[{"id":200882,"href":"https:\/\/factorialhr.pt\/blog\/wp-json\/wp\/v2\/posts\/195406\/revisions\/200882"}],"wp:attachment":[{"href":"https:\/\/factorialhr.pt\/blog\/wp-json\/wp\/v2\/media?parent=195406"}],"wp:term":[{"taxonomy":"category","embeddable":true,"href":"https:\/\/factorialhr.pt\/blog\/wp-json\/wp\/v2\/categories?post=195406"},{"taxonomy":"post_tag","embeddable":true,"href":"https:\/\/factorialhr.pt\/blog\/wp-json\/wp\/v2\/tags?post=195406"}],"curies":[{"name":"wp","href":"https:\/\/api.w.org\/{rel}","templated":true}]}}