{"id":199090,"date":"2026-09-03T16:30:36","date_gmt":"2026-09-03T14:30:36","guid":{"rendered":"https:\/\/factorialhr.com\/blog\/?p=199090"},"modified":"2026-09-03T16:30:36","modified_gmt":"2026-09-03T14:30:36","slug":"como-preparar-o-regresso-ao-trabalho-apos-as-ferias","status":"publish","type":"post","link":"https:\/\/factorialhr.pt\/blog\/como-preparar-o-regresso-ao-trabalho-apos-as-ferias\/","title":{"rendered":"Como preparar o regresso ao trabalho ap\u00f3s as f\u00e9rias"},"content":{"rendered":"<p><span style=\"font-weight: 400;\">O regresso ao trabalho depois de um extenso per\u00edodo de f\u00e9rias tanto pode significar energias renovadas como ser sin\u00f3nimo de uma excessiva acumula\u00e7\u00e3o de tarefas, e-mails, mensagens e projetos. Neste artigo vamos explorar <\/span><b>de que modo as equipas de recursos humanos e os colaboradores de forma individual podem atenuar os efeitos mais negativos deste regresso<\/b><span style=\"font-weight: 400;\">, com pequenos passos que fazem toda a diferen\u00e7a na <\/span><b>redu\u00e7\u00e3o do stress<\/b><span style=\"font-weight: 400;\"> nos primeiros dias e na <\/span><b>recupera\u00e7\u00e3o do contexto<\/b><span style=\"font-weight: 400;\"> do trabalho.<\/span><\/p>\n<p><strong>Tabela de conte\u00fados<\/strong><\/p>\n<ul>\n<li><a href=\"#1\">Por que motivo deve preparar o regresso ao trabalho<\/a><\/li>\n<li><a href=\"#2\">Checklist completa para um regresso ao trabalho p\u00f3s-f\u00e9rias<\/a><\/li>\n<li><a href=\"#3\">Como os recursos humanos podem facilitar o regresso ao trabalho<\/a><\/li>\n<\/ul>\n<div class=\"factorial-banner inline-banner banner-demo category-gestao-de-tempo\"\n    data-banner-id=\"172331\"\n    data-banner-type=\"demo\"\n    data-category=\"Gest\u00e3o de Tempo\">\n    <div class=\"banner-content\">\n        <div class=\"banner-text\">\n                            <h4>Software de Gest\u00e3o de Tempo<\/h4>\n            \n                            <p>Gest\u00e3o de tempo, turnos e aus\u00eancias da sua equipa de forma f\u00e1cil e eficiente.<\/p>\n            \n                            <a href=\"https:\/\/factorialhr.pt\/get-started\"\n                    class=\"factorial-cta-button not-prose demo btn-brand\" data-cta=\"demo\" data-cta-position=\"inline-banner\">\n                    Experimente Gr\u00e1tis                <\/a>\n                    <\/div>\n\n        <div class=\"banner-image has-image\">\n            <img decoding=\"async\" src=\"https:\/\/factorialhr.com\/wp-content\/uploads\/2025\/11\/03162217\/Group-427319437.png\" class=\"not-prose\" \/>\n        <\/div>\n    <\/div>\n<\/div>\n<h2><a name=\"1\"><\/a> Por que motivo deve preparar o regresso ao trabalho<\/h2>\n<p><span style=\"font-weight: 400;\">O regresso ao trabalho \u00e9 o momento em que os colaboradores d\u00e3o pela primeira vez de caras com a lista de e-mails por responder e se apercebem das <\/span><a href=\"https:\/\/factorialhr.pt\/blog\/gestao-de-tempo-trabalho\/\"><span style=\"font-weight: 400;\">novas prioridades<\/span><\/a><span style=\"font-weight: 400;\"> que precisam de acompanhamento e do estado de projetos que avan\u00e7aram durante a aus\u00eancia. Estes <\/span><b>dias s\u00e3o por isso marcados por alguma agita\u00e7\u00e3o e desorienta\u00e7\u00e3o<\/b><span style=\"font-weight: 400;\">, podendo surgir aquela sensa\u00e7\u00e3o de que o trabalho acumulado anula os benef\u00edcios do descanso.<\/span><\/p>\n<p><span style=\"font-weight: 400;\">Do ponto de vista <\/span><b>individual<\/b><span style=\"font-weight: 400;\">, existem pequenas formas de facilitar esta transi\u00e7\u00e3o. Com a organiza\u00e7\u00e3o e gest\u00e3o certas, passa a ser poss\u00edvel<\/span><b> recuperar o controlo das tarefas de forma gradual<\/b><span style=\"font-weight: 400;\">, reduzir o stress associado ao per\u00edodo p\u00f3s-f\u00e9rias e voltar \u00e0 produtividade sem criar uma press\u00e3o desnecess\u00e1ria.<\/span><\/p>\n<p><span style=\"font-weight: 400;\">J\u00e1 do lado das equipas de <\/span><b>recursos humanos<\/b><span style=\"font-weight: 400;\">, quando existem processos claros para acolher os colaboradores ap\u00f3s uma aus\u00eancia prolongada, torna-se mais f\u00e1cil <\/span><b>garantir a continuidade do trabalho<\/b><span style=\"font-weight: 400;\">, evitar falhas de comunica\u00e7\u00e3o e assegurar que todos regressam alinhados com os objetivos.<\/span><\/p>\n<h2><a name=\"2\"><\/a> Checklist completa para um regresso ao trabalho p\u00f3s-f\u00e9rias<\/h2>\n<p><span style=\"font-weight: 400;\">Quando um colaborador se sente sobrecarregado, \u00e9 assoberbado por uma sensa\u00e7\u00e3o de \u201cn\u00e3o saber por onde come\u00e7ar\u201d. Com esse peso sobre os ombros, aumenta o risco de erros, esquecimento ou atrasos.<\/span><\/p>\n<p><span style=\"font-weight: 400;\">Ao definir prioridades, organizar tarefas e clarificar expectativas logo nos primeiros dias, o processo de adapta\u00e7\u00e3o torna-se muito mais simples e eficiente.<\/span><\/p>\n<h3><b>Atualizar documenta\u00e7\u00e3o e pol\u00edticas internas<\/b><\/h3>\n<p><span style=\"font-weight: 400;\">O per\u00edodo de f\u00e9rias pode coincidir com altera\u00e7\u00f5es de procedimentos, cria\u00e7\u00e3o de novos documentos internos ou atualiza\u00e7\u00f5es relevantes para a atividade da empresa. \u00c9 recomend\u00e1vel reservar algum tempo para verificar se existe documenta\u00e7\u00e3o nova ou informa\u00e7\u00e3o que precise de ser revista.<\/span><\/p>\n<p><span style=\"font-weight: 400;\">Para evitar trabalhar com informa\u00e7\u00e3o desatualizada, verifique:<\/span><\/p>\n<ul>\n<li style=\"font-weight: 400;\" aria-level=\"1\"><b>Guias<\/b><span style=\"font-weight: 400;\"> internos.<\/span><\/li>\n<li style=\"font-weight: 400;\" aria-level=\"1\"><b>Novos procedimentos <\/b><span style=\"font-weight: 400;\">de equipa.<\/span><\/li>\n<li style=\"font-weight: 400;\" aria-level=\"1\"><b>Atualiza\u00e7\u00f5es de projetos<\/b><span style=\"font-weight: 400;\"> em curso.<\/span><\/li>\n<li style=\"font-weight: 400;\" aria-level=\"1\"><b>Calend\u00e1rios e planeamento <\/b><span style=\"font-weight: 400;\">para os meses seguintes.<\/span><\/li>\n<li style=\"font-weight: 400;\" aria-level=\"1\"><b>Documentos de passagem de trabalho<\/b><span style=\"font-weight: 400;\"> ou relat\u00f3rios deixados por colegas.<\/span><\/li>\n<li style=\"font-weight: 400;\" aria-level=\"1\"><b>Atas ou resumos de reuni\u00f5es<\/b><span style=\"font-weight: 400;\"> importantes realizadas durante a aus\u00eancia.<\/span><\/li>\n<li style=\"font-weight: 400;\" aria-level=\"1\"><b>Novas campanhas, objetivos ou prioridades<\/b><span style=\"font-weight: 400;\"> definidas pela empresa.<\/span><\/li>\n<li style=\"font-weight: 400;\" aria-level=\"1\"><b>Guias ou instru\u00e7\u00f5es<\/b><span style=\"font-weight: 400;\"> relacionadas com ferramentas implementadas recentemente.<\/span><\/li>\n<\/ul>\n<h3><b>Organizar a caixa de entrada e os canais de comunica\u00e7\u00e3o<\/b><\/h3>\n<p><span style=\"font-weight: 400;\">Assim que abre a caixa de entrada e se depara com a lista de e-mails por abrir, pode sentir a tenta\u00e7\u00e3o de come\u00e7ar a responder a tudo imediatamente. No entanto, nem todos os e-mails ter\u00e3o a mesma urg\u00eancia ou prioridade, podendo at\u00e9 haver casos de respostas que j\u00e1 foram assumidas pelos colegas durante a aus\u00eancia. Por isso, antes de come\u00e7ar a agir, conv\u00e9m dedicar algum tempo a organizar a informa\u00e7\u00e3o e a separ\u00e1-la por prioridades:<\/span><\/p>\n<ul>\n<li style=\"font-weight: 400;\" aria-level=\"1\"><span style=\"font-weight: 400;\">Quais s\u00e3o as <\/span><b>mensagens que exigem uma resposta urgente?<\/b><\/li>\n<li style=\"font-weight: 400;\" aria-level=\"1\"><b>Algu\u00e9m j\u00e1 deu seguimento<\/b><span style=\"font-weight: 400;\"> durante a minha aus\u00eancia?<\/span><\/li>\n<li style=\"font-weight: 400;\" aria-level=\"1\"><span style=\"font-weight: 400;\">Est\u00e1 relacionado com um <\/span><b>projeto priorit\u00e1rio<\/b><span style=\"font-weight: 400;\">?<\/span><\/li>\n<li style=\"font-weight: 400;\" aria-level=\"1\"><span style=\"font-weight: 400;\">H\u00e1 alguma<\/span><b> decis\u00e3o bloqueada <\/b><span style=\"font-weight: 400;\">\u00e0 espera da minha interven\u00e7\u00e3o?\u00a0<\/span><\/li>\n<li style=\"font-weight: 400;\" aria-level=\"1\"><b>Posso aguardar alguns dias sem impacto significativo<\/b><span style=\"font-weight: 400;\"> para a equipa ou para o cliente?<\/span><\/li>\n<\/ul>\n<p><span style=\"font-weight: 400;\">O mesmo acontece com plataformas de comunica\u00e7\u00e3o interna: fa\u00e7a uma triagem inicial dos canais de equipa e mensagens instant\u00e2neas de modo a recuperar contexto e diminuir a sensa\u00e7\u00e3o de sobrecarga.<\/span><\/p>\n<h3><b>Agendar reuni\u00f5es de alinhamento ap\u00f3s o regresso ao trabalho<\/b><\/h3>\n<p><span style=\"font-weight: 400;\">Com o regresso ao trabalho, \u00e9 natural que nem tudo esteja exatamente como deixou. Alguns projetos avan\u00e7aram, reuni\u00f5es aconteceram, prioridades mudaram. Uma breve reuni\u00e3o de alinhamento com a equipa ou com o gestor pode ajudar a recuperar rapidamente o contexto.\u00a0<\/span><\/p>\n<p><span style=\"font-weight: 400;\">Estas reuni\u00f5es n\u00e3o precisam de ser longas. Na maioria dos casos, bastam <\/span><b>15 ou 20 minutos<\/b><span style=\"font-weight: 400;\"> para responder a quest\u00f5es como:<\/span><\/p>\n<ul>\n<li style=\"font-weight: 400;\" aria-level=\"1\"><span style=\"font-weight: 400;\">Houve<\/span><b> altera\u00e7\u00f5es nas prioridades<\/b><span style=\"font-weight: 400;\"> da equipa?<\/span><\/li>\n<li style=\"font-weight: 400;\" aria-level=\"1\"><span style=\"font-weight: 400;\">Existe algum <\/span><b>projeto que precise da minha aten\u00e7\u00e3o imediata<\/b><span style=\"font-weight: 400;\">?<\/span><\/li>\n<li style=\"font-weight: 400;\" aria-level=\"1\"><span style=\"font-weight: 400;\">Foram definidas <\/span><b>novas metas ou prazos<\/b><span style=\"font-weight: 400;\">?<\/span><\/li>\n<li style=\"font-weight: 400;\" aria-level=\"1\"><span style=\"font-weight: 400;\">H\u00e1<\/span><b> tarefas que foram redistribu\u00eddas<\/b><span style=\"font-weight: 400;\"> durante a minha aus\u00eancia?<\/span><\/li>\n<li style=\"font-weight: 400;\" aria-level=\"1\"><span style=\"font-weight: 400;\">Existe algum <\/span><b>cliente, fornecedor ou parceiro que exija acompanhamento nos pr\u00f3ximos dias<\/b><span style=\"font-weight: 400;\">?<\/span><\/li>\n<\/ul>\n<h3><b>Rever objetivos e prioridades para os pr\u00f3ximos meses<\/b><\/h3>\n<p><span style=\"font-weight: 400;\">A aus\u00eancia implica sempre alguma perda de visibilidade sobre os objetivos em curso. \u00c9 por isso importante reavaliar prioridades:<\/span><\/p>\n<ul>\n<li><b>O que mudou<\/b><span style=\"font-weight: 400;\"> durante as f\u00e9rias?<\/span><\/li>\n<li aria-level=\"1\"><b>Que projetos ganharam maior relev\u00e2ncia?<\/b><\/li>\n<li aria-level=\"1\"><b>Existem metas que precisam ser reajustadas?<\/b><\/li>\n<\/ul>\n<h3><b>Rever os dias de f\u00e9rias pendentes<\/b><\/h3>\n<p><span style=\"font-weight: 400;\">Ap\u00f3s o regresso de f\u00e9rias, \u00e9 importante confirmar <\/span><b>quantos <\/b><a href=\"https:\/\/factorialhr.pt\/blog\/simulador-de-ferias-act-como-usar\/\"><b>dias de f\u00e9rias<\/b><\/a><b> j\u00e1 foram utilizados e quantos continuam dispon\u00edveis at\u00e9 ao final do ano<\/b><span style=\"font-weight: 400;\">. Esta informa\u00e7\u00e3o permite<\/span><b> planear futuras aus\u00eancias com anteced\u00eancia<\/b><span style=\"font-weight: 400;\"> e evitar situa\u00e7\u00f5es em que os dias de f\u00e9rias ficam concentrados nos \u00faltimos meses.<\/span><\/p>\n<h2><a name=\"3\"><\/a> Como os recursos humanos podem facilitar o regresso ao trabalho<\/h2>\n<p><span style=\"font-weight: 400;\">Criar condi\u00e7\u00f5es para que as pessoas consigam retomar as suas fun\u00e7\u00f5es sem dificuldades desnecess\u00e1rias abre espa\u00e7o para uma experi\u00eancia de regresso mais organizada, tranquila e produtiva para todos. Para que isso aconte\u00e7a, as equipas de recursos humanos podem:<\/span><\/p>\n<h3><b>Criar processos de reintegra\u00e7\u00e3o ap\u00f3s as f\u00e9rias<\/b><\/h3>\n<p><span style=\"font-weight: 400;\">Depois de duas ou tr\u00eas semanas de f\u00e9rias, \u00e9 perfeitamente normal regressar ao trabalho sem saber exatamente o que mudou entretanto. Podem haver novos objetivos, projetos que avan\u00e7aram mais depressa do que o previsto ou decis\u00f5es que foram tomadas na sua aus\u00eancia.<\/span><\/p>\n<p><span style=\"font-weight: 400;\">Neste contexto, os recursos humanos podem desempenhar um papel importante ao reunir e disponibilizar a informa\u00e7\u00e3o essencial para os primeiros dias de regresso. Um <\/span><b>resumo das principais novidades<\/b><span style=\"font-weight: 400;\">, uma <\/span><b>atualiza\u00e7\u00e3o sobre o estado dos projetos<\/b><span style=\"font-weight: 400;\"> ou uma <\/span><b>comunica\u00e7\u00e3o com os temas mais relevantes<\/b><span style=\"font-weight: 400;\"> ajudam os colaboradores a recuperar o contexto rapidamente e a voltar ao ritmo habitual de trabalho de forma mais tranquila.<\/span><\/p>\n<h3><b>Automatizar tarefas administrativas<\/b><\/h3>\n<p><span style=\"font-weight: 400;\">Ao <\/span><b>automatizar processos<\/b><span style=\"font-weight: 400;\"> como a <\/span><a href=\"https:\/\/factorialhr.pt\/blog\/guia-gestao-ferias-colaboradores\/\"><b>gest\u00e3o de f\u00e9rias<\/b><\/a><b>, o <\/b><a href=\"https:\/\/factorialhr.pt\/blog\/controlo-de-horarios-em-portugal\/\"><b>controlo de hor\u00e1rios<\/b><\/a><b>, a gest\u00e3o documental<\/b><span style=\"font-weight: 400;\"> ou os fluxos de aprova\u00e7\u00e3o, as equipas de recursos humanos conseguem reduzir significativamente o trabalho manual e evitar atrasos desnecess\u00e1rios.<\/span><\/p>\n<p><span style=\"font-weight: 400;\">Com uma plataforma como a <\/span><a href=\"https:\/\/factorialhr.pt\/software-gestao-ausencias\"><b>Factorial<\/b><\/a><span style=\"font-weight: 400;\">, por exemplo, colaboradores e gestores podem consultar informa\u00e7\u00f5es relevantes, gerir aus\u00eancias, aceder a documentos e acompanhar processos administrativos num \u00fanico local.\u00a0<\/span><\/p>\n<h3><b>Melhorar a comunica\u00e7\u00e3o interna durante o per\u00edodo p\u00f3s-f\u00e9rias<\/b><\/h3>\n<p><span style=\"font-weight: 400;\">\u00c9 importante que as empresas criem momentos de partilha de informa\u00e7\u00e3o ap\u00f3s o regresso de f\u00e9rias. Um <\/span><b>resumo das principais novidades, uma atualiza\u00e7\u00e3o de equipa ou uma breve reuni\u00e3o de alinhamento<\/b><span style=\"font-weight: 400;\"> podem ajudar os colaboradores a perceber rapidamente o que mudou e quais s\u00e3o as prioridades para as semanas seguintes.<\/span><\/p>\n<h3><b>Promover o bem-estar no regresso de f\u00e9rias<\/b><\/h3>\n<p><span style=\"font-weight: 400;\">Nem todas as pessoas regressam das f\u00e9rias da mesma forma: h\u00e1 quem retome rapidamente as suas rotinas e h\u00e1 quem precise de mais tempo para recuperar o ritmo de trabalho habitual.<\/span><\/p>\n<p><span style=\"font-weight: 400;\">As equipas de recursos humanos podem contribuir para uma transi\u00e7\u00e3o mais equilibrada atrav\u00e9s da<\/span><b> promo\u00e7\u00e3o de cargas de trabalho realistas, da defini\u00e7\u00e3o de prioridades claras e da cria\u00e7\u00e3o de uma cultura que respeite os per\u00edodos de adapta\u00e7\u00e3o.<\/b><\/p>\n<p><span style=\"font-weight: 400;\">Evitar reuni\u00f5es excessivas no primeiro dia, comunicar expectativas de forma transparente ou incentivar uma retoma gradual das atividades s\u00e3o exemplos simples, mas eficazes.<\/span><\/p>\n<p><b>Quer ver e perceber como funciona a plataforma da Factorial? Clique <\/b><a href=\"https:\/\/factorialhr.pt\/product-tour\"><b>aqui<\/b><\/a><b>!<\/b><\/p>\n<div class=\"factorial-banner inline-banner banner-demo category-gestao-de-tempo\"\n    data-banner-id=\"171813\"\n    data-banner-type=\"demo\"\n    data-category=\"Gest\u00e3o de Tempo\">\n    <div class=\"banner-content\">\n        <div class=\"banner-text\">\n                            <h4>Factorial: A solu\u00e7\u00e3o centrada nas pessoas<\/h4>\n            \n                            <p>Tempo, Talento e Finan\u00e7as: tudo na mesma plataforma para simplificar a gest\u00e3o.<\/p>\n            \n                            <a href=\"https:\/\/factorialhr.pt\/get-started\"\n                    class=\"factorial-cta-button not-prose demo btn-brand\" data-cta=\"demo\" data-cta-position=\"inline-banner\">\n                    Experimente Gr\u00e1tis                <\/a>\n                    <\/div>\n\n        <div class=\"banner-image has-image\">\n            <img decoding=\"async\" src=\"https:\/\/factorialhr.com\/wp-content\/uploads\/2025\/04\/13182510\/blog_thumbnail_fact-2.jpg\" class=\"not-prose\" \/>\n        <\/div>\n    <\/div>\n<\/div>\n","protected":false},"excerpt":{"rendered":"<p>O regresso ao trabalho depois de um extenso per\u00edodo de f\u00e9rias tanto pode significar energias renovadas como ser sin\u00f3nimo de uma excessiva acumula\u00e7\u00e3o de tarefas, e-mails, mensagens e projetos. Neste artigo vamos explorar de que modo as equipas de recursos humanos e os colaboradores de forma individual podem atenuar os efeitos mais negativos deste regresso,<a href=\"https:\/\/factorialhr.pt\/blog\/como-preparar-o-regresso-ao-trabalho-apos-as-ferias\/\" class=\"read-more\"> [&#8230;]<\/a><\/p>\n","protected":false},"author":358,"featured_media":179273,"comment_status":"closed","ping_status":"closed","sticky":false,"template":"","format":"standard","meta":{"_acf_changed":false,"footnotes":""},"categories":[397],"tags":[],"class_list":["post-199090","post","type-post","status-publish","format-standard","has-post-thumbnail","hentry","category-gestao-de-tempo"],"acf":{"topics":"time-time-off"},"yoast_head":"<!-- This site is optimized with the Yoast SEO Premium plugin v21.5 (Yoast SEO v21.9.1) - https:\/\/yoast.com\/wordpress\/plugins\/seo\/ -->\n<title>Checklist para preparar o regresso ao trabalho ap\u00f3s as f\u00e9rias<\/title>\n<meta name=\"description\" content=\"Regresso ao trabalho ap\u00f3s as f\u00e9rias? Descubra a checklist para organizar o regresso de f\u00e9rias, reduzir o stress e aumentar a produtividade.\" \/>\n<meta name=\"robots\" content=\"index, follow, max-snippet:-1, max-image-preview:large, max-video-preview:-1\" \/>\n<link rel=\"canonical\" href=\"https:\/\/factorialhr.pt\/blog\/como-preparar-o-regresso-ao-trabalho-apos-as-ferias\/\" \/>\n<meta property=\"og:locale\" content=\"pt_PT\" \/>\n<meta property=\"og:type\" content=\"article\" \/>\n<meta property=\"og:title\" content=\"Como preparar o regresso ao trabalho ap\u00f3s as f\u00e9rias\" \/>\n<meta property=\"og:description\" content=\"Regresso ao trabalho ap\u00f3s as f\u00e9rias? Descubra a checklist para organizar o regresso de f\u00e9rias, reduzir o stress e aumentar a produtividade.\" \/>\n<meta property=\"og:url\" content=\"https:\/\/factorialhr.pt\/blog\/como-preparar-o-regresso-ao-trabalho-apos-as-ferias\/\" \/>\n<meta property=\"og:site_name\" content=\"Factorial\" \/>\n<meta property=\"article:publisher\" content=\"https:\/\/www.facebook.com\/people\/Factorial\/100064908455810\/\" \/>\n<meta property=\"article:published_time\" content=\"2026-09-03T14:30:36+00:00\" \/>\n<meta property=\"og:image\" content=\"https:\/\/factorialhr.pt\/wp-content\/uploads\/2022\/06\/29123302\/blog_thumbnail_fact.jpg\" \/>\n\t<meta property=\"og:image:width\" content=\"1280\" \/>\n\t<meta property=\"og:image:height\" content=\"720\" \/>\n\t<meta property=\"og:image:type\" content=\"image\/jpeg\" \/>\n<meta name=\"author\" content=\"Mariana Lopes\" \/>\n<meta name=\"twitter:card\" content=\"summary_large_image\" \/>\n<meta name=\"twitter:creator\" content=\"@factorialapp\" \/>\n<meta name=\"twitter:site\" content=\"@factorialapp\" \/>\n<meta name=\"twitter:label1\" content=\"Written by\" \/>\n\t<meta name=\"twitter:data1\" content=\"Mariana Lopes\" \/>\n\t<meta name=\"twitter:label2\" content=\"Est. reading time\" \/>\n\t<meta name=\"twitter:data2\" content=\"6 minutos\" \/>\n<script type=\"application\/ld+json\" class=\"yoast-schema-graph\">{\"@context\":\"https:\/\/schema.org\",\"@graph\":[{\"@type\":\"Article\",\"@id\":\"https:\/\/factorialhr.pt\/blog\/como-preparar-o-regresso-ao-trabalho-apos-as-ferias\/#article\",\"isPartOf\":{\"@id\":\"https:\/\/factorialhr.pt\/blog\/como-preparar-o-regresso-ao-trabalho-apos-as-ferias\/\"},\"author\":{\"name\":\"Mariana Lopes\",\"@id\":\"https:\/\/factorialhr.pt\/blog\/#\/schema\/person\/882185fb0f38f3682eec3a3d73ea12b9\"},\"headline\":\"Como preparar o regresso ao trabalho ap\u00f3s as f\u00e9rias\",\"datePublished\":\"2026-09-03T14:30:36+00:00\",\"dateModified\":\"2026-09-03T14:30:36+00:00\",\"mainEntityOfPage\":{\"@id\":\"https:\/\/factorialhr.pt\/blog\/como-preparar-o-regresso-ao-trabalho-apos-as-ferias\/\"},\"wordCount\":1356,\"publisher\":{\"@id\":\"https:\/\/factorialhr.pt\/blog\/#organization\"},\"articleSection\":[\"Gest\u00e3o de Tempo\"],\"inLanguage\":\"pt-PT\"},{\"@type\":\"WebPage\",\"@id\":\"https:\/\/factorialhr.pt\/blog\/como-preparar-o-regresso-ao-trabalho-apos-as-ferias\/\",\"url\":\"https:\/\/factorialhr.pt\/blog\/como-preparar-o-regresso-ao-trabalho-apos-as-ferias\/\",\"name\":\"Checklist para preparar o regresso ao trabalho ap\u00f3s as f\u00e9rias\",\"isPartOf\":{\"@id\":\"https:\/\/factorialhr.pt\/blog\/#website\"},\"datePublished\":\"2026-09-03T14:30:36+00:00\",\"dateModified\":\"2026-09-03T14:30:36+00:00\",\"description\":\"Regresso ao trabalho ap\u00f3s as f\u00e9rias? Descubra a checklist para organizar o regresso de f\u00e9rias, reduzir o stress e aumentar a produtividade.\",\"inLanguage\":\"pt-PT\",\"potentialAction\":[{\"@type\":\"ReadAction\",\"target\":[\"https:\/\/factorialhr.pt\/blog\/como-preparar-o-regresso-ao-trabalho-apos-as-ferias\/\"]}]},{\"@type\":\"WebSite\",\"@id\":\"https:\/\/factorialhr.pt\/blog\/#website\",\"url\":\"https:\/\/factorialhr.pt\/blog\/\",\"name\":\"Factorial\",\"description\":\"\",\"publisher\":{\"@id\":\"https:\/\/factorialhr.pt\/blog\/#organization\"},\"potentialAction\":[{\"@type\":\"SearchAction\",\"target\":{\"@type\":\"EntryPoint\",\"urlTemplate\":\"https:\/\/factorialhr.pt\/blog\/?s={search_term_string}\"},\"query-input\":\"required name=search_term_string\"}],\"inLanguage\":\"pt-PT\"},{\"@type\":\"Organization\",\"@id\":\"https:\/\/factorialhr.pt\/blog\/#organization\",\"name\":\"All-in-one business management software - Factorial\",\"url\":\"https:\/\/factorialhr.pt\/blog\/\",\"logo\":{\"@type\":\"ImageObject\",\"inLanguage\":\"pt-PT\",\"@id\":\"https:\/\/factorialhr.pt\/blog\/#\/schema\/logo\/image\/\",\"url\":\"https:\/\/factorialhr.pt\/wp-content\/uploads\/2023\/07\/18155144\/factorial-logo.png\",\"contentUrl\":\"https:\/\/factorialhr.pt\/wp-content\/uploads\/2023\/07\/18155144\/factorial-logo.png\",\"width\":946,\"height\":880,\"caption\":\"All-in-one business management software - Factorial\"},\"image\":{\"@id\":\"https:\/\/factorialhr.pt\/blog\/#\/schema\/logo\/image\/\"},\"sameAs\":[\"https:\/\/www.facebook.com\/people\/Factorial\/100064908455810\/\",\"https:\/\/twitter.com\/factorialapp\",\"https:\/\/www.linkedin.com\/company\/factorialhr\",\"https:\/\/www.youtube.com\/@factorialmedia\",\"https:\/\/www.instagram.com\/factorial\/#\"]},{\"@type\":\"Person\",\"@id\":\"https:\/\/factorialhr.pt\/blog\/#\/schema\/person\/882185fb0f38f3682eec3a3d73ea12b9\",\"name\":\"Mariana Lopes\",\"image\":{\"@type\":\"ImageObject\",\"inLanguage\":\"pt-PT\",\"@id\":\"https:\/\/factorialhr.pt\/blog\/#\/schema\/person\/image\/\",\"url\":\"https:\/\/secure.gravatar.com\/avatar\/46071d57c0276ce71a9e17166fc7f28d?s=96&d=identicon&r=g\",\"contentUrl\":\"https:\/\/secure.gravatar.com\/avatar\/46071d57c0276ce71a9e17166fc7f28d?s=96&d=identicon&r=g\",\"caption\":\"Mariana Lopes\"},\"url\":\"https:\/\/factorialhr.pt\/blog\/author\/mariana-l\/\"}]}<\/script>\n<!-- \/ Yoast SEO Premium plugin. -->","yoast_head_json":{"title":"Checklist para preparar o regresso ao trabalho ap\u00f3s as f\u00e9rias","description":"Regresso ao trabalho ap\u00f3s as f\u00e9rias? Descubra a checklist para organizar o regresso de f\u00e9rias, reduzir o stress e aumentar a produtividade.","robots":{"index":"index","follow":"follow","max-snippet":"max-snippet:-1","max-image-preview":"max-image-preview:large","max-video-preview":"max-video-preview:-1"},"canonical":"https:\/\/factorialhr.pt\/blog\/como-preparar-o-regresso-ao-trabalho-apos-as-ferias\/","og_locale":"pt_PT","og_type":"article","og_title":"Como preparar o regresso ao trabalho ap\u00f3s as f\u00e9rias","og_description":"Regresso ao trabalho ap\u00f3s as f\u00e9rias? Descubra a checklist para organizar o regresso de f\u00e9rias, reduzir o stress e aumentar a produtividade.","og_url":"https:\/\/factorialhr.pt\/blog\/como-preparar-o-regresso-ao-trabalho-apos-as-ferias\/","og_site_name":"Factorial","article_publisher":"https:\/\/www.facebook.com\/people\/Factorial\/100064908455810\/","article_published_time":"2026-09-03T14:30:36+00:00","og_image":[{"width":1280,"height":720,"url":"https:\/\/factorialhr.pt\/wp-content\/uploads\/2022\/06\/29123302\/blog_thumbnail_fact.jpg","type":"image\/jpeg"}],"author":"Mariana Lopes","twitter_card":"summary_large_image","twitter_creator":"@factorialapp","twitter_site":"@factorialapp","twitter_misc":{"Written by":"Mariana Lopes","Est. reading time":"6 minutos"},"schema":{"@context":"https:\/\/schema.org","@graph":[{"@type":"Article","@id":"https:\/\/factorialhr.pt\/blog\/como-preparar-o-regresso-ao-trabalho-apos-as-ferias\/#article","isPartOf":{"@id":"https:\/\/factorialhr.pt\/blog\/como-preparar-o-regresso-ao-trabalho-apos-as-ferias\/"},"author":{"name":"Mariana Lopes","@id":"https:\/\/factorialhr.pt\/blog\/#\/schema\/person\/882185fb0f38f3682eec3a3d73ea12b9"},"headline":"Como preparar o regresso ao trabalho ap\u00f3s as f\u00e9rias","datePublished":"2026-09-03T14:30:36+00:00","dateModified":"2026-09-03T14:30:36+00:00","mainEntityOfPage":{"@id":"https:\/\/factorialhr.pt\/blog\/como-preparar-o-regresso-ao-trabalho-apos-as-ferias\/"},"wordCount":1356,"publisher":{"@id":"https:\/\/factorialhr.pt\/blog\/#organization"},"articleSection":["Gest\u00e3o de Tempo"],"inLanguage":"pt-PT"},{"@type":"WebPage","@id":"https:\/\/factorialhr.pt\/blog\/como-preparar-o-regresso-ao-trabalho-apos-as-ferias\/","url":"https:\/\/factorialhr.pt\/blog\/como-preparar-o-regresso-ao-trabalho-apos-as-ferias\/","name":"Checklist para preparar o regresso ao trabalho ap\u00f3s as f\u00e9rias","isPartOf":{"@id":"https:\/\/factorialhr.pt\/blog\/#website"},"datePublished":"2026-09-03T14:30:36+00:00","dateModified":"2026-09-03T14:30:36+00:00","description":"Regresso ao trabalho ap\u00f3s as f\u00e9rias? Descubra a checklist para organizar o regresso de f\u00e9rias, reduzir o stress e aumentar a produtividade.","inLanguage":"pt-PT","potentialAction":[{"@type":"ReadAction","target":["https:\/\/factorialhr.pt\/blog\/como-preparar-o-regresso-ao-trabalho-apos-as-ferias\/"]}]},{"@type":"WebSite","@id":"https:\/\/factorialhr.pt\/blog\/#website","url":"https:\/\/factorialhr.pt\/blog\/","name":"Factorial","description":"","publisher":{"@id":"https:\/\/factorialhr.pt\/blog\/#organization"},"potentialAction":[{"@type":"SearchAction","target":{"@type":"EntryPoint","urlTemplate":"https:\/\/factorialhr.pt\/blog\/?s={search_term_string}"},"query-input":"required name=search_term_string"}],"inLanguage":"pt-PT"},{"@type":"Organization","@id":"https:\/\/factorialhr.pt\/blog\/#organization","name":"All-in-one business management software - Factorial","url":"https:\/\/factorialhr.pt\/blog\/","logo":{"@type":"ImageObject","inLanguage":"pt-PT","@id":"https:\/\/factorialhr.pt\/blog\/#\/schema\/logo\/image\/","url":"https:\/\/factorialhr.pt\/wp-content\/uploads\/2023\/07\/18155144\/factorial-logo.png","contentUrl":"https:\/\/factorialhr.pt\/wp-content\/uploads\/2023\/07\/18155144\/factorial-logo.png","width":946,"height":880,"caption":"All-in-one business management software - Factorial"},"image":{"@id":"https:\/\/factorialhr.pt\/blog\/#\/schema\/logo\/image\/"},"sameAs":["https:\/\/www.facebook.com\/people\/Factorial\/100064908455810\/","https:\/\/twitter.com\/factorialapp","https:\/\/www.linkedin.com\/company\/factorialhr","https:\/\/www.youtube.com\/@factorialmedia","https:\/\/www.instagram.com\/factorial\/#"]},{"@type":"Person","@id":"https:\/\/factorialhr.pt\/blog\/#\/schema\/person\/882185fb0f38f3682eec3a3d73ea12b9","name":"Mariana Lopes","image":{"@type":"ImageObject","inLanguage":"pt-PT","@id":"https:\/\/factorialhr.pt\/blog\/#\/schema\/person\/image\/","url":"https:\/\/secure.gravatar.com\/avatar\/46071d57c0276ce71a9e17166fc7f28d?s=96&d=identicon&r=g","contentUrl":"https:\/\/secure.gravatar.com\/avatar\/46071d57c0276ce71a9e17166fc7f28d?s=96&d=identicon&r=g","caption":"Mariana Lopes"},"url":"https:\/\/factorialhr.pt\/blog\/author\/mariana-l\/"}]}},"_links":{"self":[{"href":"https:\/\/factorialhr.pt\/blog\/wp-json\/wp\/v2\/posts\/199090"}],"collection":[{"href":"https:\/\/factorialhr.pt\/blog\/wp-json\/wp\/v2\/posts"}],"about":[{"href":"https:\/\/factorialhr.pt\/blog\/wp-json\/wp\/v2\/types\/post"}],"author":[{"embeddable":true,"href":"https:\/\/factorialhr.pt\/blog\/wp-json\/wp\/v2\/users\/358"}],"replies":[{"embeddable":true,"href":"https:\/\/factorialhr.pt\/blog\/wp-json\/wp\/v2\/comments?post=199090"}],"version-history":[{"count":7,"href":"https:\/\/factorialhr.pt\/blog\/wp-json\/wp\/v2\/posts\/199090\/revisions"}],"predecessor-version":[{"id":200880,"href":"https:\/\/factorialhr.pt\/blog\/wp-json\/wp\/v2\/posts\/199090\/revisions\/200880"}],"wp:featuredmedia":[{"embeddable":true,"href":"https:\/\/factorialhr.pt\/blog\/wp-json\/wp\/v2\/media\/179273"}],"wp:attachment":[{"href":"https:\/\/factorialhr.pt\/blog\/wp-json\/wp\/v2\/media?parent=199090"}],"wp:term":[{"taxonomy":"category","embeddable":true,"href":"https:\/\/factorialhr.pt\/blog\/wp-json\/wp\/v2\/categories?post=199090"},{"taxonomy":"post_tag","embeddable":true,"href":"https:\/\/factorialhr.pt\/blog\/wp-json\/wp\/v2\/tags?post=199090"}],"curies":[{"name":"wp","href":"https:\/\/api.w.org\/{rel}","templated":true}]}}