{"id":199987,"date":"2026-08-28T10:10:47","date_gmt":"2026-08-28T08:10:47","guid":{"rendered":"https:\/\/factorialhr.com\/blog\/?p=199987"},"modified":"2026-08-28T10:10:47","modified_gmt":"2026-08-28T08:10:47","slug":"os-principais-desafios-do-rh-no-regresso-das-ferias-como-preparar-a-sua-empresa","status":"publish","type":"post","link":"https:\/\/factorialhr.pt\/blog\/os-principais-desafios-do-rh-no-regresso-das-ferias-como-preparar-a-sua-empresa\/","title":{"rendered":"Os principais desafios do RH no regresso das f\u00e9rias: como preparar a sua empresa"},"content":{"rendered":"<p>Um conjunto de desafios do RH, que exigem capacidade de resposta r\u00e1pida, organiza\u00e7\u00e3o e tato humano, surge inevitavelmente no regresso das f\u00e9rias.<\/p>\n<p>Estes desafios incluem a acumula\u00e7\u00e3o de tarefas e equipas desfalcadas pela rotatividade de turnos de descanso. Bem como a necessidade de recuperar o ritmo de trabalho sem desmotivar os trabalhadores.<\/p>\n<p>Antecipar estes problemas \u00e9 absolutamente fundamental. Quando os gestores de RH preparam o terreno com anteced\u00eancia, conseguem gerir o regresso de forma fluida.<\/p>\n<p>Saiba quais s\u00e3o os principais desafios do RH no regresso das f\u00e9rias, como preparar-se e quais as ferramentas indispens\u00e1veis. Garanta que a sua empresa retoma a produtividade sem sobrecarregar a estrutura.<\/p>\n<p><strong>Tabela de conte\u00fados<\/strong><\/p>\n<ul>\n<li><a href=\"#desafios\">Quais s\u00e3o os principais desafios do RH no regresso das f\u00e9rias?<\/a><\/li>\n<li><a href=\"#preparar\">Como preparar a empresa para ultrapassar os desafios do RH<\/a><\/li>\n<li><a href=\"#checklist\">Checklist: o que o RH deve preparar antes do regresso das f\u00e9rias<\/a><\/li>\n<li><a href=\"#factorial\">Como a Factorial pode ajudar a simplificar os desafios do RH<\/a><\/li>\n<li><a href=\"#operacao\">Tire proveitos dos desafios do RH para implementar uma opera\u00e7\u00e3o mais eficiente<\/a><\/li>\n<\/ul>\n<div class=\"factorial-banner inline-banner banner-demo category-gestao-de-processos\"\n    data-banner-id=\"171794\"\n    data-banner-type=\"demo\"\n    data-category=\"Gest\u00e3o de processos\">\n    <div class=\"banner-content\">\n        <div class=\"banner-text\">\n                            <h4>Software de Gest\u00e3o de Talento<\/h4>\n            \n                            <p>Gest\u00e3o centralizada para desenvolver, motivar e reter o talento da sua equipa.<\/p>\n            \n                            <a href=\"https:\/\/factorialhr.pt\/get-started\"\n                    class=\"factorial-cta-button not-prose demo btn-brand\" data-cta=\"demo\" data-cta-position=\"inline-banner\">\n                    Experimente Gr\u00e1tis                <\/a>\n                    <\/div>\n\n        <div class=\"banner-image has-image\">\n            <img decoding=\"async\" src=\"https:\/\/factorialhr.com\/wp-content\/uploads\/2025\/10\/27190043\/Group-427319439.png\" class=\"not-prose\" \/>\n        <\/div>\n    <\/div>\n<\/div>\n<h2><a name=\"desafios\"><\/a>Quais s\u00e3o os principais desafios do RH no regresso das f\u00e9rias?<\/h2>\n<ol>\n<li>\n<h3>Gerir o regresso de trabalhadores de forma organizada<\/h3>\n<\/li>\n<\/ol>\n<p>O regresso simult\u00e2neo de v\u00e1rios profissionais pode criar desorienta\u00e7\u00e3o e ru\u00eddo. H\u00e1 uma necessidade urgente de recuperar informa\u00e7\u00e3o, rever prioridades e alinhar expetativas. O que faz com que haja risco de sobrecarga nos primeiros dias. <strong>Planear<\/strong> previa e antecipadamente a reintegra\u00e7\u00e3o dos trabalhadores garante um fluxo de trabalho cont\u00ednuo e evita paragens desnecess\u00e1rias.<\/p>\n<ol start=\"2\">\n<li>\n<h3>Lidar com a acumula\u00e7\u00e3o de tarefas e pedidos<\/h3>\n<\/li>\n<\/ol>\n<p>Durante o per\u00edodo estival, acumulam-se processos pendentes, documentos por assinar e centenas de e-mails na caixa de entrada. O departamento de recursos humanos atua como ponto de contacto central para toda a organiza\u00e7\u00e3o. E isto exige a implementa\u00e7\u00e3o de uma <strong>triagem de tarefas rigorosa<\/strong> para responder ao que \u00e9 realmente urgente, em vez de tentar resolver tudo de uma vez ou ao mesmo tempo.<\/p>\n<ol start=\"3\">\n<li>\n<h3>Garantir uma gest\u00e3o eficiente das f\u00e9rias<\/h3>\n<\/li>\n<\/ol>\n<p>Enquanto uns regressam, outros come\u00e7am o seu descanso. Manter o equil\u00edbrio entre o per\u00edodo de descanso dos trabalhadores e a continuidade do neg\u00f3cio exige uma <strong>vis\u00e3o centralizada<\/strong> das aus\u00eancias. Sem isto, a empresa arrisca-se a ter falhas de cobertura e sobreposi\u00e7\u00e3o de <a href=\"https:\/\/factorialhr.pt\/blog\/ferias-nao-gozadas\/\">f\u00e9rias n\u00e3o gozadas<\/a>.<\/p>\n<ol start=\"4\">\n<li>\n<h3>Recuperar o ritmo e a motiva\u00e7\u00e3o das equipas<\/h3>\n<\/li>\n<\/ol>\n<p>A transi\u00e7\u00e3o do descanso para a rotina de trabalho na maioria dos casos \u00e9 simples. \u00c9 comum observar-se uma quebra tempor\u00e1ria de produtividade ou at\u00e9 sintomas de desmotiva\u00e7\u00e3o p\u00f3s-f\u00e9rias. O papel do RH passa por <strong>incentivar<\/strong> uma retoma gradual, realista, promovendo uma comunica\u00e7\u00e3o transparente e sem exercer press\u00f5es excessivas.<\/p>\n<ol start=\"5\">\n<li>\n<h3>Identificar sinais de stress e burnout<\/h3>\n<\/li>\n<\/ol>\n<p>O regresso ao trabalho nem sempre elimina o stress acumulado. As altera\u00e7\u00f5es s\u00fabitas de comportamento, o aumento do absentismo ou uma queda abrupta de desempenho devem ser vistos como <strong>alertas<\/strong>. De acordo com orienta\u00e7\u00f5es da Organiza\u00e7\u00e3o Mundial da Sa\u00fade (OMS), promover a sa\u00fade mental no trabalho e prevenir o esgotamento profissional exige uma atua\u00e7\u00e3o preventiva, estruturada e alinhada com as lideran\u00e7as.<\/p>\n<h2><a name=\"preparar\"><\/a>Como preparar a empresa para ultrapassar os desafios do RH no regresso das f\u00e9rias?<\/h2>\n<ul>\n<li><strong>Planeie o per\u00edodo de f\u00e9rias com anteced\u00eancia:<\/strong> Crie um <a href=\"https:\/\/factorialhr.pt\/blog\/mapa-ferias-2025\/\">mapa de f\u00e9rias<\/a> global que permita identificar constrangimentos na opera\u00e7\u00e3o. Defina responsabilidades e substitutos antes da sa\u00edda dos trabalhadores, para evitar depend\u00eancias exclusivas.<\/li>\n<li><strong>Prepare a comunica\u00e7\u00e3o antes do regresso:<\/strong> Assegure que a equipa sabe exatamente o que esperar ao voltar. Centralizar as notifica\u00e7\u00f5es internas e novidades da empresa reduz o volume de d\u00favidas repetitivas enviadas ao departamento pessoal.<\/li>\n<li><strong>Defina prioridades para as primeiras semanas:<\/strong> Divida as tarefas entre o que \u00e9 cr\u00edtico e o que pode esperar. Alinhar a gest\u00e3o de equipas para evitar metas irreais nos primeiros dias reduz a ansiedade e melhora o clima organizacional.<\/li>\n<li><strong>Use dados para antecipar problemas: <\/strong>Acompanhar indicadores de RH permite deixar de apagar fogos e passar a ter uma gest\u00e3o preventiva. Esteja atento a taxas de rotatividade, horas extra e padr\u00f5es de <a href=\"https:\/\/factorialhr.pt\/blog\/absentismo-ferramentas-de-gestao-de-tempo\/\">absentismo<\/a>.<\/li>\n<\/ul>\n<p>Na pr\u00e1tica, preparar o regresso das f\u00e9rias passa por transformar estas recomenda\u00e7\u00f5es em a\u00e7\u00f5es concretas antes de toda a equipa voltar \u00e0 rotina.<\/p>\n<p>Uma checklist ajuda o departamento de RH a garantir que nenhum passo essencial fica por cumprir, facilitando uma transi\u00e7\u00e3o mais organizada, reduzindo imprevistos e permitindo que os gestores se concentrem nas necessidades das pessoas desde o primeiro dia.<\/p>\n<h2><a name=\"checklist\"><\/a>Checklist: o que o RH deve preparar antes do regresso das f\u00e9rias<\/h2>\n<p>\u2610 Rever e validar o calend\u00e1rio de f\u00e9rias e aus\u00eancias atualizado.<\/p>\n<p>\u2610 Mapear as fun\u00e7\u00f5es e equipas priorit\u00e1rias para a opera\u00e7\u00e3o.<\/p>\n<p>\u2610 Confirmar o plano de delega\u00e7\u00e3o de tarefas e substitui\u00e7\u00f5es.<\/p>\n<p>\u2610 Triar e organizar os pedidos pendentes na \u00e1rea de RH.<\/p>\n<p>\u2610 Estabelecer os objetivos priorit\u00e1rios das primeiras semanas.<\/p>\n<p>\u2610 Preparar a mensagem de acolhimento e comunica\u00e7\u00e3o interna.<\/p>\n<p>\u2610 Analisar os dados de assiduidade do per\u00edodo anterior.<\/p>\n<p>\u2610 Alinhar o plano de regresso com os gestores de equipa.<\/p>\n<h2><a name=\"factorial\"><\/a>Como a Factorial pode ajudar a simplificar os desafios do RH<\/h2>\n<p>Ultrapassar os desafios do RH torna-se incomparavelmente mais f\u00e1cil quando a sua empresa conta com as <strong>ferramentas tecnol\u00f3gicas<\/strong> certas.<\/p>\n<p>A <strong>Factorial<\/strong> \u00e9 um <a href=\"https:\/\/factorialhr.pt\/software-de-recursos-humanos\">software de gest\u00e3o de RH tudo-em-um<\/a> desenvolvido para automatizar processos burocr\u00e1ticos. Dando <strong>total<\/strong> visibilidade sobre a sua equipa.<\/p>\n<p>Com a Factorial, a gest\u00e3o de RH deixa de ser feita em folhas de c\u00e1lculo complexas e propensas a erro. <strong>A plataforma permite:<\/strong><\/p>\n<ul>\n<li><strong>Aprovar<\/strong> <a href=\"https:\/\/factorialhr.pt\/software-gestao-ausencias\">f\u00e9rias e aus\u00eancias<\/a> em poucos cliques, com um calend\u00e1rio \u00fanico e atualizado em tempo real.<\/li>\n<li><strong>Centralizar<\/strong> a <a href=\"https:\/\/factorialhr.pt\/gestao-documental\">documenta\u00e7\u00e3o<\/a> dos trabalhadores e gerir <a href=\"https:\/\/factorialhr.pt\/assinatura-digital\">assinaturas digitais<\/a> com rapidez.<\/li>\n<li><strong>Acompanhar<\/strong> <a href=\"https:\/\/factorialhr.pt\/relatorios-recursos-humanos\">relat\u00f3rios e m\u00e9tricas<\/a> de desempenho e assiduidade para tomar decis\u00f5es fundamentadas.<\/li>\n<li>E muito <a href=\"https:\/\/factorialhr.pt\/aplicacoes\">mais<\/a>!<\/li>\n<\/ul>\n<p>Ao eliminar processos manuais, o seu departamento ganha tempo valioso para se concentrar nas pessoas e na estrat\u00e9gia do neg\u00f3cio.<\/p>\n<h2><a name=\"operacao\"><\/a>Tire proveitos dos desafios do RH para implementar uma opera\u00e7\u00e3o mais eficiente<\/h2>\n<p>O regresso das f\u00e9rias funciona muitas vezes como um espelho. Exp\u00f5e, sem rodeios, as fragilidades da gest\u00e3o de pessoas e a inefici\u00eancia de processos ultrapassados.<\/p>\n<p>No entanto, \u00e9 tamb\u00e9m o momento ideal para <strong>reorganizar a casa<\/strong>, implementar <strong>novas din\u00e2micas<\/strong> e apostar na <strong>digitaliza\u00e7\u00e3o de processos<\/strong>.<\/p>\n<p>Preparar o regresso antes mesmo de os trabalhadores voltarem \u00e9 o segredo para garantir uma transi\u00e7\u00e3o suave. E ter equipas motivadas e uma \u00e1rea de recursos humanos verdadeiramente estrat\u00e9gica.<\/p>\n<p>Pretende eliminar as tarefas administrativas repetitivas e simplificar a gest\u00e3o da sua equipa neste regresso ao trabalho? Conte com a Factorial!<\/p>\n<p><strong>\ud83d\udc49<\/strong> <a href=\"https:\/\/factorialhr.pt\/product-tour\"><strong>Quer ver e perceber como funciona a plataforma da Factorial? Clique aqui!<\/strong><\/a><\/p>\n<div class=\"factorial-banner inline-banner banner-demo category-gestao-de-processos\"\n    data-banner-id=\"171813\"\n    data-banner-type=\"demo\"\n    data-category=\"Gest\u00e3o de processos\">\n    <div class=\"banner-content\">\n        <div class=\"banner-text\">\n                            <h4>Factorial: A solu\u00e7\u00e3o centrada nas pessoas<\/h4>\n            \n                            <p>Tempo, Talento e Finan\u00e7as: tudo na mesma plataforma para simplificar a gest\u00e3o.<\/p>\n            \n                            <a href=\"https:\/\/factorialhr.pt\/get-started\"\n                    class=\"factorial-cta-button not-prose demo btn-brand\" data-cta=\"demo\" data-cta-position=\"inline-banner\">\n                    Experimente Gr\u00e1tis                <\/a>\n                    <\/div>\n\n        <div class=\"banner-image has-image\">\n            <img decoding=\"async\" src=\"https:\/\/factorialhr.com\/wp-content\/uploads\/2025\/04\/13182510\/blog_thumbnail_fact-2.jpg\" class=\"not-prose\" \/>\n        <\/div>\n    <\/div>\n<\/div>\n","protected":false},"excerpt":{"rendered":"<p>Um conjunto de desafios do RH, que exigem capacidade de resposta r\u00e1pida, organiza\u00e7\u00e3o e tato humano, surge inevitavelmente no regresso das f\u00e9rias. Estes desafios incluem a acumula\u00e7\u00e3o de tarefas e equipas desfalcadas pela rotatividade de turnos de descanso. Bem como a necessidade de recuperar o ritmo de trabalho sem desmotivar os trabalhadores. Antecipar estes problemas<a href=\"https:\/\/factorialhr.pt\/blog\/os-principais-desafios-do-rh-no-regresso-das-ferias-como-preparar-a-sua-empresa\/\" class=\"read-more\"> [&#8230;]<\/a><\/p>\n","protected":false},"author":109,"featured_media":94632,"comment_status":"closed","ping_status":"closed","sticky":false,"template":"","format":"standard","meta":{"_acf_changed":false,"footnotes":""},"categories":[941],"tags":[],"class_list":["post-199987","post","type-post","status-publish","format-standard","has-post-thumbnail","hentry","category-gestao-de-processos"],"acf":{"topics":"talent"},"yoast_head":"<!-- This site is optimized with the Yoast SEO Premium plugin v21.5 (Yoast SEO v21.9.1) - https:\/\/yoast.com\/wordpress\/plugins\/seo\/ -->\n<title>Desafios do RH no Regresso das F\u00e9rias: Preparar a Sua Empresa<\/title>\n<meta name=\"description\" content=\"Explore os principais desafios do RH no regresso das f\u00e9rias e saiba como preparar a empresa para gerir aus\u00eancias, motiva\u00e7\u00e3o e produtividade.\" \/>\n<meta name=\"robots\" content=\"index, follow, max-snippet:-1, max-image-preview:large, max-video-preview:-1\" \/>\n<link rel=\"canonical\" href=\"https:\/\/factorialhr.pt\/blog\/os-principais-desafios-do-rh-no-regresso-das-ferias-como-preparar-a-sua-empresa\/\" \/>\n<meta property=\"og:locale\" content=\"pt_PT\" \/>\n<meta property=\"og:type\" content=\"article\" \/>\n<meta property=\"og:title\" content=\"Os principais desafios do RH no regresso das f\u00e9rias: como preparar a sua empresa\" \/>\n<meta property=\"og:description\" content=\"Explore os principais desafios do RH no regresso das f\u00e9rias e saiba como preparar a empresa para gerir aus\u00eancias, motiva\u00e7\u00e3o e produtividade.\" \/>\n<meta property=\"og:url\" content=\"https:\/\/factorialhr.pt\/blog\/os-principais-desafios-do-rh-no-regresso-das-ferias-como-preparar-a-sua-empresa\/\" \/>\n<meta property=\"og:site_name\" content=\"Factorial\" \/>\n<meta property=\"article:publisher\" content=\"https:\/\/www.facebook.com\/people\/Factorial\/100064908455810\/\" \/>\n<meta property=\"article:published_time\" content=\"2026-08-28T08:10:47+00:00\" \/>\n<meta property=\"og:image\" content=\"https:\/\/factorialhr.pt\/wp-content\/uploads\/2023\/03\/03133734\/pessoas.jpg\" \/>\n\t<meta property=\"og:image:width\" content=\"830\" \/>\n\t<meta property=\"og:image:height\" content=\"400\" \/>\n\t<meta property=\"og:image:type\" content=\"image\/jpeg\" \/>\n<meta name=\"author\" content=\"Vanessa R\u00f4la\" \/>\n<meta name=\"twitter:card\" content=\"summary_large_image\" \/>\n<meta name=\"twitter:creator\" content=\"@factorialapp\" \/>\n<meta name=\"twitter:site\" content=\"@factorialapp\" \/>\n<meta name=\"twitter:label1\" content=\"Written by\" \/>\n\t<meta name=\"twitter:data1\" content=\"Vanessa R\u00f4la\" \/>\n\t<meta name=\"twitter:label2\" content=\"Est. reading time\" \/>\n\t<meta name=\"twitter:data2\" content=\"5 minutos\" \/>\n<script type=\"application\/ld+json\" class=\"yoast-schema-graph\">{\"@context\":\"https:\/\/schema.org\",\"@graph\":[{\"@type\":\"Article\",\"@id\":\"https:\/\/factorialhr.pt\/blog\/os-principais-desafios-do-rh-no-regresso-das-ferias-como-preparar-a-sua-empresa\/#article\",\"isPartOf\":{\"@id\":\"https:\/\/factorialhr.pt\/blog\/os-principais-desafios-do-rh-no-regresso-das-ferias-como-preparar-a-sua-empresa\/\"},\"author\":{\"name\":\"Vanessa R\u00f4la\",\"@id\":\"https:\/\/factorialhr.pt\/blog\/#\/schema\/person\/074dc69f2ff8f258b111fc17947fb1d4\"},\"headline\":\"Os principais desafios do RH no regresso das f\u00e9rias: como preparar a sua empresa\",\"datePublished\":\"2026-08-28T08:10:47+00:00\",\"dateModified\":\"2026-08-28T08:10:47+00:00\",\"mainEntityOfPage\":{\"@id\":\"https:\/\/factorialhr.pt\/blog\/os-principais-desafios-do-rh-no-regresso-das-ferias-como-preparar-a-sua-empresa\/\"},\"wordCount\":1163,\"publisher\":{\"@id\":\"https:\/\/factorialhr.pt\/blog\/#organization\"},\"articleSection\":[\"Gest\u00e3o de processos\"],\"inLanguage\":\"pt-PT\"},{\"@type\":\"WebPage\",\"@id\":\"https:\/\/factorialhr.pt\/blog\/os-principais-desafios-do-rh-no-regresso-das-ferias-como-preparar-a-sua-empresa\/\",\"url\":\"https:\/\/factorialhr.pt\/blog\/os-principais-desafios-do-rh-no-regresso-das-ferias-como-preparar-a-sua-empresa\/\",\"name\":\"Desafios do RH no Regresso das F\u00e9rias: Preparar a Sua Empresa\",\"isPartOf\":{\"@id\":\"https:\/\/factorialhr.pt\/blog\/#website\"},\"datePublished\":\"2026-08-28T08:10:47+00:00\",\"dateModified\":\"2026-08-28T08:10:47+00:00\",\"description\":\"Explore os principais desafios do RH no regresso das f\u00e9rias e saiba como preparar a empresa para gerir aus\u00eancias, motiva\u00e7\u00e3o e produtividade.\",\"inLanguage\":\"pt-PT\",\"potentialAction\":[{\"@type\":\"ReadAction\",\"target\":[\"https:\/\/factorialhr.pt\/blog\/os-principais-desafios-do-rh-no-regresso-das-ferias-como-preparar-a-sua-empresa\/\"]}]},{\"@type\":\"WebSite\",\"@id\":\"https:\/\/factorialhr.pt\/blog\/#website\",\"url\":\"https:\/\/factorialhr.pt\/blog\/\",\"name\":\"Factorial\",\"description\":\"\",\"publisher\":{\"@id\":\"https:\/\/factorialhr.pt\/blog\/#organization\"},\"potentialAction\":[{\"@type\":\"SearchAction\",\"target\":{\"@type\":\"EntryPoint\",\"urlTemplate\":\"https:\/\/factorialhr.pt\/blog\/?s={search_term_string}\"},\"query-input\":\"required name=search_term_string\"}],\"inLanguage\":\"pt-PT\"},{\"@type\":\"Organization\",\"@id\":\"https:\/\/factorialhr.pt\/blog\/#organization\",\"name\":\"All-in-one business management software - Factorial\",\"url\":\"https:\/\/factorialhr.pt\/blog\/\",\"logo\":{\"@type\":\"ImageObject\",\"inLanguage\":\"pt-PT\",\"@id\":\"https:\/\/factorialhr.pt\/blog\/#\/schema\/logo\/image\/\",\"url\":\"https:\/\/factorialhr.pt\/wp-content\/uploads\/2023\/07\/18155144\/factorial-logo.png\",\"contentUrl\":\"https:\/\/factorialhr.pt\/wp-content\/uploads\/2023\/07\/18155144\/factorial-logo.png\",\"width\":946,\"height\":880,\"caption\":\"All-in-one business management software - Factorial\"},\"image\":{\"@id\":\"https:\/\/factorialhr.pt\/blog\/#\/schema\/logo\/image\/\"},\"sameAs\":[\"https:\/\/www.facebook.com\/people\/Factorial\/100064908455810\/\",\"https:\/\/twitter.com\/factorialapp\",\"https:\/\/www.linkedin.com\/company\/factorialhr\",\"https:\/\/www.youtube.com\/@factorialmedia\",\"https:\/\/www.instagram.com\/factorial\/#\"]},{\"@type\":\"Person\",\"@id\":\"https:\/\/factorialhr.pt\/blog\/#\/schema\/person\/074dc69f2ff8f258b111fc17947fb1d4\",\"name\":\"Vanessa R\u00f4la\",\"image\":{\"@type\":\"ImageObject\",\"inLanguage\":\"pt-PT\",\"@id\":\"https:\/\/factorialhr.pt\/blog\/#\/schema\/person\/image\/\",\"url\":\"https:\/\/secure.gravatar.com\/avatar\/08b9b0580a5bc8a837aa3d4305323d66?s=96&d=identicon&r=g\",\"contentUrl\":\"https:\/\/secure.gravatar.com\/avatar\/08b9b0580a5bc8a837aa3d4305323d66?s=96&d=identicon&r=g\",\"caption\":\"Vanessa R\u00f4la\"},\"description\":\"Sou copywriter especializada em SEO, apaixonada por traduzir ideias em palavras. Acredito no poder da escrita para ligar pessoas, marcas e hist\u00f3rias, sendo isso que me motiva em cada projeto. Desde sempre me fascinou a comunica\u00e7\u00e3o, o que me levou a licenciar-me em Ci\u00eancias da Comunica\u00e7\u00e3o e a completar um mestrado em Novos Media e Pr\u00e1ticas Web, que me permitiu aprofundar o universo digital e as suas din\u00e2micas. Gosto de explorar a web atrav\u00e9s da escrita: seja a criar conte\u00fados otimizados para blogues, websites, newsletters ou e-books, seja atrav\u00e9s do trabalho de ghostwriting, uma vertente da escrita que me fascina pelo desafio de dar voz a outras pessoas. Ao longo do meu percurso, tenho colaborado com marcas e projetos de diferentes dimens\u00f5es, desde pequenas empresas a grandes organiza\u00e7\u00f5es internacionais. Fora dos projetos, divido o meu tempo entre as palavras, as viagens, a m\u00fasica e os animais. Acredito que o percurso profissional, tal como a vida, est\u00e1 sempre em movimento e sigo sempre o mesmo lema: a nossa vida \u00e9 toda para diante.\",\"sameAs\":[\"https:\/\/vanessarola.net\/\",\"https:\/\/www.linkedin.com\/in\/vanessarola\/\"],\"url\":\"https:\/\/factorialhr.pt\/blog\/author\/vanessarola\/\"}]}<\/script>\n<!-- \/ Yoast SEO Premium plugin. -->","yoast_head_json":{"title":"Desafios do RH no Regresso das F\u00e9rias: Preparar a Sua Empresa","description":"Explore os principais desafios do RH no regresso das f\u00e9rias e saiba como preparar a empresa para gerir aus\u00eancias, motiva\u00e7\u00e3o e produtividade.","robots":{"index":"index","follow":"follow","max-snippet":"max-snippet:-1","max-image-preview":"max-image-preview:large","max-video-preview":"max-video-preview:-1"},"canonical":"https:\/\/factorialhr.pt\/blog\/os-principais-desafios-do-rh-no-regresso-das-ferias-como-preparar-a-sua-empresa\/","og_locale":"pt_PT","og_type":"article","og_title":"Os principais desafios do RH no regresso das f\u00e9rias: como preparar a sua empresa","og_description":"Explore os principais desafios do RH no regresso das f\u00e9rias e saiba como preparar a empresa para gerir aus\u00eancias, motiva\u00e7\u00e3o e produtividade.","og_url":"https:\/\/factorialhr.pt\/blog\/os-principais-desafios-do-rh-no-regresso-das-ferias-como-preparar-a-sua-empresa\/","og_site_name":"Factorial","article_publisher":"https:\/\/www.facebook.com\/people\/Factorial\/100064908455810\/","article_published_time":"2026-08-28T08:10:47+00:00","og_image":[{"width":830,"height":400,"url":"https:\/\/factorialhr.pt\/wp-content\/uploads\/2023\/03\/03133734\/pessoas.jpg","type":"image\/jpeg"}],"author":"Vanessa R\u00f4la","twitter_card":"summary_large_image","twitter_creator":"@factorialapp","twitter_site":"@factorialapp","twitter_misc":{"Written by":"Vanessa R\u00f4la","Est. reading time":"5 minutos"},"schema":{"@context":"https:\/\/schema.org","@graph":[{"@type":"Article","@id":"https:\/\/factorialhr.pt\/blog\/os-principais-desafios-do-rh-no-regresso-das-ferias-como-preparar-a-sua-empresa\/#article","isPartOf":{"@id":"https:\/\/factorialhr.pt\/blog\/os-principais-desafios-do-rh-no-regresso-das-ferias-como-preparar-a-sua-empresa\/"},"author":{"name":"Vanessa R\u00f4la","@id":"https:\/\/factorialhr.pt\/blog\/#\/schema\/person\/074dc69f2ff8f258b111fc17947fb1d4"},"headline":"Os principais desafios do RH no regresso das f\u00e9rias: como preparar a sua empresa","datePublished":"2026-08-28T08:10:47+00:00","dateModified":"2026-08-28T08:10:47+00:00","mainEntityOfPage":{"@id":"https:\/\/factorialhr.pt\/blog\/os-principais-desafios-do-rh-no-regresso-das-ferias-como-preparar-a-sua-empresa\/"},"wordCount":1163,"publisher":{"@id":"https:\/\/factorialhr.pt\/blog\/#organization"},"articleSection":["Gest\u00e3o de processos"],"inLanguage":"pt-PT"},{"@type":"WebPage","@id":"https:\/\/factorialhr.pt\/blog\/os-principais-desafios-do-rh-no-regresso-das-ferias-como-preparar-a-sua-empresa\/","url":"https:\/\/factorialhr.pt\/blog\/os-principais-desafios-do-rh-no-regresso-das-ferias-como-preparar-a-sua-empresa\/","name":"Desafios do RH no Regresso das F\u00e9rias: Preparar a Sua Empresa","isPartOf":{"@id":"https:\/\/factorialhr.pt\/blog\/#website"},"datePublished":"2026-08-28T08:10:47+00:00","dateModified":"2026-08-28T08:10:47+00:00","description":"Explore os principais desafios do RH no regresso das f\u00e9rias e saiba como preparar a empresa para gerir aus\u00eancias, motiva\u00e7\u00e3o e produtividade.","inLanguage":"pt-PT","potentialAction":[{"@type":"ReadAction","target":["https:\/\/factorialhr.pt\/blog\/os-principais-desafios-do-rh-no-regresso-das-ferias-como-preparar-a-sua-empresa\/"]}]},{"@type":"WebSite","@id":"https:\/\/factorialhr.pt\/blog\/#website","url":"https:\/\/factorialhr.pt\/blog\/","name":"Factorial","description":"","publisher":{"@id":"https:\/\/factorialhr.pt\/blog\/#organization"},"potentialAction":[{"@type":"SearchAction","target":{"@type":"EntryPoint","urlTemplate":"https:\/\/factorialhr.pt\/blog\/?s={search_term_string}"},"query-input":"required name=search_term_string"}],"inLanguage":"pt-PT"},{"@type":"Organization","@id":"https:\/\/factorialhr.pt\/blog\/#organization","name":"All-in-one business management software - Factorial","url":"https:\/\/factorialhr.pt\/blog\/","logo":{"@type":"ImageObject","inLanguage":"pt-PT","@id":"https:\/\/factorialhr.pt\/blog\/#\/schema\/logo\/image\/","url":"https:\/\/factorialhr.pt\/wp-content\/uploads\/2023\/07\/18155144\/factorial-logo.png","contentUrl":"https:\/\/factorialhr.pt\/wp-content\/uploads\/2023\/07\/18155144\/factorial-logo.png","width":946,"height":880,"caption":"All-in-one business management software - Factorial"},"image":{"@id":"https:\/\/factorialhr.pt\/blog\/#\/schema\/logo\/image\/"},"sameAs":["https:\/\/www.facebook.com\/people\/Factorial\/100064908455810\/","https:\/\/twitter.com\/factorialapp","https:\/\/www.linkedin.com\/company\/factorialhr","https:\/\/www.youtube.com\/@factorialmedia","https:\/\/www.instagram.com\/factorial\/#"]},{"@type":"Person","@id":"https:\/\/factorialhr.pt\/blog\/#\/schema\/person\/074dc69f2ff8f258b111fc17947fb1d4","name":"Vanessa R\u00f4la","image":{"@type":"ImageObject","inLanguage":"pt-PT","@id":"https:\/\/factorialhr.pt\/blog\/#\/schema\/person\/image\/","url":"https:\/\/secure.gravatar.com\/avatar\/08b9b0580a5bc8a837aa3d4305323d66?s=96&d=identicon&r=g","contentUrl":"https:\/\/secure.gravatar.com\/avatar\/08b9b0580a5bc8a837aa3d4305323d66?s=96&d=identicon&r=g","caption":"Vanessa R\u00f4la"},"description":"Sou copywriter especializada em SEO, apaixonada por traduzir ideias em palavras. Acredito no poder da escrita para ligar pessoas, marcas e hist\u00f3rias, sendo isso que me motiva em cada projeto. Desde sempre me fascinou a comunica\u00e7\u00e3o, o que me levou a licenciar-me em Ci\u00eancias da Comunica\u00e7\u00e3o e a completar um mestrado em Novos Media e Pr\u00e1ticas Web, que me permitiu aprofundar o universo digital e as suas din\u00e2micas. Gosto de explorar a web atrav\u00e9s da escrita: seja a criar conte\u00fados otimizados para blogues, websites, newsletters ou e-books, seja atrav\u00e9s do trabalho de ghostwriting, uma vertente da escrita que me fascina pelo desafio de dar voz a outras pessoas. Ao longo do meu percurso, tenho colaborado com marcas e projetos de diferentes dimens\u00f5es, desde pequenas empresas a grandes organiza\u00e7\u00f5es internacionais. Fora dos projetos, divido o meu tempo entre as palavras, as viagens, a m\u00fasica e os animais. Acredito que o percurso profissional, tal como a vida, est\u00e1 sempre em movimento e sigo sempre o mesmo lema: a nossa vida \u00e9 toda para diante.","sameAs":["https:\/\/vanessarola.net\/","https:\/\/www.linkedin.com\/in\/vanessarola\/"],"url":"https:\/\/factorialhr.pt\/blog\/author\/vanessarola\/"}]}},"_links":{"self":[{"href":"https:\/\/factorialhr.pt\/blog\/wp-json\/wp\/v2\/posts\/199987"}],"collection":[{"href":"https:\/\/factorialhr.pt\/blog\/wp-json\/wp\/v2\/posts"}],"about":[{"href":"https:\/\/factorialhr.pt\/blog\/wp-json\/wp\/v2\/types\/post"}],"author":[{"embeddable":true,"href":"https:\/\/factorialhr.pt\/blog\/wp-json\/wp\/v2\/users\/109"}],"replies":[{"embeddable":true,"href":"https:\/\/factorialhr.pt\/blog\/wp-json\/wp\/v2\/comments?post=199987"}],"version-history":[{"count":6,"href":"https:\/\/factorialhr.pt\/blog\/wp-json\/wp\/v2\/posts\/199987\/revisions"}],"predecessor-version":[{"id":200453,"href":"https:\/\/factorialhr.pt\/blog\/wp-json\/wp\/v2\/posts\/199987\/revisions\/200453"}],"wp:featuredmedia":[{"embeddable":true,"href":"https:\/\/factorialhr.pt\/blog\/wp-json\/wp\/v2\/media\/94632"}],"wp:attachment":[{"href":"https:\/\/factorialhr.pt\/blog\/wp-json\/wp\/v2\/media?parent=199987"}],"wp:term":[{"taxonomy":"category","embeddable":true,"href":"https:\/\/factorialhr.pt\/blog\/wp-json\/wp\/v2\/categories?post=199987"},{"taxonomy":"post_tag","embeddable":true,"href":"https:\/\/factorialhr.pt\/blog\/wp-json\/wp\/v2\/tags?post=199987"}],"curies":[{"name":"wp","href":"https:\/\/api.w.org\/{rel}","templated":true}]}}