{"id":200617,"date":"2026-09-03T09:49:06","date_gmt":"2026-09-03T07:49:06","guid":{"rendered":"https:\/\/factorialhr.com\/blog\/?p=200617"},"modified":"2026-09-03T09:49:06","modified_gmt":"2026-09-03T07:49:06","slug":"o-guia-para-organizar-os-turnos-apos-o-verao","status":"publish","type":"post","link":"https:\/\/factorialhr.pt\/blog\/o-guia-para-organizar-os-turnos-apos-o-verao\/","title":{"rendered":"O guia para organizar os turnos ap\u00f3s o ver\u00e3o"},"content":{"rendered":"<p><span style=\"font-weight: 400;\">Durante os meses de ver\u00e3o, \u00e9 natural que as empresas fa\u00e7am ajustes para responder \u00e0s f\u00e9rias e \u00e0s necessidades espec\u00edficas dessa \u00e9poca. Depois deste per\u00edodo, <\/span><b>organizar turnos <\/b><span style=\"font-weight: 400;\">implica reajustar os hor\u00e1rios e garantir que cada equipa tem a cobertura necess\u00e1ria para retomar o ritmo habitual.<\/span><\/p>\n<p><strong>Tabela de conte\u00fados<\/strong><\/p>\n<ul>\n<li><a href=\"#1\">Como organizar os turnos depois das f\u00e9rias<\/a><\/li>\n<li><a href=\"#2\">Como criar escalas de trabalho equilibradas<\/a><\/li>\n<li><a href=\"#3\">Como gerir trocas de turnos, aus\u00eancias e imprevistos<\/a><\/li>\n<li><a href=\"#4\">O que pode ser automatizado na organiza\u00e7\u00e3o dos turnos?<\/a><\/li>\n<\/ul>\n<div class=\"factorial-banner inline-banner banner-demo category-gestao-de-tempo\"\n    data-banner-id=\"172331\"\n    data-banner-type=\"demo\"\n    data-category=\"Gest\u00e3o de Tempo\">\n    <div class=\"banner-content\">\n        <div class=\"banner-text\">\n                            <h4>Software de Gest\u00e3o de Tempo<\/h4>\n            \n                            <p>Gest\u00e3o de tempo, turnos e aus\u00eancias da sua equipa de forma f\u00e1cil e eficiente.<\/p>\n            \n                            <a href=\"https:\/\/factorialhr.pt\/get-started\"\n                    class=\"factorial-cta-button not-prose demo btn-brand\" data-cta=\"demo\" data-cta-position=\"inline-banner\">\n                    Experimente Gr\u00e1tis                <\/a>\n                    <\/div>\n\n        <div class=\"banner-image has-image\">\n            <img decoding=\"async\" src=\"https:\/\/factorialhr.com\/wp-content\/uploads\/2025\/11\/03162217\/Group-427319437.png\" class=\"not-prose\" \/>\n        <\/div>\n    <\/div>\n<\/div>\n<h2><a name=\"1\"><\/a> Como organizar os turnos depois das f\u00e9rias<\/h2>\n<p><span style=\"font-weight: 400;\">Com alguma anteced\u00eancia e m\u00e9todo, \u00e9 poss\u00edvel<\/span><a href=\"https:\/\/factorialhr.pt\/blog\/controlo-de-horarios-em-portugal\/\"><span style=\"font-weight: 400;\"> organizar os hor\u00e1rios<\/span><\/a><span style=\"font-weight: 400;\"> depois das f\u00e9rias de forma mais previs\u00edvel e evitar uma boa parte das altera\u00e7\u00f5es de \u00faltima hora.\u00a0<\/span><\/p>\n<h3><b>1. Comece por analisar a disponibilidade das equipas<\/b><\/h3>\n<p><span style=\"font-weight: 400;\">O primeiro passo \u00e9 perceber quem est\u00e1 efetivamente dispon\u00edvel para trabalhar.<\/span><\/p>\n<p><span style=\"font-weight: 400;\">Antes de criar a escala, re\u00fana esta informa\u00e7\u00e3o e confirme:<\/span><\/p>\n<ul>\n<li style=\"font-weight: 400;\" aria-level=\"1\"><span style=\"font-weight: 400;\">Quem j\u00e1 <\/span><b>regressou <\/b><span style=\"font-weight: 400;\">de f\u00e9rias.<\/span><\/li>\n<li style=\"font-weight: 400;\" aria-level=\"1\"><span style=\"font-weight: 400;\">Quem <\/span><b>ainda est\u00e1 ausente<\/b><span style=\"font-weight: 400;\"> e at\u00e9 quando.<\/span><\/li>\n<li style=\"font-weight: 400;\" aria-level=\"1\"><span style=\"font-weight: 400;\">Quais os colaboradores que t\u00eam <\/span><b>aus\u00eancias previstas<\/b><span style=\"font-weight: 400;\">.<\/span><\/li>\n<li style=\"font-weight: 400;\" aria-level=\"1\"><span style=\"font-weight: 400;\">Que <\/span><b>hor\u00e1rios<\/b><span style=\"font-weight: 400;\"> est\u00e3o dispon\u00edveis para cada pessoa.<\/span><\/li>\n<li style=\"font-weight: 400;\" aria-level=\"1\"><span style=\"font-weight: 400;\">Se existem <\/span><b>altera\u00e7\u00f5es tempor\u00e1rias de disponibilidade<\/b><span style=\"font-weight: 400;\">.<\/span><\/li>\n<li style=\"font-weight: 400;\" aria-level=\"1\"><span style=\"font-weight: 400;\">Quais as <\/span><b>equipas ou fun\u00e7\u00f5es que precisam de cobertura espec\u00edfica<\/b><span style=\"font-weight: 400;\">.<\/span><\/li>\n<\/ul>\n<h3><b>2. Reveja as f\u00e9rias pendentes antes de organizar os turnos<\/b><\/h3>\n<p><span style=\"font-weight: 400;\">O regresso de setembro <\/span><b>n\u00e3o significa que todas as f\u00e9rias tenham ficado para tr\u00e1s<\/b><span style=\"font-weight: 400;\">. H\u00e1 colaboradores que preferem marcar alguns dias fora da \u00e9poca alta ou que simplesmente ainda t\u00eam f\u00e9rias previstas para os meses seguintes.<\/span><\/p>\n<p><span style=\"font-weight: 400;\">Tamb\u00e9m \u00e9 importante distinguir entre f\u00e9rias j\u00e1 aprovadas e novos pedidos que ainda est\u00e3o a ser analisados. Misturar estas duas situa\u00e7\u00f5es pode criar alguma confus\u00e3o no planeamento.<\/span><\/p>\n<h3><b>3. Avalie as necessidades da empresa<\/b><\/h3>\n<p><span style=\"font-weight: 400;\">Depois de perceber quem est\u00e1 dispon\u00edvel, \u00e9 necess\u00e1rio perceber <\/span><b>quantas pessoas a empresa realmente precisa em cada turno. <\/b><span style=\"font-weight: 400;\">Esta necessidade pode ser bastante diferente entre o ver\u00e3o e o resto do ano. Antes de preencher a escala, analise:<\/span><\/p>\n<ul>\n<li style=\"font-weight: 400;\" aria-level=\"1\"><span style=\"font-weight: 400;\">Quais s\u00e3o os <\/span><b>per\u00edodos de maior movimento<\/b><span style=\"font-weight: 400;\">.<\/span><\/li>\n<li style=\"font-weight: 400;\" aria-level=\"1\"><span style=\"font-weight: 400;\">Quantas pessoas s\u00e3o necess\u00e1rias em <\/span><b>cada turno<\/b><span style=\"font-weight: 400;\">.<\/span><\/li>\n<li style=\"font-weight: 400;\" aria-level=\"1\"><span style=\"font-weight: 400;\">Que <\/span><b>fun\u00e7\u00f5es <\/b><span style=\"font-weight: 400;\">t\u00eam de estar sempre asseguradas.<\/span><\/li>\n<li style=\"font-weight: 400;\" aria-level=\"1\"><span style=\"font-weight: 400;\">Se existem hor\u00e1rios que precisam de <\/span><b>refor\u00e7o<\/b><span style=\"font-weight: 400;\">.<\/span><\/li>\n<li style=\"font-weight: 400;\" aria-level=\"1\"><span style=\"font-weight: 400;\">Se h\u00e1 per\u00edodos em que pode funcionar uma <\/span><b>equipa mais reduzida<\/b><span style=\"font-weight: 400;\">.<\/span><\/li>\n<\/ul>\n<h3><b>4. Crie uma escala equilibrada<\/b><\/h3>\n<p><span style=\"font-weight: 400;\">Uma boa escala deve responder \u00e0s necessidades da empresa, mas tamb\u00e9m procurar uma distribui\u00e7\u00e3o equilibrada entre os colaboradores. Sempre que poss\u00edvel, tenha em considera\u00e7\u00e3o a distribui\u00e7\u00e3o de:<\/span><\/p>\n<ul>\n<li><b>Turnos de manh\u00e3 e de tarde<\/b><span style=\"font-weight: 400;\">.<\/span><\/li>\n<li aria-level=\"1\"><b>Trabalho noturno.<\/b><\/li>\n<li aria-level=\"1\"><b>Fins de semana.<\/b><\/li>\n<li aria-level=\"1\"><b>Feriados.<\/b><\/li>\n<li aria-level=\"1\"><b>Folgas.<\/b><\/li>\n<li aria-level=\"1\"><b>Hor\u00e1rios mais exigentes.<\/b><\/li>\n<\/ul>\n<p><span style=\"font-weight: 400;\">Verifique os per\u00edodos de descanso e as regras aplic\u00e1veis \u00e0 organiza\u00e7\u00e3o do tempo de trabalho. <\/span><\/p>\n<h3><b>5. Valide a escala antes de a comunicar<\/b><\/h3>\n<p><span style=\"font-weight: 400;\">Antes de enviar os hor\u00e1rios aos colaboradores, confirme se <\/span><b>todas as posi\u00e7\u00f5es necess\u00e1rias est\u00e3o preenchidas<\/b><span style=\"font-weight: 400;\">, se existem <\/span><b>sobreposi\u00e7\u00f5es <\/b><span style=\"font-weight: 400;\">ou <\/span><b>per\u00edodos sem cobertura<\/b><span style=\"font-weight: 400;\"> e se as <\/span><b>f\u00e9rias <\/b><span style=\"font-weight: 400;\">e aus\u00eancias foram corretamente consideradas.\u00a0<\/span><\/p>\n<p><span style=\"font-weight: 400;\">Depois de validada, a escala deve ser <\/span><b>comunicada de forma clara<\/b><span style=\"font-weight: 400;\"> e num local facilmente acess\u00edvel.\u00a0<\/span><\/p>\n<h3><b>6. Prepare-se para as altera\u00e7\u00f5es inevit\u00e1veis<\/b><\/h3>\n<p><span style=\"font-weight: 400;\">Uma escala bem planeada <\/span><b>n\u00e3o invalida os imprevistos<\/b><span style=\"font-weight: 400;\">. Quer seja por motivo de doen\u00e7a ou situa\u00e7\u00e3o pessoal, pode sempre surgir algo que obrigue a uma troca de hor\u00e1rio. O importante \u00e9 ter um<\/span><b> processo definido<\/b><span style=\"font-weight: 400;\"> para lidar com estas situa\u00e7\u00f5es.<\/span><\/p>\n<p><span style=\"font-weight: 400;\">Pode, por exemplo, estabelecer-se que as trocas de turnos precisam de aprova\u00e7\u00e3o antes de serem consideradas v\u00e1lidas, evitando-se que duas pessoas combinem uma altera\u00e7\u00e3o entre si sem que o respons\u00e1vel pela equipa tenha conhecimento. Tamb\u00e9m \u00e9 importante atualizar a escala sempre que uma altera\u00e7\u00e3o seja aprovada.<\/span><\/p>\n<h2><a name=\"2\"><\/a> Como criar escalas de trabalho equilibradas<\/h2>\n<p><span style=\"font-weight: 400;\">Uma boa escala tem de funcionar para a empresa, mas tamb\u00e9m deve ser razo\u00e1vel para quem vai cumprir os hor\u00e1rios.<\/span><\/p>\n<h3><b>Distribua os turnos de forma justa<\/b><\/h3>\n<p><span style=\"font-weight: 400;\">Sempre que a organiza\u00e7\u00e3o do trabalho o permita, <\/span><b>procure distribuir de forma equilibrada os turnos mais exigentes ou menos procurados<\/b><span style=\"font-weight: 400;\">. N\u00e3o significa que todos tenham obrigatoriamente de fazer exatamente o mesmo n\u00famero de cada tipo de turno. No entanto, deve existir um crit\u00e9rio coerente aplicado de forma consistente.<\/span><\/p>\n<p><span style=\"font-weight: 400;\">Evite tamb\u00e9m uma distribui\u00e7\u00e3o baseada apenas em quem est\u00e1 dispon\u00edvel naquele momento. Se a disponibilidade for o \u00fanico crit\u00e9rio, as mesmas pessoas podem acabar por ficar sempre com os hor\u00e1rios mais dif\u00edceis, o que n\u00e3o ser\u00e1 sustent\u00e1vel.<\/span><\/p>\n<h3><b>Tenha em conta os per\u00edodos de descanso<\/b><\/h3>\n<p><b>A legisla\u00e7\u00e3o laboral estabelece regras que devem ser respeitadas na organiza\u00e7\u00e3o dos tempos de trabalho<\/b><span style=\"font-weight: 400;\">, pelo que esta verifica\u00e7\u00e3o deve fazer parte do processo de cria\u00e7\u00e3o da escala e n\u00e3o ser deixada para o fim.\u00a0<\/span><\/p>\n<p><span style=\"font-weight: 400;\">Identifique situa\u00e7\u00f5es como:<\/span><\/p>\n<ul>\n<li style=\"font-weight: 400;\" aria-level=\"1\"><span style=\"font-weight: 400;\">Mudan\u00e7as muito bruscas entre turnos.<\/span><\/li>\n<li style=\"font-weight: 400;\" aria-level=\"1\"><span style=\"font-weight: 400;\">Sequ\u00eancias de hor\u00e1rios particularmente exigentes.<\/span><\/li>\n<li style=\"font-weight: 400;\" aria-level=\"1\"><span style=\"font-weight: 400;\">Falta de descanso adequado.<\/span><\/li>\n<li style=\"font-weight: 400;\" aria-level=\"1\"><span style=\"font-weight: 400;\">Distribui\u00e7\u00e3o pouco equilibrada de folgas.<\/span><\/li>\n<\/ul>\n<p><span style=\"font-weight: 400;\">Para mais informa\u00e7\u00e3o sobre a legisla\u00e7\u00e3o portuguesa, <\/span><a href=\"https:\/\/factorialhr.pt\/blog\/trabalho-por-turnos\/\"><span style=\"font-weight: 400;\">consulte o nosso artigo<\/span><\/a><span style=\"font-weight: 400;\">.\u00a0<\/span><\/p>\n<h3><b>Considere compet\u00eancias e fun\u00e7\u00f5es<\/b><\/h3>\n<p><span style=\"font-weight: 400;\">\u00c9 necess\u00e1rio garantir que a equipa presente tem as compet\u00eancias necess\u00e1rias para responder ao trabalho daquele per\u00edodo. Ao criar a escala, <strong>c<\/strong><\/span><b>onsidere n\u00e3o s\u00f3 a disponibilidade, mas tamb\u00e9m as fun\u00e7\u00f5es<\/b><span style=\"font-weight: 400;\">, compet\u00eancias e responsabilidades de cada pessoa.<\/span><\/p>\n<h3><b>D\u00ea previsibilidade aos colaboradores<\/b><\/h3>\n<p><span style=\"font-weight: 400;\">Quando os colaboradores recebem os hor\u00e1rios com anteced\u00eancia, conseguem organizar melhor a sua vida pessoal e familiar, havendo <\/span><b>menos necessidade de recorrer a trocas de \u00faltima hora<\/b><span style=\"font-weight: 400;\">.<\/span><\/p>\n<p><span style=\"font-weight: 400;\">Com regras claras para pedidos de altera\u00e7\u00e3o e trocas de turnos, os colaboradores sabem como proceder e os respons\u00e1veis conseguem avaliar cada pedido antes de alterar a escala.<\/span><\/p>\n<h2><a name=\"3\"><\/a> Como gerir trocas de turnos, aus\u00eancias e imprevistos<\/h2>\n<h3><b>1. Defina um processo para as trocas de turnos<\/b><\/h3>\n<p><span style=\"font-weight: 400;\">Um processo organizado pode passar por tr\u00eas passos:<\/span><\/p>\n<ol>\n<li style=\"font-weight: 400;\" aria-level=\"1\"><b>O colaborador solicita a troca.<\/b><\/li>\n<li style=\"font-weight: 400;\" aria-level=\"1\"><b>O respons\u00e1vel verifica se a altera\u00e7\u00e3o \u00e9 poss\u00edvel.<\/b><\/li>\n<li style=\"font-weight: 400;\" aria-level=\"1\"><span style=\"font-weight: 400;\">Depois de aprovada, <\/span><b>a escala \u00e9 atualizada<\/b><span style=\"font-weight: 400;\"> e a altera\u00e7\u00e3o fica registada.<\/span><\/li>\n<\/ol>\n<h3><b>2. Tenha uma alternativa preparada para as aus\u00eancias<\/b><\/h3>\n<p><span style=\"font-weight: 400;\">As aus\u00eancias fazem parte da realidade de qualquer empresa. Perante uma aus\u00eancia inesperada, o respons\u00e1vel precisa de saber rapidamente:<\/span><\/p>\n<ul>\n<li style=\"font-weight: 400;\" aria-level=\"1\"><span style=\"font-weight: 400;\">Qual \u00e9 o <\/span><b>turno <\/b><span style=\"font-weight: 400;\">afetado.<\/span><\/li>\n<li style=\"font-weight: 400;\" aria-level=\"1\"><span style=\"font-weight: 400;\">Que <\/span><b>fun\u00e7\u00e3o <\/b><span style=\"font-weight: 400;\">precisa de ser assegurada.<\/span><\/li>\n<li style=\"font-weight: 400;\" aria-level=\"1\"><b>Quem est\u00e1 dispon\u00edvel<\/b><span style=\"font-weight: 400;\">.<\/span><\/li>\n<li style=\"font-weight: 400;\" aria-level=\"1\"><span style=\"font-weight: 400;\">Quem tem as <\/span><b>compet\u00eancias necess\u00e1rias<\/b><span style=\"font-weight: 400;\">.<\/span><\/li>\n<li style=\"font-weight: 400;\" aria-level=\"1\"><span style=\"font-weight: 400;\">Se a altera\u00e7\u00e3o cria algum<\/span><b> conflito com outros hor\u00e1rios<\/b><span style=\"font-weight: 400;\">.<\/span><\/li>\n<\/ul>\n<h3><b>3. Evite que uma troca resolva um problema e crie outro<\/b><\/h3>\n<p><span style=\"font-weight: 400;\">Sempre que um turno \u00e9 trocado, \u00e9 importante <\/span><b>verificar o impacto no restante <\/b><a href=\"https:\/\/factorialhr.pt\/blog\/horario-trabalho-regras\/\"><b>hor\u00e1rio do colaborador<\/b><\/a><span style=\"font-weight: 400;\">. O objetivo n\u00e3o \u00e9 apenas preencher o espa\u00e7o que ficou vazio, mas garantir que a nova organiza\u00e7\u00e3o continua a funcionar.<\/span><\/p>\n<p><span style=\"font-weight: 400;\">Um <\/span><a href=\"https:\/\/factorialhr.pt\/gestao-turnos\"><span style=\"font-weight: 400;\">software de gest\u00e3o de turnos<\/span><\/a><span style=\"font-weight: 400;\"> pode ajudar neste ponto ao sinalizar conflitos entre hor\u00e1rios. A Factorial, por exemplo, disponibiliza alertas para conflitos de turnos sobrepostos e permite consultar a cobertura das equipas.<\/span><\/p>\n<h3><b>4. Mantenha a escala sempre atualizada<\/b><\/h3>\n<p><span style=\"font-weight: 400;\">Centralizar a informa\u00e7\u00e3o permite que a equipa trabalhe sempre a partir da mesma vers\u00e3o do hor\u00e1rio. Na Factorial, as <\/span><b>altera\u00e7\u00f5es nos turnos podem ser atualizadas na plataforma e os colaboradores podem consultar os seus hor\u00e1rios<\/b><span style=\"font-weight: 400;\">, reduzindo a depend\u00eancia de mensagens e outros ficheiros.<\/span><\/p>\n<h3><b>5. Automatize parte da gest\u00e3o das altera\u00e7\u00f5es<\/b><\/h3>\n<p><span style=\"font-weight: 400;\">Na Factorial, os colaboradores podem<\/span> <a href=\"https:\/\/factorialhr.pt\/aplicacao-movel-rh\"><b>solicitar trocas de turno atrav\u00e9s da aplica\u00e7\u00e3o<\/b><\/a><span style=\"font-weight: 400;\">, enquanto os respons\u00e1veis conseguem gerir as altera\u00e7\u00f5es e as aus\u00eancias diretamente na ferramenta de gest\u00e3o de turnos.<\/span><\/p>\n<h2><a name=\"4\"><\/a> O que pode ser automatizado na organiza\u00e7\u00e3o dos turnos?<\/h2>\n<p><span style=\"font-weight: 400;\">Dependendo da solu\u00e7\u00e3o utilizada, \u00e9 poss\u00edvel automatizar e simplificar tarefas como:<\/span><\/p>\n<ul>\n<li style=\"font-weight: 400;\" aria-level=\"1\"><b>Cria\u00e7\u00e3o e distribui\u00e7\u00e3o dos hor\u00e1rios<\/b><span style=\"font-weight: 400;\">.<\/span><\/li>\n<li style=\"font-weight: 400;\" aria-level=\"1\"><b>Atribui\u00e7\u00e3o de turnos<\/b><span style=\"font-weight: 400;\"> aos colaboradores.<\/span><\/li>\n<li style=\"font-weight: 400;\" aria-level=\"1\"><span style=\"font-weight: 400;\">Consulta de <\/span><b>disponibilidades<\/b><span style=\"font-weight: 400;\">.<\/span><\/li>\n<li style=\"font-weight: 400;\" aria-level=\"1\"><span style=\"font-weight: 400;\">Cruzamento de turnos com <\/span><b>f\u00e9rias e aus\u00eancias<\/b><span style=\"font-weight: 400;\">.<\/span><\/li>\n<li style=\"font-weight: 400;\" aria-level=\"1\"><b>Pedidos e trocas<\/b><span style=\"font-weight: 400;\"> de turnos.<\/span><\/li>\n<li style=\"font-weight: 400;\" aria-level=\"1\"><span style=\"font-weight: 400;\">Identifica\u00e7\u00e3o de <\/span><b>conflitos de hor\u00e1rios<\/b><span style=\"font-weight: 400;\">.<\/span><\/li>\n<li style=\"font-weight: 400;\" aria-level=\"1\"><b>Comunica\u00e7\u00e3o <\/b><span style=\"font-weight: 400;\">de altera\u00e7\u00f5es.<\/span><\/li>\n<li style=\"font-weight: 400;\" aria-level=\"1\"><b>Acompanhamento das horas<\/b><span style=\"font-weight: 400;\"> trabalhadas.<\/span><\/li>\n<li style=\"font-weight: 400;\" aria-level=\"1\"><span style=\"font-weight: 400;\">Controlo de <\/span><b>assiduidade<\/b><span style=\"font-weight: 400;\">.<\/span><\/li>\n<\/ul>\n<p><b>Quer ver e perceber como funciona a plataforma da Factorial? Clique <\/b><a href=\"https:\/\/factorialhr.pt\/product-tour\"><b>aqui<\/b><\/a><b>!<\/b><\/p>\n<div class=\"factorial-banner inline-banner banner-demo category-gestao-de-tempo\"\n    data-banner-id=\"171813\"\n    data-banner-type=\"demo\"\n    data-category=\"Gest\u00e3o de Tempo\">\n    <div class=\"banner-content\">\n        <div class=\"banner-text\">\n                            <h4>Factorial: A solu\u00e7\u00e3o centrada nas pessoas<\/h4>\n            \n                            <p>Tempo, Talento e Finan\u00e7as: tudo na mesma plataforma para simplificar a gest\u00e3o.<\/p>\n            \n                            <a href=\"https:\/\/factorialhr.pt\/get-started\"\n                    class=\"factorial-cta-button not-prose demo btn-brand\" data-cta=\"demo\" data-cta-position=\"inline-banner\">\n                    Experimente Gr\u00e1tis                <\/a>\n                    <\/div>\n\n        <div class=\"banner-image has-image\">\n            <img decoding=\"async\" src=\"https:\/\/factorialhr.com\/wp-content\/uploads\/2025\/04\/13182510\/blog_thumbnail_fact-2.jpg\" class=\"not-prose\" \/>\n        <\/div>\n    <\/div>\n<\/div>\n","protected":false},"excerpt":{"rendered":"<p>Durante os meses de ver\u00e3o, \u00e9 natural que as empresas fa\u00e7am ajustes para responder \u00e0s f\u00e9rias e \u00e0s necessidades espec\u00edficas dessa \u00e9poca. Depois deste per\u00edodo, organizar turnos implica reajustar os hor\u00e1rios e garantir que cada equipa tem a cobertura necess\u00e1ria para retomar o ritmo habitual. Tabela de conte\u00fados Como organizar os turnos depois das f\u00e9rias<a href=\"https:\/\/factorialhr.pt\/blog\/o-guia-para-organizar-os-turnos-apos-o-verao\/\" class=\"read-more\"> [&#8230;]<\/a><\/p>\n","protected":false},"author":358,"featured_media":106808,"comment_status":"closed","ping_status":"closed","sticky":false,"template":"","format":"standard","meta":{"_acf_changed":false,"footnotes":""},"categories":[397,111],"tags":[],"class_list":["post-200617","post","type-post","status-publish","format-standard","has-post-thumbnail","hentry","category-gestao-de-tempo","category-sem-categoria"],"acf":{"topics":"time-time-planning"},"yoast_head":"<!-- This site is optimized with the Yoast SEO Premium plugin v21.5 (Yoast SEO v21.9.1) - https:\/\/yoast.com\/wordpress\/plugins\/seo\/ -->\n<title>Como organizar os turnos ap\u00f3s o ver\u00e3o<\/title>\n<meta name=\"description\" content=\"Saiba como organizar os turnos ap\u00f3s o ver\u00e3o, gerir f\u00e9rias e aus\u00eancias e criar escalas equilibradas e eficientes.\" \/>\n<meta name=\"robots\" content=\"index, follow, max-snippet:-1, max-image-preview:large, max-video-preview:-1\" \/>\n<link rel=\"canonical\" href=\"https:\/\/factorialhr.pt\/blog\/o-guia-para-organizar-os-turnos-apos-o-verao\/\" \/>\n<meta property=\"og:locale\" content=\"pt_PT\" \/>\n<meta property=\"og:type\" content=\"article\" \/>\n<meta property=\"og:title\" content=\"O guia para organizar os turnos ap\u00f3s o ver\u00e3o\" \/>\n<meta property=\"og:description\" content=\"Saiba como organizar os turnos ap\u00f3s o ver\u00e3o, gerir f\u00e9rias e aus\u00eancias e criar escalas equilibradas e eficientes.\" \/>\n<meta property=\"og:url\" content=\"https:\/\/factorialhr.pt\/blog\/o-guia-para-organizar-os-turnos-apos-o-verao\/\" \/>\n<meta property=\"og:site_name\" content=\"Factorial\" \/>\n<meta property=\"article:publisher\" content=\"https:\/\/www.facebook.com\/people\/Factorial\/100064908455810\/\" \/>\n<meta property=\"article:published_time\" content=\"2026-09-03T07:49:06+00:00\" \/>\n<meta property=\"og:image\" content=\"https:\/\/factorialhr.pt\/wp-content\/uploads\/2023\/06\/13145724\/software-para-turnos-1.jpg\" \/>\n\t<meta property=\"og:image:width\" content=\"1660\" \/>\n\t<meta property=\"og:image:height\" content=\"800\" \/>\n\t<meta property=\"og:image:type\" content=\"image\/jpeg\" \/>\n<meta name=\"author\" content=\"Mariana Lopes\" \/>\n<meta name=\"twitter:card\" content=\"summary_large_image\" \/>\n<meta name=\"twitter:creator\" content=\"@factorialapp\" \/>\n<meta name=\"twitter:site\" content=\"@factorialapp\" \/>\n<meta name=\"twitter:label1\" content=\"Written by\" \/>\n\t<meta name=\"twitter:data1\" content=\"Mariana Lopes\" \/>\n\t<meta name=\"twitter:label2\" content=\"Est. reading time\" \/>\n\t<meta name=\"twitter:data2\" content=\"6 minutos\" \/>\n<script type=\"application\/ld+json\" class=\"yoast-schema-graph\">{\"@context\":\"https:\/\/schema.org\",\"@graph\":[{\"@type\":\"Article\",\"@id\":\"https:\/\/factorialhr.pt\/blog\/o-guia-para-organizar-os-turnos-apos-o-verao\/#article\",\"isPartOf\":{\"@id\":\"https:\/\/factorialhr.pt\/blog\/o-guia-para-organizar-os-turnos-apos-o-verao\/\"},\"author\":{\"name\":\"Mariana Lopes\",\"@id\":\"https:\/\/factorialhr.pt\/blog\/#\/schema\/person\/882185fb0f38f3682eec3a3d73ea12b9\"},\"headline\":\"O guia para organizar os turnos ap\u00f3s o ver\u00e3o\",\"datePublished\":\"2026-09-03T07:49:06+00:00\",\"dateModified\":\"2026-09-03T07:49:06+00:00\",\"mainEntityOfPage\":{\"@id\":\"https:\/\/factorialhr.pt\/blog\/o-guia-para-organizar-os-turnos-apos-o-verao\/\"},\"wordCount\":1352,\"publisher\":{\"@id\":\"https:\/\/factorialhr.pt\/blog\/#organization\"},\"articleSection\":[\"Gest\u00e3o de Tempo\"],\"inLanguage\":\"pt-PT\"},{\"@type\":\"WebPage\",\"@id\":\"https:\/\/factorialhr.pt\/blog\/o-guia-para-organizar-os-turnos-apos-o-verao\/\",\"url\":\"https:\/\/factorialhr.pt\/blog\/o-guia-para-organizar-os-turnos-apos-o-verao\/\",\"name\":\"Como organizar os turnos ap\u00f3s o ver\u00e3o\",\"isPartOf\":{\"@id\":\"https:\/\/factorialhr.pt\/blog\/#website\"},\"datePublished\":\"2026-09-03T07:49:06+00:00\",\"dateModified\":\"2026-09-03T07:49:06+00:00\",\"description\":\"Saiba como organizar os turnos ap\u00f3s o ver\u00e3o, gerir f\u00e9rias e aus\u00eancias e criar escalas equilibradas e eficientes.\",\"inLanguage\":\"pt-PT\",\"potentialAction\":[{\"@type\":\"ReadAction\",\"target\":[\"https:\/\/factorialhr.pt\/blog\/o-guia-para-organizar-os-turnos-apos-o-verao\/\"]}]},{\"@type\":\"WebSite\",\"@id\":\"https:\/\/factorialhr.pt\/blog\/#website\",\"url\":\"https:\/\/factorialhr.pt\/blog\/\",\"name\":\"Factorial\",\"description\":\"\",\"publisher\":{\"@id\":\"https:\/\/factorialhr.pt\/blog\/#organization\"},\"potentialAction\":[{\"@type\":\"SearchAction\",\"target\":{\"@type\":\"EntryPoint\",\"urlTemplate\":\"https:\/\/factorialhr.pt\/blog\/?s={search_term_string}\"},\"query-input\":\"required name=search_term_string\"}],\"inLanguage\":\"pt-PT\"},{\"@type\":\"Organization\",\"@id\":\"https:\/\/factorialhr.pt\/blog\/#organization\",\"name\":\"All-in-one business management software - Factorial\",\"url\":\"https:\/\/factorialhr.pt\/blog\/\",\"logo\":{\"@type\":\"ImageObject\",\"inLanguage\":\"pt-PT\",\"@id\":\"https:\/\/factorialhr.pt\/blog\/#\/schema\/logo\/image\/\",\"url\":\"https:\/\/factorialhr.pt\/wp-content\/uploads\/2023\/07\/18155144\/factorial-logo.png\",\"contentUrl\":\"https:\/\/factorialhr.pt\/wp-content\/uploads\/2023\/07\/18155144\/factorial-logo.png\",\"width\":946,\"height\":880,\"caption\":\"All-in-one business management software - Factorial\"},\"image\":{\"@id\":\"https:\/\/factorialhr.pt\/blog\/#\/schema\/logo\/image\/\"},\"sameAs\":[\"https:\/\/www.facebook.com\/people\/Factorial\/100064908455810\/\",\"https:\/\/twitter.com\/factorialapp\",\"https:\/\/www.linkedin.com\/company\/factorialhr\",\"https:\/\/www.youtube.com\/@factorialmedia\",\"https:\/\/www.instagram.com\/factorial\/#\"]},{\"@type\":\"Person\",\"@id\":\"https:\/\/factorialhr.pt\/blog\/#\/schema\/person\/882185fb0f38f3682eec3a3d73ea12b9\",\"name\":\"Mariana Lopes\",\"image\":{\"@type\":\"ImageObject\",\"inLanguage\":\"pt-PT\",\"@id\":\"https:\/\/factorialhr.pt\/blog\/#\/schema\/person\/image\/\",\"url\":\"https:\/\/secure.gravatar.com\/avatar\/46071d57c0276ce71a9e17166fc7f28d?s=96&d=identicon&r=g\",\"contentUrl\":\"https:\/\/secure.gravatar.com\/avatar\/46071d57c0276ce71a9e17166fc7f28d?s=96&d=identicon&r=g\",\"caption\":\"Mariana Lopes\"},\"url\":\"https:\/\/factorialhr.pt\/blog\/author\/mariana-l\/\"}]}<\/script>\n<!-- \/ Yoast SEO Premium plugin. -->","yoast_head_json":{"title":"Como organizar os turnos ap\u00f3s o ver\u00e3o","description":"Saiba como organizar os turnos ap\u00f3s o ver\u00e3o, gerir f\u00e9rias e aus\u00eancias e criar escalas equilibradas e eficientes.","robots":{"index":"index","follow":"follow","max-snippet":"max-snippet:-1","max-image-preview":"max-image-preview:large","max-video-preview":"max-video-preview:-1"},"canonical":"https:\/\/factorialhr.pt\/blog\/o-guia-para-organizar-os-turnos-apos-o-verao\/","og_locale":"pt_PT","og_type":"article","og_title":"O guia para organizar os turnos ap\u00f3s o ver\u00e3o","og_description":"Saiba como organizar os turnos ap\u00f3s o ver\u00e3o, gerir f\u00e9rias e aus\u00eancias e criar escalas equilibradas e eficientes.","og_url":"https:\/\/factorialhr.pt\/blog\/o-guia-para-organizar-os-turnos-apos-o-verao\/","og_site_name":"Factorial","article_publisher":"https:\/\/www.facebook.com\/people\/Factorial\/100064908455810\/","article_published_time":"2026-09-03T07:49:06+00:00","og_image":[{"width":1660,"height":800,"url":"https:\/\/factorialhr.pt\/wp-content\/uploads\/2023\/06\/13145724\/software-para-turnos-1.jpg","type":"image\/jpeg"}],"author":"Mariana Lopes","twitter_card":"summary_large_image","twitter_creator":"@factorialapp","twitter_site":"@factorialapp","twitter_misc":{"Written by":"Mariana Lopes","Est. reading time":"6 minutos"},"schema":{"@context":"https:\/\/schema.org","@graph":[{"@type":"Article","@id":"https:\/\/factorialhr.pt\/blog\/o-guia-para-organizar-os-turnos-apos-o-verao\/#article","isPartOf":{"@id":"https:\/\/factorialhr.pt\/blog\/o-guia-para-organizar-os-turnos-apos-o-verao\/"},"author":{"name":"Mariana Lopes","@id":"https:\/\/factorialhr.pt\/blog\/#\/schema\/person\/882185fb0f38f3682eec3a3d73ea12b9"},"headline":"O guia para organizar os turnos ap\u00f3s o ver\u00e3o","datePublished":"2026-09-03T07:49:06+00:00","dateModified":"2026-09-03T07:49:06+00:00","mainEntityOfPage":{"@id":"https:\/\/factorialhr.pt\/blog\/o-guia-para-organizar-os-turnos-apos-o-verao\/"},"wordCount":1352,"publisher":{"@id":"https:\/\/factorialhr.pt\/blog\/#organization"},"articleSection":["Gest\u00e3o de Tempo"],"inLanguage":"pt-PT"},{"@type":"WebPage","@id":"https:\/\/factorialhr.pt\/blog\/o-guia-para-organizar-os-turnos-apos-o-verao\/","url":"https:\/\/factorialhr.pt\/blog\/o-guia-para-organizar-os-turnos-apos-o-verao\/","name":"Como organizar os turnos ap\u00f3s o ver\u00e3o","isPartOf":{"@id":"https:\/\/factorialhr.pt\/blog\/#website"},"datePublished":"2026-09-03T07:49:06+00:00","dateModified":"2026-09-03T07:49:06+00:00","description":"Saiba como organizar os turnos ap\u00f3s o ver\u00e3o, gerir f\u00e9rias e aus\u00eancias e criar escalas equilibradas e eficientes.","inLanguage":"pt-PT","potentialAction":[{"@type":"ReadAction","target":["https:\/\/factorialhr.pt\/blog\/o-guia-para-organizar-os-turnos-apos-o-verao\/"]}]},{"@type":"WebSite","@id":"https:\/\/factorialhr.pt\/blog\/#website","url":"https:\/\/factorialhr.pt\/blog\/","name":"Factorial","description":"","publisher":{"@id":"https:\/\/factorialhr.pt\/blog\/#organization"},"potentialAction":[{"@type":"SearchAction","target":{"@type":"EntryPoint","urlTemplate":"https:\/\/factorialhr.pt\/blog\/?s={search_term_string}"},"query-input":"required name=search_term_string"}],"inLanguage":"pt-PT"},{"@type":"Organization","@id":"https:\/\/factorialhr.pt\/blog\/#organization","name":"All-in-one business management software - Factorial","url":"https:\/\/factorialhr.pt\/blog\/","logo":{"@type":"ImageObject","inLanguage":"pt-PT","@id":"https:\/\/factorialhr.pt\/blog\/#\/schema\/logo\/image\/","url":"https:\/\/factorialhr.pt\/wp-content\/uploads\/2023\/07\/18155144\/factorial-logo.png","contentUrl":"https:\/\/factorialhr.pt\/wp-content\/uploads\/2023\/07\/18155144\/factorial-logo.png","width":946,"height":880,"caption":"All-in-one business management software - Factorial"},"image":{"@id":"https:\/\/factorialhr.pt\/blog\/#\/schema\/logo\/image\/"},"sameAs":["https:\/\/www.facebook.com\/people\/Factorial\/100064908455810\/","https:\/\/twitter.com\/factorialapp","https:\/\/www.linkedin.com\/company\/factorialhr","https:\/\/www.youtube.com\/@factorialmedia","https:\/\/www.instagram.com\/factorial\/#"]},{"@type":"Person","@id":"https:\/\/factorialhr.pt\/blog\/#\/schema\/person\/882185fb0f38f3682eec3a3d73ea12b9","name":"Mariana Lopes","image":{"@type":"ImageObject","inLanguage":"pt-PT","@id":"https:\/\/factorialhr.pt\/blog\/#\/schema\/person\/image\/","url":"https:\/\/secure.gravatar.com\/avatar\/46071d57c0276ce71a9e17166fc7f28d?s=96&d=identicon&r=g","contentUrl":"https:\/\/secure.gravatar.com\/avatar\/46071d57c0276ce71a9e17166fc7f28d?s=96&d=identicon&r=g","caption":"Mariana Lopes"},"url":"https:\/\/factorialhr.pt\/blog\/author\/mariana-l\/"}]}},"_links":{"self":[{"href":"https:\/\/factorialhr.pt\/blog\/wp-json\/wp\/v2\/posts\/200617"}],"collection":[{"href":"https:\/\/factorialhr.pt\/blog\/wp-json\/wp\/v2\/posts"}],"about":[{"href":"https:\/\/factorialhr.pt\/blog\/wp-json\/wp\/v2\/types\/post"}],"author":[{"embeddable":true,"href":"https:\/\/factorialhr.pt\/blog\/wp-json\/wp\/v2\/users\/358"}],"replies":[{"embeddable":true,"href":"https:\/\/factorialhr.pt\/blog\/wp-json\/wp\/v2\/comments?post=200617"}],"version-history":[{"count":5,"href":"https:\/\/factorialhr.pt\/blog\/wp-json\/wp\/v2\/posts\/200617\/revisions"}],"predecessor-version":[{"id":200780,"href":"https:\/\/factorialhr.pt\/blog\/wp-json\/wp\/v2\/posts\/200617\/revisions\/200780"}],"wp:featuredmedia":[{"embeddable":true,"href":"https:\/\/factorialhr.pt\/blog\/wp-json\/wp\/v2\/media\/106808"}],"wp:attachment":[{"href":"https:\/\/factorialhr.pt\/blog\/wp-json\/wp\/v2\/media?parent=200617"}],"wp:term":[{"taxonomy":"category","embeddable":true,"href":"https:\/\/factorialhr.pt\/blog\/wp-json\/wp\/v2\/categories?post=200617"},{"taxonomy":"post_tag","embeddable":true,"href":"https:\/\/factorialhr.pt\/blog\/wp-json\/wp\/v2\/tags?post=200617"}],"curies":[{"name":"wp","href":"https:\/\/api.w.org\/{rel}","templated":true}]}}