{"id":76456,"date":"2022-06-16T18:03:18","date_gmt":"2022-06-16T16:03:18","guid":{"rendered":"https:\/\/factorialhr.com\/blog\/?p=76456"},"modified":"2025-06-11T17:39:31","modified_gmt":"2025-06-11T15:39:31","slug":"feriados-de-lisboa","status":"publish","type":"post","link":"https:\/\/factorialhr.pt\/blog\/feriados-de-lisboa\/","title":{"rendered":"Feriados em Lisboa: calend\u00e1rio completo para a sua empresa"},"content":{"rendered":"<p><strong>Seja para planear o ano da sua empresa ou verificar quantos dias ter\u00e3o os seus funcion\u00e1rios de folga, saber quando s\u00e3o os <a href=\"https:\/\/factorialhr.pt\/blog\/feriados-portugal\/\">feriados em Portugal<\/a> e especificamente os feriados em Lisboa em 2024 \u00e9 essencial. Para um ano mais organizado, verifique quais s\u00e3o os principais feriados de Lisboa e marque no calend\u00e1rio os dias de folga.<\/strong><\/p>\n<p>Com o <strong>calend\u00e1rio de feriados em Lisboa de 2024<\/strong>\u00a0em m\u00e3os, fica mais f\u00e1cil planear as pr\u00f3ximas f\u00e9rias e organizar com anteced\u00eancia as viagens e o tempo que tem para descansar.<\/p>\n<p>J\u00e1 as empresas, podem aproveitar para organizar o <a href=\"https:\/\/factorialhr.pt\/blog\/mapa-de-ferias\/\">mapa de f\u00e9rias<\/a> dos funcion\u00e1rios tendo em conta os feriados de Lisboa em 2024. Desta forma, os colaboradores podem saber que dias t\u00eam dispon\u00edveis com anteced\u00eancia, e as equipas conseguem planear melhor os projetos ao longo do ano. Acompanhe-nos!<\/p>\n<p><strong>Tabela de Conte\u00fados:<\/strong><\/p>\n<ul>\n<li><a href=\"#calendario-feriados-2023\">Calend\u00e1rio de feriados em Lisboa 2024<\/a>\n<ul>\n<li><a href=\"#13-junho-lisboa\">13 de Junho: o feriado regional de Lisboa<\/a><\/li>\n<\/ul>\n<\/li>\n<li><a href=\"#calendario-empresarial\">\ud83d\udce5 [Descarregue gr\u00e1tis] Calend\u00e1rio Empresarial 2024 para os RH<\/a><\/li>\n<li><a href=\"https:\/\/factorialhr.pt\/software-gestao-ausencias\">\ud83d\udc49 Como otimizar a gest\u00e3o de f\u00e9rias, feriados e aus\u00eancias da sua equipa?<\/a><\/li>\n<\/ul>\n<p><strong>\u2705 O software de RH da Factorial tem um calend\u00e1rio de equipa onde todos podem visualizar os feriados, eventos, f\u00e9rias, etc. <a href=\"https:\/\/factorialhr.pt\/solicitar-demonstracao\">Marque uma demonstra\u00e7\u00e3o do nosso software<\/a> e deixe que um dos nossos consultores lhe explique tudo!<\/strong><\/p>\n<p><span data-sheets-root=\"1\">Centraliza tudo num s\u00f3 lugar com <a href=\"https:\/\/factorialhr.pt\/\">software de gest\u00e3o empresarial<\/a> eficiente.\ud83d\udc47<\/span><br \/>\n<a href=\"https:\/\/factorialhr.pt\/\"><img decoding=\"async\" class=\"alignnone size-full wp-image-159203\" src=\"https:\/\/factorialhr.pt\/wp-content\/uploads\/2020\/06\/18183556\/Banner-Demo-Factorial-All-in-One-Portugal.png\" alt=\"Software de gest\u00e3o empresarial\" width=\"1212\" height=\"500\" srcset=\"https:\/\/factorialhr.pt\/wp-content\/uploads\/2020\/06\/18183556\/Banner-Demo-Factorial-All-in-One-Portugal.png 1212w, https:\/\/factorialhr.pt\/wp-content\/uploads\/2020\/06\/18183556\/Banner-Demo-Factorial-All-in-One-Portugal-300x124.png 300w, https:\/\/factorialhr.pt\/wp-content\/uploads\/2020\/06\/18183556\/Banner-Demo-Factorial-All-in-One-Portugal-1024x422.png 1024w, https:\/\/factorialhr.pt\/wp-content\/uploads\/2020\/06\/18183556\/Banner-Demo-Factorial-All-in-One-Portugal-768x317.png 768w\" sizes=\"(max-width: 1212px) 100vw, 1212px\" \/><\/a><\/p>\n<h2><a name=\"calendario-feriados-2023\"><\/a><strong>Calend\u00e1rio de Feriados em Lisboa<\/strong><\/h2>\n<p>Se decidir visitar Lisboa em 2024 ou se trabalha e vive na capital de Portugal, <strong>\u00e9 fundamental estar a par de todos os feriados de Lisboa para 2024.\u00a0<\/strong><\/p>\n<p>Em primeiro lugar, temos os feriados nacionais obrigat\u00f3rios, que s\u00e3o os mesmos para todas as cidades do pa\u00eds. Para al\u00e9m dessas datas, existem os feriados exclusivos de cada regi\u00e3o, que s\u00f3 ocorrem em cidades espec\u00edficas.<\/p>\n<p><strong>Um dos feriados que n\u00e3o \u00e9 obrigat\u00f3rio, e sim facultativo, \u00e9 o Carnaval.<\/strong> Ainda que a cidade apresente comemora\u00e7\u00f5es e festas tem\u00e1ticas nesta data, nem todas as empresas consideram o dia como feriado. Por isso, \u00e9 necess\u00e1rio verificar a pol\u00edtica de f\u00e9rias, aus\u00eancias e folgas da sua empresa antes de come\u00e7ar a planear as folgas.<\/p>\n<p>Normalmente, o Governo portugu\u00eas oferece toler\u00e2ncia de ponto no dia de Carnaval, tal como aconteceu em mar\u00e7o de 2022 num <a href=\"https:\/\/www.portugal.gov.pt\/pt\/gc22\/comunicacao\/comunicado?i=tolerancia-de-ponto-no-dia-1-de-marco\" target=\"_blank\" rel=\"noopener\">comunicado<\/a> publicado pelo Governo.<\/p>\n<p>Entre feriados nacionais obrigat\u00f3rios, feriados regionais e feriados facultativos, muitos trabalhadores da cidade costumam aproveitar estes dias e tirar folga, para que possam aproveitar mais dias de descanso seguidos.<\/p>\n<p>Os feriados de Lisboa em 2024 ir\u00e3o ocorrer, principalmente, nos <strong>dias da semana<\/strong>. No entanto, quatro feriados de Lisboa em 2024 calham a um fim de semana. O ano de <strong>2024 tamb\u00e9m contar\u00e1 com muitas pontes<\/strong>, como por exemplo nos feriados do dia 25 de Abril e 30 de maio.<\/p>\n<h3><strong>\ud83d\udc49 Estes s\u00e3o os feriados em Lisboa (nacionais e regionais):<\/strong><\/h3>\n<table style=\"border-collapse: collapse; width: 100%; height: 384px;\">\n<tbody>\n<tr style=\"height: 27px;\">\n<td style=\"width: 395px; text-align: center; height: 27px;\"><span style=\"font-size: 14pt;\"><strong>Data<\/strong><\/span><\/td>\n<td style=\"width: 395px; text-align: center; height: 27px;\"><span style=\"font-size: 14pt;\"><strong>Feriado<\/strong><\/span><\/td>\n<\/tr>\n<tr style=\"height: 24px;\">\n<td style=\"width: 395px; height: 20px;\">1\u00b0 de Janeiro &#8211; Segunda-Feira<\/td>\n<td style=\"width: 395px; height: 20px;\">Ano Novo<\/td>\n<\/tr>\n<tr style=\"height: 24px;\">\n<td style=\"width: 395px; height: 24px;\">13 de Fevereiro &#8211; Ter\u00e7a-feira<\/td>\n<td style=\"width: 395px; height: 24px;\">Carnaval (facultativo)<\/td>\n<\/tr>\n<tr style=\"height: 24px;\">\n<td style=\"width: 395px; height: 25px;\">29 de Mar\u00e7o \u2013 Sexta-feira<\/td>\n<td style=\"width: 395px; height: 25px;\">Sexta-feira Santa<\/td>\n<\/tr>\n<tr style=\"height: 24px;\">\n<td style=\"width: 395px; height: 24px;\">31 de Mar\u00e7o \u2013 Domingo<\/td>\n<td style=\"width: 395px; height: 24px;\">P\u00e1scoa<\/td>\n<\/tr>\n<tr style=\"height: 24px;\">\n<td style=\"width: 395px; height: 24px;\">25 de Abril &#8211; Quinta-feira<\/td>\n<td style=\"width: 395px; height: 24px;\">Dia da Liberdade<\/td>\n<\/tr>\n<tr style=\"height: 24px;\">\n<td style=\"width: 395px; height: 24px;\">1\u00b0 de Maio &#8211; Quarta-feira<\/td>\n<td style=\"width: 395px; height: 24px;\">Dia do Trabalhador<\/td>\n<\/tr>\n<tr style=\"height: 24px;\">\n<td style=\"width: 395px; height: 24px;\">30 de Maio \u2013 Quinta-feira<\/td>\n<td style=\"width: 395px; height: 24px;\">Corpo de Deus<\/td>\n<\/tr>\n<tr style=\"height: 24px;\">\n<td style=\"width: 395px; height: 24px;\">10 de Junho &#8211; Segunda-feira<\/td>\n<td style=\"width: 395px; height: 24px;\">Dia de Portugal<\/td>\n<\/tr>\n<tr style=\"height: 24px;\">\n<td style=\"width: 395px; height: 24px;\">13 de Junho \u2013 Quinta-feira<\/td>\n<td style=\"width: 395px; height: 24px;\">Dia de Santo Ant\u00f3nio (regional)<\/td>\n<\/tr>\n<tr style=\"height: 24px;\">\n<td style=\"width: 395px; height: 24px;\">15 de Agosto \u2013 Quinta-feira<\/td>\n<td style=\"width: 395px; height: 24px;\">Assun\u00e7\u00e3o de Nossa Senhora<\/td>\n<\/tr>\n<tr style=\"height: 24px;\">\n<td style=\"width: 395px; height: 24px;\">5 de Outubro \u2013 S\u00e1bado<\/td>\n<td style=\"width: 395px; height: 24px;\">Implanta\u00e7\u00e3o da Rep\u00fablica<\/td>\n<\/tr>\n<tr style=\"height: 24px;\">\n<td style=\"width: 395px; height: 24px;\">1\u00b0 de Novembro \u2013 Sexta-feira<\/td>\n<td style=\"width: 395px; height: 24px;\">Dia de Todos os Santos<\/td>\n<\/tr>\n<tr style=\"height: 24px;\">\n<td style=\"width: 395px; height: 24px;\">1\u00b0 de Dezembro &#8211; Domingo<\/td>\n<td style=\"width: 395px; height: 24px;\">Restaura\u00e7\u00e3o da Independ\u00eancia<\/td>\n<\/tr>\n<tr style=\"height: 24px;\">\n<td style=\"width: 395px; height: 24px;\">8 de Dezembro &#8211; Domingo<\/td>\n<td style=\"width: 395px; height: 24px;\">Dia da Imaculada Concei\u00e7\u00e3o<\/td>\n<\/tr>\n<tr style=\"height: 24px;\">\n<td style=\"width: 395px; height: 24px;\">25 de Dezembro &#8211; Quarta-feira<\/td>\n<td style=\"width: 395px; height: 24px;\">Natal<\/td>\n<\/tr>\n<\/tbody>\n<\/table>\n<h3><a name=\"13-junho-lisboa\"><\/a><strong>13 de Junho: o feriado regional de Lisboa<\/strong><\/h3>\n<p>O feriado regional de Lisboa \u00e9 dia <strong>13 de Junho, que ser\u00e1 numa quinta-feira<\/strong> de 2024. Trata-se do dia de Santo Ant\u00f3nio, Santo padroeiro da cidade. Neste dia, as festividades ocorrem por toda a cidade. Ainda que o 10 de Junho, Dia de Portugal, ocorra na segunda-feira anterior, muitos lisboetas poder\u00e3o aproveitar esta semana para ir de f\u00e9rias, j\u00e1 que apenas necessitam de &#8220;tirar&#8221; 3 dias.<\/p>\n<p>A data \u00e9 marcada por <strong>marchas populares e pelos casamentos de Santo Ant\u00f3nio<\/strong>. Outra tradi\u00e7\u00e3o deste feriado \u00e9 enfeitar as casas e os bairros hist\u00f3ricos com cores coloridas e colocar manjericos nas janelas.<\/p>\n<p><strong><span style=\"color: #008000;\">\ud83d\udc49 <\/span>N\u00e3o sabe como gerir as f\u00e9rias e folgas de seus funcion\u00e1rios? <a href=\"https:\/\/factorialhr.pt\/blog\/guia-gestao-ferias-colaboradores\/\">Conhe\u00e7a aqui o nosso guia completo!<\/a><\/strong><\/p>\n<p><img decoding=\"async\" class=\"alignnone wp-image-76525\" src=\"https:\/\/factorialhr.pt\/wp-content\/uploads\/2022\/06\/16180053\/feriados-de-lisboa-2022-300x145.jpg\" alt=\"feriados-em-lisboa-2023\" width=\"712\" height=\"343\" srcset=\"https:\/\/factorialhr.pt\/wp-content\/uploads\/2022\/06\/16180053\/feriados-de-lisboa-2022-300x145.jpg 300w, https:\/\/factorialhr.pt\/wp-content\/uploads\/2022\/06\/16180053\/feriados-de-lisboa-2022-768x370.jpg 768w, https:\/\/factorialhr.pt\/wp-content\/uploads\/2022\/06\/16180053\/feriados-de-lisboa-2022.jpg 830w\" sizes=\"(max-width: 712px) 100vw, 712px\" \/><\/p>\n<h2><a name=\"calendario-empresarial\"><\/a>Calend\u00e1rio Empresarial 2024 para os RH<\/h2>\n<p>De forma a resumir os eventos e dias comemorativos do ano, decidimos criar um calend\u00e1rio empresarial para o departamento de recursos humanos. Neste calend\u00e1rio encontrar\u00e1\u00a0os\u00a0<strong>feriados nacionais e regionais<\/strong>\u00a0de Portugal, algumas\u00a0<strong>datas comemorativas<\/strong>, os maiores <strong>eventos de RH<\/strong> (e n\u00e3o s\u00f3) do ano, e <strong>datas comerciais e fiscais<\/strong> importantes.<\/p>\n<p><strong>Mantenha-se a par dos dias mais importantes de 2024, descarregando o calend\u00e1rio abaixo! \u2b07\ufe0f<\/strong><\/p>\n<p><a href=\"https:\/\/factorialhr.pt\/modelos\/calendario-empresarial-pt\"><img decoding=\"async\" class=\"alignnone wp-image-124621\" src=\"https:\/\/factorialhr.pt\/wp-content\/uploads\/2022\/04\/05183153\/Frame-34372-300x300.png\" alt=\"calend\u00e1rio 2024\" width=\"400\" height=\"400\" srcset=\"https:\/\/factorialhr.pt\/wp-content\/uploads\/2022\/04\/05183153\/Frame-34372-300x300.png 300w, https:\/\/factorialhr.pt\/wp-content\/uploads\/2022\/04\/05183153\/Frame-34372-150x150.png 150w, https:\/\/factorialhr.pt\/wp-content\/uploads\/2022\/04\/05183153\/Frame-34372-160x160.png 160w, https:\/\/factorialhr.pt\/wp-content\/uploads\/2022\/04\/05183153\/Frame-34372-80x80.png 80w, https:\/\/factorialhr.pt\/wp-content\/uploads\/2022\/04\/05183153\/Frame-34372.png 700w\" sizes=\"(max-width: 400px) 100vw, 400px\" \/><\/a><\/p>\n<h2><a name=\"ferias-feriados-ausencias\"><\/a><strong>Como otimizar a gest\u00e3o de f\u00e9rias, feriados e aus\u00eancias das suas equipas?<\/strong><\/h2>\n<p>Com tantos feriados ao longo do ano, muitos colaboradores querem pedir folga ao mesmo tempo, com o objetivo de garantir folgas ou fins de semana prolongados, dependendo do caso. <strong>Gerir todos estes pedidos pode ser bastante confuso para os gestores e para o RH.<\/strong><\/p>\n<p>Para que as equipas consigam organizar-se sem prejudicar o departamento ou entregas, \u00e9 fundamental contar com <strong>recursos que ajudem a organizar e visualizar as f\u00e9rias e folgas de todos<\/strong>. E n\u00f3s temos a solu\u00e7\u00e3o certa para si! \u2b07\ufe0f<\/p>\n<p class=\"p1\"> \n <!--HubSpot Call-to-Action Code -->\n    <span class=\"hs-cta-wrapper\" id=\"hs-cta-wrapper-8a078c46-4374-447b-8ef7-be7fde892d80\">\n        <span class=\"hs-cta-node hs-cta-8a078c46-4374-447b-8ef7-be7fde892d80\" id=\"8a078c46-4374-447b-8ef7-be7fde892d80\">\n            <a href=\"https:\/\/cta-redirect.hubspot.com\/cta\/redirect\/4960096\/8a078c46-4374-447b-8ef7-be7fde892d80\">\n                <img decoding=\"async\" class=\"lazyload hs-cta-img\" id=\"hs-cta-img-8a078c46-4374-447b-8ef7-be7fde892d80\" style=\"border-width:0px;\" src=\"https:\/\/no-cache.hubspot.com\/cta\/default\/4960096\/8a078c46-4374-447b-8ef7-be7fde892d80.png\"  alt=\"ferias ausencias rh\" width=\"900\" height=\"308\" \/>\n            <\/a>\n        <\/span>\n        <script type=\"text\/javascript\">\n            function loadCTA(){\n                window.hbspt.cta.load(4960096, '8a078c46-4374-447b-8ef7-be7fde892d80', {'region': 'eu1'})\n            }\n            if(window.hbspt){\n                loadCTA()\n            }else{\n                Defer.js(\n                    'https:\/\/js.hubspot.com\/cta\/current.js',\n                    'hubspotCTA', \n                    0, \n                    loadCTA\n                );\n            }\n        <\/script>\n    <\/span>\n<!-- end HubSpot Call-to-Action Code -->\n<\/p>\n<h3>Como a tecnologia pode ajudar na gest\u00e3o de aus\u00eancias?<\/h3>\n<p>Com a <strong>Factorial<\/strong>, o nosso <strong><a href=\"https:\/\/factorialhr.pt\/software-de-recursos-humanos\">software de Recursos Humanos<\/a>,<\/strong>\u00a0<strong>os colaboradores podem solicitar f\u00e9rias, folgas<\/strong> e at\u00e9 avisar sobre baixas m\u00e9dicas, mesmo quando n\u00e3o est\u00e3o no escrit\u00f3rio. Al\u00e9m disso, poder\u00e3o faz\u00ea-lo a qualquer momento e a partir de qualquer lugar.<\/p>\n<p>J\u00e1 os gestores poder\u00e3o <strong>ver todas as aus\u00eancias a partir de uma s\u00f3 plataforma e em tempo real<\/strong> no calend\u00e1rio da equipa. Para al\u00e9m disso, podem <strong>aprovar ou rejeitar as solicita\u00e7\u00f5es<\/strong> dos colaboradores.<\/p>\n<p>\ud83d\udca1 Aconselhamo-lo que experimente por si mesmo! E, se n\u00e3o for gestor na sua empresa, apresente esta solu\u00e7\u00e3o ao seu manager e pe\u00e7a-lhe para <a href=\"https:\/\/factorialhr.pt\/get-started\">experimentar a Factorial gr\u00e1tis, durante 14 dias aqui<\/a>! Pode, tamb\u00e9m, <a href=\"https:\/\/factorialhr.pt\/solicitar-demonstracao\">marcar uma demonstra\u00e7\u00e3o do software<\/a> com um dos nossos consultores que lhe apresentar\u00e1 as funcionalidades que necessita. \ud83d\udca1<\/p>\n","protected":false},"excerpt":{"rendered":"<p>Seja para planear o ano da sua empresa ou verificar quantos dias ter\u00e3o os seus funcion\u00e1rios de folga, saber quando s\u00e3o os feriados em Portugal e especificamente os feriados em Lisboa em 2024 \u00e9 essencial. Para um ano mais organizado, verifique quais s\u00e3o os principais feriados de Lisboa e marque no calend\u00e1rio os dias de<a href=\"https:\/\/factorialhr.pt\/blog\/feriados-de-lisboa\/\" class=\"read-more\"> [&#8230;]<\/a><\/p>\n","protected":false},"author":123,"featured_media":76523,"comment_status":"closed","ping_status":"closed","sticky":false,"template":"","format":"standard","meta":{"_acf_changed":false,"footnotes":""},"categories":[397],"tags":[],"class_list":["post-76456","post","type-post","status-publish","format-standard","has-post-thumbnail","hentry","category-gestao-de-tempo"],"acf":{"topics":"time-time-off"},"yoast_head":"<!-- This site is optimized with the Yoast SEO Premium plugin v21.5 (Yoast SEO v21.9.1) - https:\/\/yoast.com\/wordpress\/plugins\/seo\/ -->\n<title>Feriados Lisboa 2024: calend\u00e1rio completo + PDF<\/title>\n<meta name=\"description\" content=\"Consulte o calend\u00e1rio completo dos feriados de Lisboa em 2024 e descarregue o ficheiro PDF gratuito.\" \/>\n<meta name=\"robots\" content=\"index, follow, max-snippet:-1, max-image-preview:large, max-video-preview:-1\" \/>\n<link rel=\"canonical\" href=\"https:\/\/factorialhr.pt\/blog\/feriados-de-lisboa\/\" \/>\n<meta property=\"og:locale\" content=\"pt_PT\" \/>\n<meta property=\"og:type\" content=\"article\" \/>\n<meta property=\"og:title\" content=\"Feriados em Lisboa: calend\u00e1rio completo para a sua empresa\" \/>\n<meta property=\"og:description\" content=\"Consulte o calend\u00e1rio completo dos feriados de Lisboa em 2024 e descarregue o ficheiro PDF gratuito.\" \/>\n<meta property=\"og:url\" content=\"https:\/\/factorialhr.pt\/blog\/feriados-de-lisboa\/\" \/>\n<meta property=\"og:site_name\" content=\"Factorial\" \/>\n<meta property=\"article:publisher\" content=\"https:\/\/www.facebook.com\/people\/Factorial\/100064908455810\/\" \/>\n<meta property=\"article:published_time\" content=\"2022-06-16T16:03:18+00:00\" \/>\n<meta property=\"article:modified_time\" content=\"2025-06-11T15:39:31+00:00\" \/>\n<meta property=\"og:image\" content=\"https:\/\/factorialhr.pt\/wp-content\/uploads\/2022\/06\/16180004\/feriados-de-lisboa.jpg\" \/>\n\t<meta property=\"og:image:width\" content=\"1112\" \/>\n\t<meta property=\"og:image:height\" content=\"625\" \/>\n\t<meta property=\"og:image:type\" content=\"image\/jpeg\" \/>\n<meta name=\"author\" content=\"Catarina Valente\" \/>\n<meta name=\"twitter:card\" content=\"summary_large_image\" \/>\n<meta name=\"twitter:creator\" content=\"@factorialapp\" \/>\n<meta name=\"twitter:site\" content=\"@factorialapp\" \/>\n<meta name=\"twitter:label1\" content=\"Written by\" \/>\n\t<meta name=\"twitter:data1\" content=\"Catarina Valente\" \/>\n\t<meta name=\"twitter:label2\" content=\"Est. reading time\" \/>\n\t<meta name=\"twitter:data2\" content=\"6 minutos\" \/>\n<script type=\"application\/ld+json\" class=\"yoast-schema-graph\">{\"@context\":\"https:\/\/schema.org\",\"@graph\":[{\"@type\":\"Article\",\"@id\":\"https:\/\/factorialhr.pt\/blog\/feriados-de-lisboa\/#article\",\"isPartOf\":{\"@id\":\"https:\/\/factorialhr.pt\/blog\/feriados-de-lisboa\/\"},\"author\":{\"name\":\"Catarina Valente\",\"@id\":\"https:\/\/factorialhr.pt\/blog\/#\/schema\/person\/521c58d2f0b80ec653af16517dfe7bc1\"},\"headline\":\"Feriados em Lisboa: calend\u00e1rio completo para a sua empresa\",\"datePublished\":\"2022-06-16T16:03:18+00:00\",\"dateModified\":\"2025-06-11T15:39:31+00:00\",\"mainEntityOfPage\":{\"@id\":\"https:\/\/factorialhr.pt\/blog\/feriados-de-lisboa\/\"},\"wordCount\":1072,\"publisher\":{\"@id\":\"https:\/\/factorialhr.pt\/blog\/#organization\"},\"articleSection\":[\"Gest\u00e3o de Tempo\"],\"inLanguage\":\"pt-PT\"},{\"@type\":\"WebPage\",\"@id\":\"https:\/\/factorialhr.pt\/blog\/feriados-de-lisboa\/\",\"url\":\"https:\/\/factorialhr.pt\/blog\/feriados-de-lisboa\/\",\"name\":\"Feriados Lisboa 2024: calend\u00e1rio completo + PDF\",\"isPartOf\":{\"@id\":\"https:\/\/factorialhr.pt\/blog\/#website\"},\"datePublished\":\"2022-06-16T16:03:18+00:00\",\"dateModified\":\"2025-06-11T15:39:31+00:00\",\"description\":\"Consulte o calend\u00e1rio completo dos feriados de Lisboa em 2024 e descarregue o ficheiro PDF gratuito.\",\"inLanguage\":\"pt-PT\",\"potentialAction\":[{\"@type\":\"ReadAction\",\"target\":[\"https:\/\/factorialhr.pt\/blog\/feriados-de-lisboa\/\"]}]},{\"@type\":\"WebSite\",\"@id\":\"https:\/\/factorialhr.pt\/blog\/#website\",\"url\":\"https:\/\/factorialhr.pt\/blog\/\",\"name\":\"Factorial\",\"description\":\"\",\"publisher\":{\"@id\":\"https:\/\/factorialhr.pt\/blog\/#organization\"},\"potentialAction\":[{\"@type\":\"SearchAction\",\"target\":{\"@type\":\"EntryPoint\",\"urlTemplate\":\"https:\/\/factorialhr.pt\/blog\/?s={search_term_string}\"},\"query-input\":\"required name=search_term_string\"}],\"inLanguage\":\"pt-PT\"},{\"@type\":\"Organization\",\"@id\":\"https:\/\/factorialhr.pt\/blog\/#organization\",\"name\":\"All-in-one business management software - Factorial\",\"url\":\"https:\/\/factorialhr.pt\/blog\/\",\"logo\":{\"@type\":\"ImageObject\",\"inLanguage\":\"pt-PT\",\"@id\":\"https:\/\/factorialhr.pt\/blog\/#\/schema\/logo\/image\/\",\"url\":\"https:\/\/factorialhr.pt\/wp-content\/uploads\/2023\/07\/18155144\/factorial-logo.png\",\"contentUrl\":\"https:\/\/factorialhr.pt\/wp-content\/uploads\/2023\/07\/18155144\/factorial-logo.png\",\"width\":946,\"height\":880,\"caption\":\"All-in-one business management software - Factorial\"},\"image\":{\"@id\":\"https:\/\/factorialhr.pt\/blog\/#\/schema\/logo\/image\/\"},\"sameAs\":[\"https:\/\/www.facebook.com\/people\/Factorial\/100064908455810\/\",\"https:\/\/twitter.com\/factorialapp\",\"https:\/\/www.linkedin.com\/company\/factorialhr\",\"https:\/\/www.youtube.com\/@factorialmedia\",\"https:\/\/www.instagram.com\/factorial\/#\"]},{\"@type\":\"Person\",\"@id\":\"https:\/\/factorialhr.pt\/blog\/#\/schema\/person\/521c58d2f0b80ec653af16517dfe7bc1\",\"name\":\"Catarina Valente\",\"image\":{\"@type\":\"ImageObject\",\"inLanguage\":\"pt-PT\",\"@id\":\"https:\/\/factorialhr.pt\/blog\/#\/schema\/person\/image\/\",\"url\":\"https:\/\/secure.gravatar.com\/avatar\/8c3e0113f427045ba45202d3a4a0d33e?s=96&d=identicon&r=g\",\"contentUrl\":\"https:\/\/secure.gravatar.com\/avatar\/8c3e0113f427045ba45202d3a4a0d33e?s=96&d=identicon&r=g\",\"caption\":\"Catarina Valente\"},\"description\":\"A Catarina \u00e9 a Content Specialist da Factorial para o mercado portugu\u00eas. Com um mestrado em Gest\u00e3o de Marketing, iniciou a sua carreira profissional na Factorial, com o intuito de aprender mais sobre Inbound Marketing e Recursos Humanos. O seu objetivo \u00e9 trazer conte\u00fado interessante e atualizado aos leitores!\",\"sameAs\":[\"https:\/\/www.linkedin.com\/in\/catarinafvalente\/\"],\"url\":\"https:\/\/factorialhr.pt\/blog\/author\/catarina\/\"}]}<\/script>\n<!-- \/ Yoast SEO Premium plugin. -->","yoast_head_json":{"title":"Feriados Lisboa 2024: calend\u00e1rio completo + PDF","description":"Consulte o calend\u00e1rio completo dos feriados de Lisboa em 2024 e descarregue o ficheiro PDF gratuito.","robots":{"index":"index","follow":"follow","max-snippet":"max-snippet:-1","max-image-preview":"max-image-preview:large","max-video-preview":"max-video-preview:-1"},"canonical":"https:\/\/factorialhr.pt\/blog\/feriados-de-lisboa\/","og_locale":"pt_PT","og_type":"article","og_title":"Feriados em Lisboa: calend\u00e1rio completo para a sua empresa","og_description":"Consulte o calend\u00e1rio completo dos feriados de Lisboa em 2024 e descarregue o ficheiro PDF gratuito.","og_url":"https:\/\/factorialhr.pt\/blog\/feriados-de-lisboa\/","og_site_name":"Factorial","article_publisher":"https:\/\/www.facebook.com\/people\/Factorial\/100064908455810\/","article_published_time":"2022-06-16T16:03:18+00:00","article_modified_time":"2025-06-11T15:39:31+00:00","og_image":[{"width":1112,"height":625,"url":"https:\/\/factorialhr.pt\/wp-content\/uploads\/2022\/06\/16180004\/feriados-de-lisboa.jpg","type":"image\/jpeg"}],"author":"Catarina Valente","twitter_card":"summary_large_image","twitter_creator":"@factorialapp","twitter_site":"@factorialapp","twitter_misc":{"Written by":"Catarina Valente","Est. reading time":"6 minutos"},"schema":{"@context":"https:\/\/schema.org","@graph":[{"@type":"Article","@id":"https:\/\/factorialhr.pt\/blog\/feriados-de-lisboa\/#article","isPartOf":{"@id":"https:\/\/factorialhr.pt\/blog\/feriados-de-lisboa\/"},"author":{"name":"Catarina Valente","@id":"https:\/\/factorialhr.pt\/blog\/#\/schema\/person\/521c58d2f0b80ec653af16517dfe7bc1"},"headline":"Feriados em Lisboa: calend\u00e1rio completo para a sua empresa","datePublished":"2022-06-16T16:03:18+00:00","dateModified":"2025-06-11T15:39:31+00:00","mainEntityOfPage":{"@id":"https:\/\/factorialhr.pt\/blog\/feriados-de-lisboa\/"},"wordCount":1072,"publisher":{"@id":"https:\/\/factorialhr.pt\/blog\/#organization"},"articleSection":["Gest\u00e3o de Tempo"],"inLanguage":"pt-PT"},{"@type":"WebPage","@id":"https:\/\/factorialhr.pt\/blog\/feriados-de-lisboa\/","url":"https:\/\/factorialhr.pt\/blog\/feriados-de-lisboa\/","name":"Feriados Lisboa 2024: calend\u00e1rio completo + PDF","isPartOf":{"@id":"https:\/\/factorialhr.pt\/blog\/#website"},"datePublished":"2022-06-16T16:03:18+00:00","dateModified":"2025-06-11T15:39:31+00:00","description":"Consulte o calend\u00e1rio completo dos feriados de Lisboa em 2024 e descarregue o ficheiro PDF gratuito.","inLanguage":"pt-PT","potentialAction":[{"@type":"ReadAction","target":["https:\/\/factorialhr.pt\/blog\/feriados-de-lisboa\/"]}]},{"@type":"WebSite","@id":"https:\/\/factorialhr.pt\/blog\/#website","url":"https:\/\/factorialhr.pt\/blog\/","name":"Factorial","description":"","publisher":{"@id":"https:\/\/factorialhr.pt\/blog\/#organization"},"potentialAction":[{"@type":"SearchAction","target":{"@type":"EntryPoint","urlTemplate":"https:\/\/factorialhr.pt\/blog\/?s={search_term_string}"},"query-input":"required name=search_term_string"}],"inLanguage":"pt-PT"},{"@type":"Organization","@id":"https:\/\/factorialhr.pt\/blog\/#organization","name":"All-in-one business management software - Factorial","url":"https:\/\/factorialhr.pt\/blog\/","logo":{"@type":"ImageObject","inLanguage":"pt-PT","@id":"https:\/\/factorialhr.pt\/blog\/#\/schema\/logo\/image\/","url":"https:\/\/factorialhr.pt\/wp-content\/uploads\/2023\/07\/18155144\/factorial-logo.png","contentUrl":"https:\/\/factorialhr.pt\/wp-content\/uploads\/2023\/07\/18155144\/factorial-logo.png","width":946,"height":880,"caption":"All-in-one business management software - Factorial"},"image":{"@id":"https:\/\/factorialhr.pt\/blog\/#\/schema\/logo\/image\/"},"sameAs":["https:\/\/www.facebook.com\/people\/Factorial\/100064908455810\/","https:\/\/twitter.com\/factorialapp","https:\/\/www.linkedin.com\/company\/factorialhr","https:\/\/www.youtube.com\/@factorialmedia","https:\/\/www.instagram.com\/factorial\/#"]},{"@type":"Person","@id":"https:\/\/factorialhr.pt\/blog\/#\/schema\/person\/521c58d2f0b80ec653af16517dfe7bc1","name":"Catarina Valente","image":{"@type":"ImageObject","inLanguage":"pt-PT","@id":"https:\/\/factorialhr.pt\/blog\/#\/schema\/person\/image\/","url":"https:\/\/secure.gravatar.com\/avatar\/8c3e0113f427045ba45202d3a4a0d33e?s=96&d=identicon&r=g","contentUrl":"https:\/\/secure.gravatar.com\/avatar\/8c3e0113f427045ba45202d3a4a0d33e?s=96&d=identicon&r=g","caption":"Catarina Valente"},"description":"A Catarina \u00e9 a Content Specialist da Factorial para o mercado portugu\u00eas. Com um mestrado em Gest\u00e3o de Marketing, iniciou a sua carreira profissional na Factorial, com o intuito de aprender mais sobre Inbound Marketing e Recursos Humanos. O seu objetivo \u00e9 trazer conte\u00fado interessante e atualizado aos leitores!","sameAs":["https:\/\/www.linkedin.com\/in\/catarinafvalente\/"],"url":"https:\/\/factorialhr.pt\/blog\/author\/catarina\/"}]}},"_links":{"self":[{"href":"https:\/\/factorialhr.pt\/blog\/wp-json\/wp\/v2\/posts\/76456"}],"collection":[{"href":"https:\/\/factorialhr.pt\/blog\/wp-json\/wp\/v2\/posts"}],"about":[{"href":"https:\/\/factorialhr.pt\/blog\/wp-json\/wp\/v2\/types\/post"}],"author":[{"embeddable":true,"href":"https:\/\/factorialhr.pt\/blog\/wp-json\/wp\/v2\/users\/123"}],"replies":[{"embeddable":true,"href":"https:\/\/factorialhr.pt\/blog\/wp-json\/wp\/v2\/comments?post=76456"}],"version-history":[{"count":18,"href":"https:\/\/factorialhr.pt\/blog\/wp-json\/wp\/v2\/posts\/76456\/revisions"}],"predecessor-version":[{"id":161145,"href":"https:\/\/factorialhr.pt\/blog\/wp-json\/wp\/v2\/posts\/76456\/revisions\/161145"}],"wp:featuredmedia":[{"embeddable":true,"href":"https:\/\/factorialhr.pt\/blog\/wp-json\/wp\/v2\/media\/76523"}],"wp:attachment":[{"href":"https:\/\/factorialhr.pt\/blog\/wp-json\/wp\/v2\/media?parent=76456"}],"wp:term":[{"taxonomy":"category","embeddable":true,"href":"https:\/\/factorialhr.pt\/blog\/wp-json\/wp\/v2\/categories?post=76456"},{"taxonomy":"post_tag","embeddable":true,"href":"https:\/\/factorialhr.pt\/blog\/wp-json\/wp\/v2\/tags?post=76456"}],"curies":[{"name":"wp","href":"https:\/\/api.w.org\/{rel}","templated":true}]}}