{"id":81264,"date":"2022-08-26T14:07:21","date_gmt":"2022-08-26T12:07:21","guid":{"rendered":"https:\/\/factorialhr.com\/blog\/?p=81264"},"modified":"2026-03-31T15:20:46","modified_gmt":"2026-03-31T13:20:46","slug":"banco-de-horas-em-portugal","status":"publish","type":"post","link":"https:\/\/factorialhr.pt\/blog\/banco-de-horas-em-portugal\/","title":{"rendered":"Banco de horas: como funciona e quais as diferentes modalidades"},"content":{"rendered":"<p>O <strong>banco de horas em Portugal<\/strong> \u00e9 um mecanismo de flexibilidade previsto no C\u00f3digo do Trabalho, que permite ajustar os per\u00edodos de trabalho \u00e0s necessidades da empresa e do pessoal.<\/p>\n<p>Este sistema, que se desdobra em diferentes modalidades, tem sido alvo de atualiza\u00e7\u00f5es legislativas importantes, incluindo propostas de altera\u00e7\u00e3o em 2026. Neste artigo, explicamos <strong>como funciona, quais os limites legais e como pode gerir o banco de horas<\/strong> na sua empresa de forma eficiente e em conformidade com a lei.<\/p>\n<h2>Pontos-chave<\/h2>\n<ul>\n<li><strong>O que \u00e9:<\/strong> O banco de horas \u00e9 um sistema de compensa\u00e7\u00e3o em que as horas de trabalho adicionais s\u00e3o convertidas em tempo de descanso (dias de f\u00e9rias ou redu\u00e7\u00e3o de hor\u00e1rio) em vez de pagamento como horas extraordin\u00e1rias.<\/li>\n<li><strong>Legisla\u00e7\u00e3o:<\/strong> \u00c9 regulado pelos artigos 208.\u00ba (regulamenta\u00e7\u00e3o coletiva) e 208.\u00ba-B (grupal) do C\u00f3digo do Trabalho, com propostas de altera\u00e7\u00e3o em discuss\u00e3o em 2026 para reintroduzir uma modalidade por acordo individual.<\/li>\n<li><strong>Limites (Coletivo):<\/strong> O aumento pode ir at\u00e9 4 horas\/dia e 60 horas\/semana, com um limite anual de 200 horas, segundo o Di\u00e1rio da Rep\u00fablica <a class=\"citation\" contenteditable=\"false\" href=\"https:\/\/diariodarepublica.pt\/dr\/lexionario\/termo\/banco-horas-por-regulamentacao-coletiva\" target=\"_blank\" rel=\"noopener noreferrer\">[2]<\/a>.<\/li>\n<li><strong>Limites (Grupal):<\/strong> O aumento est\u00e1 limitado a 2 horas\/dia e 50 horas\/semana, com um teto anual de 150 horas, exigindo aprova\u00e7\u00e3o de 65% dos trabalhadores, conforme o Di\u00e1rio da Rep\u00fablica <a class=\"citation\" contenteditable=\"false\" href=\"https:\/\/diariodarepublica.pt\/dr\/lexionario\/termo\/banco-horas-grupal\" target=\"_blank\" rel=\"noopener noreferrer\">[5]<\/a>.<\/li>\n<\/ul>\n<p><strong>Tabela de Conte\u00fados:<\/strong><\/p>\n<ul>\n<li style=\"list-style-type: none;\">\n<ul>\n<li><a href=\"#o-que-e-o-banco-de-horas-de-trabalho\">O que \u00e9 o banco de horas de trabalho<\/a><\/li>\n<li><a href=\"#banco-de-horas-como-funciona\">Banco de horas: como funciona<\/a><\/li>\n<li><a href=\"https:\/\/factorialhr.pt\/gestao-turnos\">\ud83d\udc49 Factorial: como organizar o banco de horas num software? [+ v\u00eddeo]<\/a>\n<ul>\n<li><a href=\"https:\/\/factorialhr.pt\/\" target=\"_blank\" rel=\"noopener\">Testar gratuitamente<\/a><\/li>\n<\/ul>\n<\/li>\n<li><a href=\"#importancia-do-banco-de-horas\">Import\u00e2ncia de fazer um banco de horas<\/a><\/li>\n<li><a href=\"#modalidades-atuais\">Modalidades\u00a0<\/a><\/li>\n<\/ul>\n<\/li>\n<\/ul>\n<div class=\"factorial-banner inline-banner banner-demo category-gestao-de-tempo\"\n    data-banner-id=\"172331\"\n    data-banner-type=\"demo\"\n    data-category=\"Gest\u00e3o de Tempo\">\n    <div class=\"banner-content\">\n        <div class=\"banner-text\">\n                            <h4>Software de Gest\u00e3o de Tempo<\/h4>\n            \n                            <p>Gest\u00e3o de tempo, turnos e aus\u00eancias da sua equipa de forma f\u00e1cil e eficiente.<\/p>\n            \n                            <a href=\"https:\/\/factorialhr.pt\/get-started\"\n                    class=\"factorial-cta-button not-prose demo btn-brand\" data-cta=\"demo\" data-cta-position=\"inline-banner\">\n                    Experimente Gr\u00e1tis                <\/a>\n                    <\/div>\n\n        <div class=\"banner-image has-image\">\n            <img decoding=\"async\" src=\"https:\/\/factorialhr.com\/wp-content\/uploads\/2025\/11\/03162217\/Group-427319437.png\" class=\"not-prose\" \/>\n        <\/div>\n    <\/div>\n<\/div>\n<h2 id=\"o-que-e-o-banco-de-horas-de-trabalho\">O que \u00e9 o banco de horas de trabalho<\/h2>\n<p>De forma bastante resumida e simples, o banco de horas consiste em <strong>adicionar horas de trabalho ao <a href=\"https:\/\/factorialhr.pt\/blog\/horario-trabalho-regras\/\" target=\"_self\" rel=\"noopener\">per\u00edodo laboral<\/a> normal<\/strong>. Podem ser adicionadas horas ao hor\u00e1rio di\u00e1rio ou ao hor\u00e1rio semanal.<\/p>\n<p>A particularidade \u00e9 que estas horas adicionadas <strong>n\u00e3o s\u00e3o consideradas horas extra<\/strong>. Consequentemente, n\u00e3o s\u00e3o contabilizadas, nem remuneradas, como tempo extraordin\u00e1rio de trabalho. Ao inv\u00e9s de serem pagas, estas horas ou tempo adicional \u00e9 compensado em dias de f\u00e9rias ou de descanso, dos quais os trabalhadores podem usufruir.<\/p>\n<p>Os bancos de horas apresentam-se, assim, como <strong>uma alternativa vi\u00e1vel ao regime de <a href=\"https:\/\/factorialhr.pt\/blog\/horas-extraordinarias-planilha\/\" target=\"_self\" rel=\"noopener\">horas extraordin\u00e1rias<\/a><\/strong>.<\/p>\n<p>Em suma, este regime serve, fundamentalmente, para a acumula\u00e7\u00e3o de horas extras, permitindo maior flexibilidade a empregadores e trabalhadores. E, ao ser um regime de organiza\u00e7\u00e3o do tempo mais flex\u00edvel, permite otimizar facilmente a gest\u00e3o do tempo laboral.<\/p>\n<p>Agora que j\u00e1 sabe o que \u00e9, passamos a mostrar como funciona o banco de horas de trabalho.<\/p>\n<p><strong>\ud83d\udc49 <a href=\"https:\/\/factorialhr.pt\/blog\/flexibilidade-no-trabalho\/\" target=\"_self\" rel=\"noopener\">Leia mais sobre a flexibilidade no trabalho: benef\u00edcios para atrair e reter talento<\/a><\/strong><\/p>\n<p>Poupe tempo e aumente a produtividade com <a href=\"https:\/\/factorialhr.pt\/\" target=\"_self\" rel=\"noopener\">software de gest\u00e3o empresarial.\ud83d\udc47<\/a><\/p>\n<h2 id=\"banco-de-horas-como-funciona\">Banco de horas: como funciona<\/h2>\n<p>Este regime pode ser implementado em qualquer empresa dos setores p\u00fablico ou privado para dar resposta a necessidades de trabalho excecionais e tempor\u00e1rias. \u00c9 crucial entender que o banco de horas n\u00e3o deve ser uma pr\u00e1tica cont\u00ednua, mas sim uma <strong>ferramenta para ser usada durante um per\u00edodo limitado e estritamente necess\u00e1rio<\/strong> para responder a picos de produ\u00e7\u00e3o ou flutua\u00e7\u00f5es de procura <a class=\"citation\" contenteditable=\"false\" href=\"https:\/\/www.efacont.pt\/banco-de-horas-como-funciona\/\" target=\"_blank\" rel=\"noopener noreferrer\">[3]<\/a>.<\/p>\n<p>A legisla\u00e7\u00e3o determina o n\u00famero de horas de trabalho que podem ser acrescentadas ao per\u00edodo laboral previamente definido. Este acr\u00e9scimo pode ser considerado ao dia ou \u00e0 semana e tem um limite anual. Por seu turno, o n\u00famero de horas varia consoante a modalidade de banco, algo de que falaremos mais \u00e0 frente.<\/p>\n<p>De acordo com o <a href=\"https:\/\/dre.pt\/dre\/legislacao-consolidada\/lei\/2009-34546475-124448618\" target=\"_blank\" rel=\"noopener\">artigo 208.\u00ba do C\u00f3digo do Trabalho<\/a>, a <strong>compensa\u00e7\u00e3o<\/strong> do trabalho prestado sob a figura do banco de horas pode ser feita de <strong>tr\u00eas formas diferentes<\/strong>:<\/p>\n<ol>\n<li>As horas adicionadas podem ser compensadas havendo uma <strong>redu\u00e7\u00e3o<\/strong> equivalente do tempo de trabalho;<\/li>\n<li>Podem ser traduzidas ainda num <strong>aumento do per\u00edodo de f\u00e9rias<\/strong>, talvez a forma mais comum;<\/li>\n<li>Em algumas outras situa\u00e7\u00f5es, podem, contudo, ser compensadas na forma de <strong>pagamento em dinheiro<\/strong>.<\/li>\n<\/ol>\n<p>De salientar que o banco de horas de trabalho n\u00e3o pode ser imposto unilateralmente pela entidade empregadora.<\/p>\n<p>Todas as suas particularidades encontram-se definidas no C\u00f3digo do Trabalho. A Lei n.\u00ba 93\/2019, de 4 de setembro, introduziu altera\u00e7\u00f5es significativas, nomeadamente a extin\u00e7\u00e3o do banco de horas individual.<\/p>\n<p>Mais recentemente, o Governo apresentou propostas para uma nova reforma da lei laboral que visam reintroduzir uma modalidade de banco de horas por acordo <a class=\"citation\" contenteditable=\"false\" href=\"https:\/\/eco.sapo.pt\/2026\/03\/26\/nova-proposta-para-a-lei-laboral-governo-reve-regras-para-contratos-a-prazo\/\" target=\"_blank\" rel=\"noopener noreferrer\">[1]<\/a>.<\/p>\n<p><strong>\ud83d\udca1 <a href=\"https:\/\/factorialhr.pt\/relogio-ponto\" target=\"_self\" rel=\"noopener\">Conhe\u00e7a a nossa funcionalidade de Rel\u00f3gio de Ponto<\/a>. Simplifique a gest\u00e3o do tempo dos seus colaboradores!<\/strong><\/p>\n<h2 id=\"factorial-como-organizar-o-banco-de-horas-com-um-software\">Factorial: como organizar o banco de horas com um software?<\/h2>\n<p>Organizar o banco de horas \u00e9 um processo complexo. Exige lidar como in\u00fameros dados, poder\u00e1 consumir bastantes recursos e, consequentemente, \u00e9 propenso a que ocorram erros.<\/p>\n<p>Contudo, <strong>recorrendo a um software, tudo fica substancialmente mais f\u00e1cil<\/strong>. Os erros s\u00e3o minimizados, os recursos otimizados e os dados processados muito mais rapidamente.<\/p>\n<p>O <a href=\"https:\/\/factorialhr.pt\/software-de-recursos-humanos\" target=\"_self\" rel=\"noopener\">software de gest\u00e3o de RH da Factorial<\/a> ser\u00e1 o seu parceiro n\u00famero um nesta tarefa. Com a sua ajuda poder\u00e1 organizar todas as informa\u00e7\u00f5es e dados importantes, que v\u00e3o ser valiosos na hora de fazer um banco de horas.<\/p>\n<p>Adicionalmente, atrav\u00e9s das funcionalidade de <a href=\"https:\/\/factorialhr.pt\/software-gestao-ausencias\" target=\"_self\" rel=\"noopener\">gest\u00e3o de f\u00e9rias e aus\u00eancias<\/a> e <a href=\"https:\/\/factorialhr.pt\/relogio-ponto\" target=\"_self\" rel=\"noopener\">rel\u00f3gio de ponto digital<\/a>, conseguir\u00e1 atribuir dias de f\u00e9rias por horas extra trabalhadas, de forma muito f\u00e1cil e autom\u00e1tica. A Beatriz mostra-lhe como no v\u00eddeo abaixo:<\/p>\n<p><iframe src=\"\/\/www.youtube.com\/embed\/ufjsBgLCYk0\" width=\"480\" height=\"360\" frameborder=\"0\" allowfullscreen=\"allowfullscreen\" data-mce-fragment=\"1\"><\/iframe><\/p>\n<p><strong>Usando esta ferramenta poder\u00e1:<\/strong><\/p>\n<ul>\n<li>Atualizar o hor\u00e1rio da equipa, com livre acesso a todos os colaboradores;<\/li>\n<li>Monitorizar e <a href=\"https:\/\/factorialhr.pt\/gestao-turnos\" target=\"_self\" rel=\"noopener\">gerir de turnos<\/a>, de forma eficiente e transparente;<\/li>\n<li>Fazer o controlo do <a href=\"https:\/\/factorialhr.pt\/relogio-ponto\" target=\"_self\" rel=\"noopener\">registo de ponto<\/a> a partir de qualquer lugar;<\/li>\n<li>Registar e consultar <a href=\"https:\/\/factorialhr.pt\/software-gestao-ausencias\" target=\"_self\" rel=\"noopener\">faltas, f\u00e9rias e aus\u00eancias<\/a>.<\/li>\n<\/ul>\n<p><strong>Mas poder\u00e1 igualmente fazer todo o tipo de gest\u00e3o de RH, incluindo:<\/strong><\/p>\n<ul>\n<li>Lan\u00e7ar e partilhar <a href=\"https:\/\/factorialhr.pt\/recibos-de-vencimento\" target=\"_self\" rel=\"noopener\">folhas de pagamento<\/a> em apenas alguns cliques;<\/li>\n<li>Acompanhar os processos de <a href=\"https:\/\/factorialhr.pt\/software-recrutamento\" target=\"_self\" rel=\"noopener\">recrutamento e sele\u00e7\u00e3o<\/a> numa \u00fanica plataforma;<\/li>\n<li>Implementar um <a href=\"https:\/\/factorialhr.pt\/portal-colaborador\" target=\"_self\" rel=\"noopener\">Portal do Colaborador<\/a>, sempre atualizado;<\/li>\n<li>Gerir todo o ecossistema de<a href=\"https:\/\/factorialhr.pt\/avaliacao-desempenho\" target=\"_self\" rel=\"noopener\"> avalia\u00e7\u00e3o de desempenho<\/a>, num \u00fanico programa;<\/li>\n<li>Organizar a <a href=\"https:\/\/factorialhr.pt\/gestao-formacao-interna\" target=\"_self\" rel=\"noopener\">forma\u00e7\u00e3o<\/a> empresarial interna e garantir a forma\u00e7\u00e3o continua dos trabalhadores;<\/li>\n<li>Autorizar e controlar <a href=\"https:\/\/factorialhr.pt\/gestao-despesas\" target=\"_self\" rel=\"noopener\">despesas<\/a> em tempo real;<\/li>\n<li>Gerar e analisar <a href=\"https:\/\/factorialhr.pt\/relatorios-recursos-humanos\" target=\"_self\" rel=\"noopener\">relat\u00f3rios de KPIs<\/a> com informa\u00e7\u00e3o valiosa;<\/li>\n<li>Melhorar a comunica\u00e7\u00e3o na empresa fazendo <a href=\"https:\/\/factorialhr.pt\/integracoes\" target=\"_self\" rel=\"noopener\">integra\u00e7\u00e3o com apps<\/a> como o Slack;<\/li>\n<li><a href=\"https:\/\/factorialhr.pt\/aplicacoes\" target=\"_self\" rel=\"noopener\"><strong>E muito mais!<\/strong><\/a><\/li>\n<\/ul>\n<div class=\"factorial-banner inline-banner banner-demo category-gestao-de-tempo\"\n    data-banner-id=\"172331\"\n    data-banner-type=\"demo\"\n    data-category=\"Gest\u00e3o de Tempo\">\n    <div class=\"banner-content\">\n        <div class=\"banner-text\">\n                            <h4>Software de Gest\u00e3o de Tempo<\/h4>\n            \n                            <p>Gest\u00e3o de tempo, turnos e aus\u00eancias da sua equipa de forma f\u00e1cil e eficiente.<\/p>\n            \n                            <a href=\"https:\/\/factorialhr.pt\/get-started\"\n                    class=\"factorial-cta-button not-prose demo btn-brand\" data-cta=\"demo\" data-cta-position=\"inline-banner\">\n                    Experimente Gr\u00e1tis                <\/a>\n                    <\/div>\n\n        <div class=\"banner-image has-image\">\n            <img decoding=\"async\" src=\"https:\/\/factorialhr.com\/wp-content\/uploads\/2025\/11\/03162217\/Group-427319437.png\" class=\"not-prose\" \/>\n        <\/div>\n    <\/div>\n<\/div>\n<h2 id=\"importancia-de-fazer-um-banco-de-horas\">Import\u00e2ncia de fazer um banco de horas<\/h2>\n<p>A aplica\u00e7\u00e3o deste de regime poder\u00e1 ser bastante <strong>ben\u00e9fica para ambas as partes<\/strong>, empresa e trabalhadores.<\/p>\n<p>Do lado da <strong>empresa<\/strong>, os empregadores encontram nele uma solu\u00e7\u00e3o eficiente em alturas de picos de trabalho. Por exemplo, quando h\u00e1 um aumento inesperado de pedidos ou necessidade tempor\u00e1ria e\/ou sazonal de produzir mais sem aumentar despesas.<\/p>\n<p>Poder\u00e1, ainda, ser \u00fatil no caso de ser necess\u00e1rio cumprir um prazo mais exigente. E, naturalmente, uma das suas grandes vantagens para as empresas \u00e9 permitir ter um maior <a href=\"https:\/\/factorialhr.pt\/blog\/controlo-custos-empresa\/\" target=\"_self\" rel=\"noopener\">controlo de custos<\/a>.<\/p>\n<p>Por seu turno, do lado dos <strong>trabalhadores<\/strong>, o banco de horas permite a estes ganhar algo bastante valioso: tempo. Possibilita ter mais tempo de f\u00e9rias ou tempo livre, de descanso.<\/p>\n<p>Atrav\u00e9s da acumula\u00e7\u00e3o de horas em regime de acr\u00e9scimo, os trabalhadores poder\u00e3o obter maior n\u00famero de dias de f\u00e9rias. Deste modo, poder\u00e3o gozar de per\u00edodos de f\u00e9rias mais alargados, por exemplo. Podem tamb\u00e9m <strong>gerir o n\u00famero de dias livres da forma que for mais vantajosa para si,<\/strong> guardando-os para mais tarde. Ou, ainda, serem compensados sob a forma de pagamento.<\/p>\n<p>A satisfa\u00e7\u00e3o dos trabalhadores ser\u00e1 igualmente positiva para a empresa pois equipas satisfeitas s\u00e3o <a href=\"https:\/\/factorialhr.pt\/blog\/entrevista-fred-canto-castro\/\" target=\"_self\" rel=\"noopener\">equipas produtivas<\/a>. Paralelamente, a <a href=\"https:\/\/factorialhr.pt\/blog\/employee-experience-dicas\/\" target=\"_self\" rel=\"noopener\">employee experience<\/a> sair\u00e1 refor\u00e7ada.<\/p>\n<p><a href=\"https:\/\/factorialhr.pt\/webinars\/employee-experience\" target=\"_self\" rel=\"noopener\"><strong>\ud83c\udfa7 Webinar: Descubra ideias inovadoras para melhorar a employee experience na sua empresa!<\/strong><\/a><\/p>\n<p>Mas afinal, <strong>como fazer um banco de horas e quais as diferentes modalidades que existem?<\/strong> Continue a ler para ficar a saber!<\/p>\n<h2 id=\"modalidades-atuais\">Modalidades<\/h2>\n<p>Com a legisla\u00e7\u00e3o em vigor em 2026, e ap\u00f3s as altera\u00e7\u00f5es da Lei n.\u00ba 93\/2019, o banco de horas individual foi extinto, existindo <strong>duas modalidades principais. <\/strong><\/p>\n<p>No entanto, \u00e9 importante notar que o Governo apresentou propostas no in\u00edcio de 2026 para reintroduzir uma forma de banco de horas por acordo, que revogaria o banco de horas grupal <a class=\"citation\" contenteditable=\"false\" href=\"https:\/\/www.dn.pt\/pol%C3%ADtica\/governo-insiste-no-alargamento-do-prazo-dos-contratos-e-mexe-nos-servios-mnimos\" target=\"_blank\" rel=\"noopener noreferrer\">[4]<\/a>. As modalidades atuais s\u00e3o:<\/p>\n<ul>\n<li>Bancos determinados por <strong>instrumento de regulamenta\u00e7\u00e3o coletiva<\/strong> de trabalho: Realizado entre a organiza\u00e7\u00e3o sindical de um determinado setor e as entidades patronais.<\/li>\n<li>Bancos determinados por <strong>acordo grupal: <\/strong>Aplic\u00e1vel a um departamento ou sec\u00e7\u00e3o espec\u00edfica de uma empresa ou entidade empregadora.<\/li>\n<\/ul>\n<p>Ambos diferem um do outro e regem-se segundo regras de funcionamento distintas. Falaremos um pouco de cada um deles seguidamente.<\/p>\n<h3 id=\"banco-de-horas-por-regulamentacao-coletiva\">Como calcular o banco de horas por regulamenta\u00e7\u00e3o coletiva?<\/h3>\n<p>Este tipo de banco de horas pode ser institu\u00eddo por instrumento de regulamenta\u00e7\u00e3o coletiva de trabalho. Est\u00e1 definido no artigo 208.\u00ba do C\u00f3digo do Trabalho, que determina ser contraordena\u00e7\u00e3o grave a viola\u00e7\u00e3o desse mesmo artigo.<\/p>\n<p>Nesta modalidade, o per\u00edodo normal de trabalho pode ser aumentado<strong> at\u00e9 4 horas di\u00e1rias<\/strong> e pode <strong>atingir 60 horas semanais<\/strong>. Considerando o limite anual, o acr\u00e9scimo de horas n\u00e3o pode ser superior a 200 horas, conforme estipulado no artigo 208.\u00ba do C\u00f3digo do Trabalho e no Di\u00e1rio da Rep\u00fablica <a class=\"citation\" contenteditable=\"false\" href=\"https:\/\/diariodarepublica.pt\/dr\/lexionario\/termo\/banco-horas-por-regulamentacao-coletiva\" target=\"_blank\" rel=\"noopener noreferrer\">[2]<\/a>.<\/p>\n<p>Contudo, o limite anual pode ser alterado por instrumento de regulamenta\u00e7\u00e3o coletiva de trabalho em situa\u00e7\u00f5es especiais. \u00c9 o caso quando estiverem em causa <a href=\"https:\/\/factorialhr.pt\/blog\/cessacao-de-contrato-de-trabalho\/\" target=\"_self\" rel=\"noopener\">despedimentos<\/a>, suspens\u00f5es ou se o objetivo for evitar a redu\u00e7\u00e3o de trabalhadores. Note-se, no entanto, que este limite s\u00f3 pode ser aplicado durante um ano.<\/p>\n<p><strong>O instrumento de regulamenta\u00e7\u00e3o coletiva de trabalho deve, obrigatoriamente, regular os seguintes aspetos:<\/strong><\/p>\n<table>\n<thead>\n<tr>\n<th>Aspeto a Regular<\/th>\n<th>Descri\u00e7\u00e3o<\/th>\n<\/tr>\n<\/thead>\n<tbody>\n<tr>\n<td><strong>Compensa\u00e7\u00e3o<\/strong><\/td>\n<td>Definir como o trabalho adicional ser\u00e1 compensado: atrav\u00e9s de redu\u00e7\u00e3o do tempo de trabalho, aumento dos dias de f\u00e9rias ou pagamento em dinheiro.<\/td>\n<\/tr>\n<tr>\n<td><strong>Aviso Pr\u00e9vio (Empregador)<\/strong><\/td>\n<td>Estabelecer a anteced\u00eancia com que a entidade empregadora deve comunicar a necessidade de trabalho suplementar.<\/td>\n<\/tr>\n<tr>\n<td><strong>Per\u00edodo de Compensa\u00e7\u00e3o<\/strong><\/td>\n<td>Indicar o prazo em que a redu\u00e7\u00e3o do tempo de trabalho para compensa\u00e7\u00e3o deve ocorrer, seja por iniciativa da pessoa colaboradora ou da empresa.<\/td>\n<\/tr>\n<tr>\n<td><strong>Aviso Pr\u00e9vio (Compensa\u00e7\u00e3o)<\/strong><\/td>\n<td>Fixar a anteced\u00eancia com que qualquer uma das partes deve comunicar a utiliza\u00e7\u00e3o do tempo de compensa\u00e7\u00e3o.<\/td>\n<\/tr>\n<\/tbody>\n<\/table>\n<p><strong><img decoding=\"async\" src=\"https:\/\/factorialhr.pt\/wp-content\/uploads\/2022\/08\/23135726\/banco-de-horas-regulamentac%CC%A7ao-coletiva-300x145.jpg\" sizes=\"(max-width: 720px) 100vw, 720px\" srcset=\"https:\/\/factorialhr.pt\/wp-content\/uploads\/2022\/08\/23135726\/banco-de-horas-regulamentac%CC%A7ao-coletiva-300x145.jpg 300w, https:\/\/factorialhr.pt\/wp-content\/uploads\/2022\/08\/23135726\/banco-de-horas-regulamentac%CC%A7ao-coletiva-768x370.jpg 768w, https:\/\/factorialhr.pt\/wp-content\/uploads\/2022\/08\/23135726\/banco-de-horas-regulamentac%CC%A7ao-coletiva.jpg 830w\" alt=\"Banco de Horas - regulamenta\u00e7\u00e3o coletiva\" width=\"720\" height=\"347\" \/><\/strong><\/p>\n<h3 id=\"banco-de-horas-grupal\">Como funciona o banco de horas grupal?<\/h3>\n<p>O instrumento de regulamenta\u00e7\u00e3o coletiva de trabalho pode prever que a entidade empregadora possa aplicar o banco de horas a um <strong>grupo definido<\/strong>. Por grupo definido entende-se um departamento, uma equipa, uma sec\u00e7\u00e3o ou unidade econ\u00f3mica de uma empresa.<\/p>\n<p>Esta modalidade, que veio substituir o extinto banco de horas individual, \u00e9 regulada pelo artigo 208.\u00ba-B do C\u00f3digo do Trabalho.<\/p>\n<p>De acordo com o referido artigo, esta modalidade pode ser institu\u00edda desde que aprovada em referendo pelos trabalhadores abrangidos. No que diz respeito \u00e0s suas regras, o per\u00edodo normal de trabalho pode ser aumentado <strong>at\u00e9 2 horas di\u00e1rias<\/strong>. Semanalmente, o acr\u00e9scimo pode ir at\u00e9 \u00e0s 50 horas por semana e, anualmente, o limite do acr\u00e9scimo \u00e9 de 150 horas, segundo o Di\u00e1rio da Rep\u00fablica <a class=\"citation\" contenteditable=\"false\" href=\"https:\/\/diariodarepublica.pt\/dr\/lexionario\/termo\/banco-horas-grupal\" target=\"_blank\" rel=\"noopener noreferrer\">[5]<\/a>.<\/p>\n<p><strong>\ud83d\udca1 Fa\u00e7a a gest\u00e3o de turnos das equipas da sua empresa de forma mais eficiente! <a href=\"https:\/\/factorialhr.pt\/gestao-turnos\" target=\"_self\" rel=\"noopener\">Veja como com a ferramenta de gest\u00e3o de turnos da Factorial.<\/a><\/strong><\/p>\n<h3 id=\"projeto-de-banco-de-horas-grupal\">Projeto de banco de horas grupal<\/h3>\n<p>A legisla\u00e7\u00e3o determina tamb\u00e9m que deve ser elaborado um <strong>projeto de banco de horas<\/strong>, da responsabilidade da entidade empregadora. Nesse projeto deve constar:<\/p>\n<ul>\n<li>Toda a regulamenta\u00e7\u00e3o do regime, incluindo o <strong>\u00e2mbito <\/strong>da sua aplica\u00e7\u00e3o;<\/li>\n<li>A indica\u00e7\u00e3o da <strong>equipa, sec\u00e7\u00e3o ou unidade econ\u00f3mica<\/strong> abrangidas, assim como os grupos profissionais exclu\u00eddos, se houver;<\/li>\n<li>O <strong>per\u00edodo<\/strong> durante o qual o regime \u00e9 aplic\u00e1vel, n\u00e3o podendo ser superior a 4 anos;<\/li>\n<li>Como \u00e9 feita a <strong>compensa\u00e7\u00e3o<\/strong> do trabalho prestado em acr\u00e9scimo;<\/li>\n<li>A <strong>anteced\u00eancia<\/strong> com que a entidade empregadora deve informar os trabalhadores da necessidade de presta\u00e7\u00e3o de trabalho prestado em acr\u00e9scimo;<\/li>\n<li>O per\u00edodo em que a <strong>redu\u00e7\u00e3o<\/strong> do tempo de trabalho para compensar trabalho prestado em acr\u00e9scimo deve ocorrer. Tal deve acontecer por iniciativa do trabalhador ou, na sua falta, do empregador.<\/li>\n<li>A anteced\u00eancia com que trabalhador ou, na sua falta, o empregador deve comunicar ao outro a utiliza\u00e7\u00e3o da redu\u00e7\u00e3o do tempo de trabalho para compensar trabalho prestado em acr\u00e9scimo, mencionada no ponto anterior.<\/li>\n<\/ul>\n<p><strong>Este projeto deve ser afixado, pela entidade empregadora, juntamente com os mapas de hor\u00e1rio de trabalho<\/strong>. O projeto deve tamb\u00e9m ser comunicado aos representantes dos trabalhadores, com a anteced\u00eancia m\u00ednima de 20 dias em rela\u00e7\u00e3o \u00e0 data do referendo. Para al\u00e9m destes, o servi\u00e7o com compet\u00eancia inspetiva do minist\u00e9rio respons\u00e1vel pela \u00e1rea laboral dever\u00e1 tamb\u00e9m ser informado.<\/p>\n<p>\u00c9 este projeto que ser\u00e1 posteriormente referendado, para ser aprovada (ou n\u00e3o) a aplica\u00e7\u00e3o do banco proposto.<\/p>\n<h3 id=\"referendo-para-aprovacao-do-banco-de-horas%20grupal\">Referendo para aprova\u00e7\u00e3o do banco de horas grupal<\/h3>\n<p>No que diz respeito a este referendo:<\/p>\n<ul>\n<li>A sua realiza\u00e7\u00e3o \u00e9 <strong>regulada em legisla\u00e7\u00e3o espec\u00edfica<\/strong>;<\/li>\n<li>Apenas se o projeto for aprovado em referendo por, pelo menos, <strong>65 % dos trabalhadores abrangidos<\/strong>, o empregador poder\u00e1 aplic\u00e1-lo, conforme o Di\u00e1rio da Rep\u00fablica <a class=\"citation\" contenteditable=\"false\" href=\"https:\/\/diariodarepublica.pt\/dr\/lexionario\/termo\/banco-horas-grupal\" target=\"_blank\" rel=\"noopener noreferrer\">[5]<\/a>;<\/li>\n<li>Caso haja <strong>altera\u00e7\u00e3o na composi\u00e7\u00e3o da equipa<\/strong>, sec\u00e7\u00e3o ou unidade econ\u00f3mica, o regime aplica-se enquanto os trabalhadores que permanecem forem pelo menos 65 % do n\u00famero total dos trabalhadores abrangidos;<\/li>\n<li>Em situa\u00e7\u00f5es em que o n\u00famero de <strong>trabalhadores abrangidos seja inferior a 10<\/strong>, o referendo realiza-se <strong>sob a supervis\u00e3o do servi\u00e7o com compet\u00eancia inspetiva<\/strong> do minist\u00e9rio respons\u00e1vel pela \u00e1rea laboral;<\/li>\n<li>Se o projeto de regime <strong>n\u00e3o for aprovado<\/strong>, o empregador s\u00f3 pode realizar <strong>novo referendo um ano ap\u00f3s o anterior<\/strong>.<\/li>\n<\/ul>\n<p>A aplica\u00e7\u00e3o do regime cessa:<\/p>\n<ul>\n<li>Se decorrido metade do per\u00edodo de aplica\u00e7\u00e3o, um ter\u00e7o dos trabalhadores abrangidos solicitar ao empregador novo referendo e o mesmo n\u00e3o for aprovado ou n\u00e3o for realizado no prazo de 60 dias;<\/li>\n<li>60 dias ap\u00f3s a realiza\u00e7\u00e3o do referendo (a compensa\u00e7\u00e3o do trabalho prestado em acr\u00e9scimo deve efetuar-se neste prazo).<\/li>\n<\/ul>\n<h3>Quem n\u00e3o pode ser abrangido pelo banco de horas grupal?<\/h3>\n<p>A lei prev\u00ea exce\u00e7\u00f5es importantes. O regime n\u00e3o se aplica a profissionais abrangidos por uma conven\u00e7\u00e3o coletiva que o pro\u00edba. Adicionalmente, trabalhadores e trabalhadoras com filhos menores de 3 anos s\u00f3 podem ser inclu\u00eddos se manifestarem o seu acordo por escrito, garantindo a prote\u00e7\u00e3o da parentalidade, conforme o Di\u00e1rio da Rep\u00fablica <a class=\"citation\" contenteditable=\"false\" href=\"https:\/\/diariodarepublica.pt\/dr\/lexionario\/termo\/banco-horas-grupal\" target=\"_blank\" rel=\"noopener noreferrer\">[5]<\/a>.<\/p>\n<h3 id=\"banco-de-horas-individual-extincao-introduzida-pela-lei-n%C3%BAmero-93\/2019\">Organizar um banco de horas individual: extin\u00e7\u00e3o introduzida pela Lei n.\u00ba 93\/2019<\/h3>\n<p>A Lei n.\u00ba 93\/2019 extinguiu o banco de horas individual, que permitia um acordo direto entre a empresa e cada profissional. Esta altera\u00e7\u00e3o visou proteger as pessoas colaboradoras de potenciais situa\u00e7\u00f5es de desequil\u00edbrio na negocia\u00e7\u00e3o. Contudo, o debate sobre esta modalidade foi reaberto. Em 2026, o Governo apresentou uma proposta de revis\u00e3o da lei laboral que pretende reintroduzir uma figura semelhante, designada &#8216;banco de horas por acordo&#8217;, mantendo os limites de 2 horas di\u00e1rias, 50 semanais e 150 anuais, mas que poder\u00e1 revogar o atual banco de horas grupal <a class=\"citation\" contenteditable=\"false\" href=\"https:\/\/eco.sapo.pt\/2026\/03\/26\/nova-proposta-para-a-lei-laboral-governo-reve-regras-para-contratos-a-prazo\/\" target=\"_blank\" rel=\"noopener noreferrer\">[1]<\/a>.<\/p>\n<p><strong>\ud83d\udc49 <a href=\"https:\/\/factorialhr.pt\/blog\/tipos-de-contrato-trabalho\/\" target=\"_self\" rel=\"noopener\">Saiba aqui quais s\u00e3o os diferentes tipos de contrato de trabalho em Portugal<\/a><\/strong><\/p>\n<p>Sabemos que gerir os bancos de horas dos seus colaboradores pode tornar-se uma tarefa dif\u00edcil de organizar e manter o controlo. A escolha mais inteligente \u00e9 sempre optar por uma solu\u00e7\u00e3o tecnol\u00f3gica, como o <a href=\"https:\/\/factorialhr.pt\/software-de-recursos-humanos\" target=\"_self\" rel=\"noopener\">software da Factorial<\/a>.<\/p>\n<p><strong>\u2705 <a href=\"https:\/\/factorialhr.pt\/solicitar-demonstracao\" target=\"_self\" rel=\"noopener\">Eleve a gest\u00e3o de RH da sua empresa para o patamar seguinte e solicite uma desmonstra\u00e7\u00e3o personalizada gratuita da solu\u00e7\u00e3o da Factorial!<\/a><\/strong><\/p>\n<div class=\"factorial-banner inline-banner banner-demo category-gestao-de-tempo\"\n    data-banner-id=\"171813\"\n    data-banner-type=\"demo\"\n    data-category=\"Gest\u00e3o de Tempo\">\n    <div class=\"banner-content\">\n        <div class=\"banner-text\">\n                            <h4>Factorial: A solu\u00e7\u00e3o centrada nas pessoas<\/h4>\n            \n                            <p>Tempo, Talento e Finan\u00e7as: tudo na mesma plataforma para simplificar a gest\u00e3o.<\/p>\n            \n                            <a href=\"https:\/\/factorialhr.pt\/get-started\"\n                    class=\"factorial-cta-button not-prose demo btn-brand\" data-cta=\"demo\" data-cta-position=\"inline-banner\">\n                    Experimente Gr\u00e1tis                <\/a>\n                    <\/div>\n\n        <div class=\"banner-image has-image\">\n            <img decoding=\"async\" src=\"https:\/\/factorialhr.com\/wp-content\/uploads\/2025\/04\/13182510\/blog_thumbnail_fact-2.jpg\" class=\"not-prose\" \/>\n        <\/div>\n    <\/div>\n<\/div>\n<h2>Perguntas Frequentes sobre Banco de Horas<\/h2>\n<h3>\u00c9 legal o banco de horas?<\/h3>\n<p>Sim, o banco de horas \u00e9 uma figura legal prevista no C\u00f3digo do Trabalho. A sua implementa\u00e7\u00e3o pode ser feita atrav\u00e9s de instrumento de regulamenta\u00e7\u00e3o coletiva ou por acordo grupal, desde que cumpra os requisitos legais, como a aprova\u00e7\u00e3o em referendo pelos trabalhadores abrangidos no caso do acordo grupal.<\/p>\n<h3>Quando acabou o banco de horas?<\/h3>\n<p>O banco de horas individual foi extinto pela Lei n.\u00ba 93\/2019, n\u00e3o sendo poss\u00edvel criar novos acordos individuais desde 1 de outubro de 2020. O regime continua legal e em vigor, mas apenas nas modalidades de banco de horas por regulamenta\u00e7\u00e3o coletiva ou por acordo grupal.<\/p>\n","protected":false},"excerpt":{"rendered":"<p>O banco de horas em Portugal \u00e9 um mecanismo de flexibilidade previsto no C\u00f3digo do Trabalho, que permite ajustar os per\u00edodos de trabalho \u00e0s necessidades da empresa e do pessoal. Este sistema, que se desdobra em diferentes modalidades, tem sido alvo de atualiza\u00e7\u00f5es legislativas importantes, incluindo propostas de altera\u00e7\u00e3o em 2026. Neste artigo, explicamos como<a href=\"https:\/\/factorialhr.pt\/blog\/banco-de-horas-em-portugal\/\" class=\"read-more\"> [&#8230;]<\/a><\/p>\n","protected":false},"author":109,"featured_media":81361,"comment_status":"closed","ping_status":"closed","sticky":false,"template":"","format":"standard","meta":{"_acf_changed":false,"footnotes":""},"categories":[397],"tags":[],"class_list":["post-81264","post","type-post","status-publish","format-standard","has-post-thumbnail","hentry","category-gestao-de-tempo"],"acf":{"topics":"time-time-planning"},"yoast_head":"<!-- This site is optimized with the Yoast SEO Premium plugin v21.5 (Yoast SEO v21.9.1) - https:\/\/yoast.com\/wordpress\/plugins\/seo\/ -->\n<title>Banco de horas: como funciona e tipos<\/title>\n<meta name=\"description\" content=\"Descubra o que \u00e9 o banco de horas, como funciona e os tipos permitidos pela lei para gerir a jornada de trabalho!\" \/>\n<meta name=\"robots\" content=\"index, follow, max-snippet:-1, max-image-preview:large, max-video-preview:-1\" \/>\n<link rel=\"canonical\" href=\"https:\/\/factorialhr.pt\/blog\/banco-de-horas-em-portugal\/\" \/>\n<meta property=\"og:locale\" content=\"pt_PT\" \/>\n<meta property=\"og:type\" content=\"article\" \/>\n<meta property=\"og:title\" content=\"Banco de horas: como funciona e quais as diferentes modalidades\" \/>\n<meta property=\"og:description\" content=\"Descubra o que \u00e9 o banco de horas, como funciona e os tipos permitidos pela lei para gerir a jornada de trabalho!\" \/>\n<meta property=\"og:url\" content=\"https:\/\/factorialhr.pt\/blog\/banco-de-horas-em-portugal\/\" \/>\n<meta property=\"og:site_name\" content=\"Factorial\" \/>\n<meta property=\"article:publisher\" content=\"https:\/\/www.facebook.com\/people\/Factorial\/100064908455810\/\" \/>\n<meta property=\"article:published_time\" content=\"2022-08-26T12:07:21+00:00\" \/>\n<meta property=\"article:modified_time\" content=\"2026-03-31T13:20:46+00:00\" \/>\n<meta property=\"og:image\" content=\"https:\/\/factorialhr.pt\/wp-content\/uploads\/2022\/08\/23135629\/banco-de-horas.jpg\" \/>\n\t<meta property=\"og:image:width\" content=\"1112\" \/>\n\t<meta property=\"og:image:height\" content=\"625\" \/>\n\t<meta property=\"og:image:type\" content=\"image\/jpeg\" \/>\n<meta name=\"author\" content=\"Vanessa R\u00f4la\" \/>\n<meta name=\"twitter:card\" content=\"summary_large_image\" \/>\n<meta name=\"twitter:creator\" content=\"@factorialapp\" \/>\n<meta name=\"twitter:site\" content=\"@factorialapp\" \/>\n<meta name=\"twitter:label1\" content=\"Written by\" \/>\n\t<meta name=\"twitter:data1\" content=\"Vanessa R\u00f4la\" \/>\n\t<meta name=\"twitter:label2\" content=\"Est. reading time\" \/>\n\t<meta name=\"twitter:data2\" content=\"12 minutos\" \/>\n<script type=\"application\/ld+json\" class=\"yoast-schema-graph\">{\"@context\":\"https:\/\/schema.org\",\"@graph\":[{\"@type\":\"Article\",\"@id\":\"https:\/\/factorialhr.pt\/blog\/banco-de-horas-em-portugal\/#article\",\"isPartOf\":{\"@id\":\"https:\/\/factorialhr.pt\/blog\/banco-de-horas-em-portugal\/\"},\"author\":{\"name\":\"Vanessa R\u00f4la\",\"@id\":\"https:\/\/factorialhr.pt\/blog\/#\/schema\/person\/074dc69f2ff8f258b111fc17947fb1d4\"},\"headline\":\"Banco de horas: como funciona e quais as diferentes modalidades\",\"datePublished\":\"2022-08-26T12:07:21+00:00\",\"dateModified\":\"2026-03-31T13:20:46+00:00\",\"mainEntityOfPage\":{\"@id\":\"https:\/\/factorialhr.pt\/blog\/banco-de-horas-em-portugal\/\"},\"wordCount\":2743,\"publisher\":{\"@id\":\"https:\/\/factorialhr.pt\/blog\/#organization\"},\"articleSection\":[\"Gest\u00e3o de Tempo\"],\"inLanguage\":\"pt-PT\"},{\"@type\":\"WebPage\",\"@id\":\"https:\/\/factorialhr.pt\/blog\/banco-de-horas-em-portugal\/\",\"url\":\"https:\/\/factorialhr.pt\/blog\/banco-de-horas-em-portugal\/\",\"name\":\"Banco de horas: como funciona e tipos\",\"isPartOf\":{\"@id\":\"https:\/\/factorialhr.pt\/blog\/#website\"},\"datePublished\":\"2022-08-26T12:07:21+00:00\",\"dateModified\":\"2026-03-31T13:20:46+00:00\",\"description\":\"Descubra o que \u00e9 o banco de horas, como funciona e os tipos permitidos pela lei para gerir a jornada de trabalho!\",\"inLanguage\":\"pt-PT\",\"potentialAction\":[{\"@type\":\"ReadAction\",\"target\":[\"https:\/\/factorialhr.pt\/blog\/banco-de-horas-em-portugal\/\"]}]},{\"@type\":\"WebSite\",\"@id\":\"https:\/\/factorialhr.pt\/blog\/#website\",\"url\":\"https:\/\/factorialhr.pt\/blog\/\",\"name\":\"Factorial\",\"description\":\"\",\"publisher\":{\"@id\":\"https:\/\/factorialhr.pt\/blog\/#organization\"},\"potentialAction\":[{\"@type\":\"SearchAction\",\"target\":{\"@type\":\"EntryPoint\",\"urlTemplate\":\"https:\/\/factorialhr.pt\/blog\/?s={search_term_string}\"},\"query-input\":\"required name=search_term_string\"}],\"inLanguage\":\"pt-PT\"},{\"@type\":\"Organization\",\"@id\":\"https:\/\/factorialhr.pt\/blog\/#organization\",\"name\":\"All-in-one business management software - Factorial\",\"url\":\"https:\/\/factorialhr.pt\/blog\/\",\"logo\":{\"@type\":\"ImageObject\",\"inLanguage\":\"pt-PT\",\"@id\":\"https:\/\/factorialhr.pt\/blog\/#\/schema\/logo\/image\/\",\"url\":\"https:\/\/factorialhr.pt\/wp-content\/uploads\/2023\/07\/18155144\/factorial-logo.png\",\"contentUrl\":\"https:\/\/factorialhr.pt\/wp-content\/uploads\/2023\/07\/18155144\/factorial-logo.png\",\"width\":946,\"height\":880,\"caption\":\"All-in-one business management software - Factorial\"},\"image\":{\"@id\":\"https:\/\/factorialhr.pt\/blog\/#\/schema\/logo\/image\/\"},\"sameAs\":[\"https:\/\/www.facebook.com\/people\/Factorial\/100064908455810\/\",\"https:\/\/twitter.com\/factorialapp\",\"https:\/\/www.linkedin.com\/company\/factorialhr\",\"https:\/\/www.youtube.com\/@factorialmedia\",\"https:\/\/www.instagram.com\/factorial\/#\"]},{\"@type\":\"Person\",\"@id\":\"https:\/\/factorialhr.pt\/blog\/#\/schema\/person\/074dc69f2ff8f258b111fc17947fb1d4\",\"name\":\"Vanessa R\u00f4la\",\"image\":{\"@type\":\"ImageObject\",\"inLanguage\":\"pt-PT\",\"@id\":\"https:\/\/factorialhr.pt\/blog\/#\/schema\/person\/image\/\",\"url\":\"https:\/\/secure.gravatar.com\/avatar\/08b9b0580a5bc8a837aa3d4305323d66?s=96&d=identicon&r=g\",\"contentUrl\":\"https:\/\/secure.gravatar.com\/avatar\/08b9b0580a5bc8a837aa3d4305323d66?s=96&d=identicon&r=g\",\"caption\":\"Vanessa R\u00f4la\"},\"description\":\"Sou copywriter especializada em SEO, apaixonada por traduzir ideias em palavras. Acredito no poder da escrita para ligar pessoas, marcas e hist\u00f3rias, sendo isso que me motiva em cada projeto. Desde sempre me fascinou a comunica\u00e7\u00e3o, o que me levou a licenciar-me em Ci\u00eancias da Comunica\u00e7\u00e3o e a completar um mestrado em Novos Media e Pr\u00e1ticas Web, que me permitiu aprofundar o universo digital e as suas din\u00e2micas. Gosto de explorar a web atrav\u00e9s da escrita: seja a criar conte\u00fados otimizados para blogues, websites, newsletters ou e-books, seja atrav\u00e9s do trabalho de ghostwriting, uma vertente da escrita que me fascina pelo desafio de dar voz a outras pessoas. Ao longo do meu percurso, tenho colaborado com marcas e projetos de diferentes dimens\u00f5es, desde pequenas empresas a grandes organiza\u00e7\u00f5es internacionais. Fora dos projetos, divido o meu tempo entre as palavras, as viagens, a m\u00fasica e os animais. Acredito que o percurso profissional, tal como a vida, est\u00e1 sempre em movimento e sigo sempre o mesmo lema: a nossa vida \u00e9 toda para diante.\",\"sameAs\":[\"https:\/\/vanessarola.net\/\",\"https:\/\/www.linkedin.com\/in\/vanessarola\/\"],\"url\":\"https:\/\/factorialhr.pt\/blog\/author\/vanessarola\/\"}]}<\/script>\n<!-- \/ Yoast SEO Premium plugin. -->","yoast_head_json":{"title":"Banco de horas: como funciona e tipos","description":"Descubra o que \u00e9 o banco de horas, como funciona e os tipos permitidos pela lei para gerir a jornada de trabalho!","robots":{"index":"index","follow":"follow","max-snippet":"max-snippet:-1","max-image-preview":"max-image-preview:large","max-video-preview":"max-video-preview:-1"},"canonical":"https:\/\/factorialhr.pt\/blog\/banco-de-horas-em-portugal\/","og_locale":"pt_PT","og_type":"article","og_title":"Banco de horas: como funciona e quais as diferentes modalidades","og_description":"Descubra o que \u00e9 o banco de horas, como funciona e os tipos permitidos pela lei para gerir a jornada de trabalho!","og_url":"https:\/\/factorialhr.pt\/blog\/banco-de-horas-em-portugal\/","og_site_name":"Factorial","article_publisher":"https:\/\/www.facebook.com\/people\/Factorial\/100064908455810\/","article_published_time":"2022-08-26T12:07:21+00:00","article_modified_time":"2026-03-31T13:20:46+00:00","og_image":[{"width":1112,"height":625,"url":"https:\/\/factorialhr.pt\/wp-content\/uploads\/2022\/08\/23135629\/banco-de-horas.jpg","type":"image\/jpeg"}],"author":"Vanessa R\u00f4la","twitter_card":"summary_large_image","twitter_creator":"@factorialapp","twitter_site":"@factorialapp","twitter_misc":{"Written by":"Vanessa R\u00f4la","Est. reading time":"12 minutos"},"schema":{"@context":"https:\/\/schema.org","@graph":[{"@type":"Article","@id":"https:\/\/factorialhr.pt\/blog\/banco-de-horas-em-portugal\/#article","isPartOf":{"@id":"https:\/\/factorialhr.pt\/blog\/banco-de-horas-em-portugal\/"},"author":{"name":"Vanessa R\u00f4la","@id":"https:\/\/factorialhr.pt\/blog\/#\/schema\/person\/074dc69f2ff8f258b111fc17947fb1d4"},"headline":"Banco de horas: como funciona e quais as diferentes modalidades","datePublished":"2022-08-26T12:07:21+00:00","dateModified":"2026-03-31T13:20:46+00:00","mainEntityOfPage":{"@id":"https:\/\/factorialhr.pt\/blog\/banco-de-horas-em-portugal\/"},"wordCount":2743,"publisher":{"@id":"https:\/\/factorialhr.pt\/blog\/#organization"},"articleSection":["Gest\u00e3o de Tempo"],"inLanguage":"pt-PT"},{"@type":"WebPage","@id":"https:\/\/factorialhr.pt\/blog\/banco-de-horas-em-portugal\/","url":"https:\/\/factorialhr.pt\/blog\/banco-de-horas-em-portugal\/","name":"Banco de horas: como funciona e tipos","isPartOf":{"@id":"https:\/\/factorialhr.pt\/blog\/#website"},"datePublished":"2022-08-26T12:07:21+00:00","dateModified":"2026-03-31T13:20:46+00:00","description":"Descubra o que \u00e9 o banco de horas, como funciona e os tipos permitidos pela lei para gerir a jornada de trabalho!","inLanguage":"pt-PT","potentialAction":[{"@type":"ReadAction","target":["https:\/\/factorialhr.pt\/blog\/banco-de-horas-em-portugal\/"]}]},{"@type":"WebSite","@id":"https:\/\/factorialhr.pt\/blog\/#website","url":"https:\/\/factorialhr.pt\/blog\/","name":"Factorial","description":"","publisher":{"@id":"https:\/\/factorialhr.pt\/blog\/#organization"},"potentialAction":[{"@type":"SearchAction","target":{"@type":"EntryPoint","urlTemplate":"https:\/\/factorialhr.pt\/blog\/?s={search_term_string}"},"query-input":"required name=search_term_string"}],"inLanguage":"pt-PT"},{"@type":"Organization","@id":"https:\/\/factorialhr.pt\/blog\/#organization","name":"All-in-one business management software - Factorial","url":"https:\/\/factorialhr.pt\/blog\/","logo":{"@type":"ImageObject","inLanguage":"pt-PT","@id":"https:\/\/factorialhr.pt\/blog\/#\/schema\/logo\/image\/","url":"https:\/\/factorialhr.pt\/wp-content\/uploads\/2023\/07\/18155144\/factorial-logo.png","contentUrl":"https:\/\/factorialhr.pt\/wp-content\/uploads\/2023\/07\/18155144\/factorial-logo.png","width":946,"height":880,"caption":"All-in-one business management software - Factorial"},"image":{"@id":"https:\/\/factorialhr.pt\/blog\/#\/schema\/logo\/image\/"},"sameAs":["https:\/\/www.facebook.com\/people\/Factorial\/100064908455810\/","https:\/\/twitter.com\/factorialapp","https:\/\/www.linkedin.com\/company\/factorialhr","https:\/\/www.youtube.com\/@factorialmedia","https:\/\/www.instagram.com\/factorial\/#"]},{"@type":"Person","@id":"https:\/\/factorialhr.pt\/blog\/#\/schema\/person\/074dc69f2ff8f258b111fc17947fb1d4","name":"Vanessa R\u00f4la","image":{"@type":"ImageObject","inLanguage":"pt-PT","@id":"https:\/\/factorialhr.pt\/blog\/#\/schema\/person\/image\/","url":"https:\/\/secure.gravatar.com\/avatar\/08b9b0580a5bc8a837aa3d4305323d66?s=96&d=identicon&r=g","contentUrl":"https:\/\/secure.gravatar.com\/avatar\/08b9b0580a5bc8a837aa3d4305323d66?s=96&d=identicon&r=g","caption":"Vanessa R\u00f4la"},"description":"Sou copywriter especializada em SEO, apaixonada por traduzir ideias em palavras. Acredito no poder da escrita para ligar pessoas, marcas e hist\u00f3rias, sendo isso que me motiva em cada projeto. Desde sempre me fascinou a comunica\u00e7\u00e3o, o que me levou a licenciar-me em Ci\u00eancias da Comunica\u00e7\u00e3o e a completar um mestrado em Novos Media e Pr\u00e1ticas Web, que me permitiu aprofundar o universo digital e as suas din\u00e2micas. Gosto de explorar a web atrav\u00e9s da escrita: seja a criar conte\u00fados otimizados para blogues, websites, newsletters ou e-books, seja atrav\u00e9s do trabalho de ghostwriting, uma vertente da escrita que me fascina pelo desafio de dar voz a outras pessoas. Ao longo do meu percurso, tenho colaborado com marcas e projetos de diferentes dimens\u00f5es, desde pequenas empresas a grandes organiza\u00e7\u00f5es internacionais. Fora dos projetos, divido o meu tempo entre as palavras, as viagens, a m\u00fasica e os animais. Acredito que o percurso profissional, tal como a vida, est\u00e1 sempre em movimento e sigo sempre o mesmo lema: a nossa vida \u00e9 toda para diante.","sameAs":["https:\/\/vanessarola.net\/","https:\/\/www.linkedin.com\/in\/vanessarola\/"],"url":"https:\/\/factorialhr.pt\/blog\/author\/vanessarola\/"}]}},"_links":{"self":[{"href":"https:\/\/factorialhr.pt\/blog\/wp-json\/wp\/v2\/posts\/81264"}],"collection":[{"href":"https:\/\/factorialhr.pt\/blog\/wp-json\/wp\/v2\/posts"}],"about":[{"href":"https:\/\/factorialhr.pt\/blog\/wp-json\/wp\/v2\/types\/post"}],"author":[{"embeddable":true,"href":"https:\/\/factorialhr.pt\/blog\/wp-json\/wp\/v2\/users\/109"}],"replies":[{"embeddable":true,"href":"https:\/\/factorialhr.pt\/blog\/wp-json\/wp\/v2\/comments?post=81264"}],"version-history":[{"count":39,"href":"https:\/\/factorialhr.pt\/blog\/wp-json\/wp\/v2\/posts\/81264\/revisions"}],"predecessor-version":[{"id":185433,"href":"https:\/\/factorialhr.pt\/blog\/wp-json\/wp\/v2\/posts\/81264\/revisions\/185433"}],"wp:featuredmedia":[{"embeddable":true,"href":"https:\/\/factorialhr.pt\/blog\/wp-json\/wp\/v2\/media\/81361"}],"wp:attachment":[{"href":"https:\/\/factorialhr.pt\/blog\/wp-json\/wp\/v2\/media?parent=81264"}],"wp:term":[{"taxonomy":"category","embeddable":true,"href":"https:\/\/factorialhr.pt\/blog\/wp-json\/wp\/v2\/categories?post=81264"},{"taxonomy":"post_tag","embeddable":true,"href":"https:\/\/factorialhr.pt\/blog\/wp-json\/wp\/v2\/tags?post=81264"}],"curies":[{"name":"wp","href":"https:\/\/api.w.org\/{rel}","templated":true}]}}