{"id":86594,"date":"2022-11-23T11:26:23","date_gmt":"2022-11-23T09:26:23","guid":{"rendered":"https:\/\/factorialhr.com\/blog\/?p=86594"},"modified":"2026-01-19T16:48:02","modified_gmt":"2026-01-19T14:48:02","slug":"subsidio-de-alimentacao","status":"publish","type":"post","link":"https:\/\/factorialhr.pt\/blog\/subsidio-de-alimentacao\/","title":{"rendered":"Subs\u00eddio de alimenta\u00e7\u00e3o: como calcular o valor"},"content":{"rendered":"<p><span style=\"font-weight: 400;\">O <strong>subs\u00eddio de alimenta\u00e7\u00e3o<\/strong> \u00e9 um complemento importante do sal\u00e1rio dos trabalhadores portugueses. Tamb\u00e9m conhecido como subs\u00eddio de almo\u00e7o ou de refei\u00e7\u00e3o \u00e9 um dos benef\u00edcios oferecidos por empresas privadas e pelo setor p\u00fablico. Descubra <\/span><b>como calcular<\/b><span style=\"font-weight: 400;\"> o valor do subs\u00eddio de alimenta\u00e7\u00e3o na sua empresa, as <\/span><b>modalidades de pagamento<\/b><span style=\"font-weight: 400;\"> e as principais <\/span><b>atualiza\u00e7\u00f5es para 2026<\/b><span style=\"font-weight: 400;\">.<\/span><\/p>\n<p><strong>Tabela de conte\u00fados:<\/strong><\/p>\n<ul>\n<li><a href=\"#em-que-consiste-o-subsidio-de-alimentacao\">Em que consiste o subs\u00eddio de alimenta\u00e7\u00e3o?<\/a><\/li>\n<li><a href=\"#pagar\">Como pagar o valor do subs\u00eddio de alimenta\u00e7\u00e3o<\/a><\/li>\n<li><a href=\"#3\">Quem tem acesso ao subs\u00eddio de alimenta\u00e7\u00e3o?\u00a0<\/a><\/li>\n<li><a href=\"#4\">Qual o valor do subs\u00eddio de alimenta\u00e7\u00e3o?<\/a><\/li>\n<li><a href=\"#5\">D\u00favidas sobre o subs\u00eddio de alimenta\u00e7\u00e3o<\/a><\/li>\n<li><a href=\"#6\">Como otimizar a emiss\u00e3o de recibos de vencimento com uma ferramenta de gest\u00e3o?<\/a>\n<ul>\n<li><a href=\"#7\">\ud83d\udc49 Ferramenta de gest\u00e3o de RH da Factorial<\/a><\/li>\n<\/ul>\n<\/li>\n<\/ul>\n<div class=\"factorial-banner inline-banner banner-demo category-gestao-documental\"\n    data-banner-id=\"171813\"\n    data-banner-type=\"demo\"\n    data-category=\"Gest\u00e3o Documental\">\n    <div class=\"banner-content\">\n        <div class=\"banner-text\">\n                            <h4>Factorial: A solu\u00e7\u00e3o centrada nas pessoas<\/h4>\n            \n                            <p>Tempo, Talento e Finan\u00e7as: tudo na mesma plataforma para simplificar a gest\u00e3o.<\/p>\n            \n                            <a href=\"https:\/\/factorialhr.pt\/get-started\"\n                    class=\"factorial-cta-button not-prose demo btn-brand\" data-cta=\"demo\" data-cta-position=\"inline-banner\">\n                    Experimente Gr\u00e1tis                <\/a>\n                    <\/div>\n\n        <div class=\"banner-image has-image\">\n            <img decoding=\"async\" src=\"https:\/\/factorialhr.com\/wp-content\/uploads\/2025\/04\/13182510\/blog_thumbnail_fact-2.jpg\" class=\"not-prose\" \/>\n        <\/div>\n    <\/div>\n<\/div>\n<h2>Em que consiste o subs\u00eddio de alimenta\u00e7\u00e3o?<\/h2>\n<p><span style=\"font-weight: 400;\">Antes de mais importa esclarecer que, ao contr\u00e1rio do <\/span><a href=\"https:\/\/factorialhr.pt\/blog\/subsidio-de-natal-como-calcular\/\"><span style=\"font-weight: 400;\">subs\u00eddio de Natal<\/span><\/a><span style=\"font-weight: 400;\"> ou o <\/span><a href=\"https:\/\/factorialhr.pt\/blog\/subsidio-ferias-portugal\/\"><span style=\"font-weight: 400;\">subs\u00eddio de f\u00e9rias<\/span><\/a><span style=\"font-weight: 400;\">, <\/span><b>o subs\u00eddio de alimenta\u00e7\u00e3o<\/b><b> n\u00e3o \u00e9 obrigat\u00f3rio no setor privado<\/b><span style=\"font-weight: 400;\">. Este benef\u00edcio\u00a0 n\u00e3o se encontra contemplado no <\/span><a href=\"https:\/\/factorialhr.pt\/blog\/codigo-trabalho-portugal\/\"><span style=\"font-weight: 400;\">C\u00f3digo do Trabalho<\/span><\/a><span style=\"font-weight: 400;\"> e \u00e9 meramente um <\/span><span style=\"font-weight: 400;\">benef\u00edcio social<\/span><span style=\"font-weight: 400;\">. Posto isto, o subs\u00eddio de alimenta\u00e7\u00e3o passa a ser uma obrigatoriedade apenas quando estipulado no contrato de trabalho, no <\/span><a href=\"https:\/\/factorialhr.pt\/blog\/contrato-coletivo-de-trabalho\/\"><span style=\"font-weight: 400;\">Contrato Coletivo de Trabalho<\/span><\/a><span style=\"font-weight: 400;\"> (CCT) ou no regulamento interno da empresa.<\/span><\/p>\n<p><span style=\"font-weight: 400;\">Assim, podemos dizer que \u00e9 um <\/span><span style=\"font-weight: 400;\">contributo financeiro<\/span><span style=\"font-weight: 400;\"> que visa compensar o trabalhador pela despesa de uma refei\u00e7\u00e3o. Sendo o hor\u00e1rio de trabalho diurno o mais comum, tornou-se pr\u00e1tica assumir que este subs\u00eddio dever\u00e1 cobrir o custo do almo\u00e7o. <\/span><b>Geralmente \u00e9 <\/b><b>pago ao final do m\u00eas<\/b><b>, aquando do pagamento do <\/b><a href=\"https:\/\/factorialhr.pt\/blog\/calcular-salario-liquido\/\"><b>sal\u00e1rio<\/b><\/a><b>.<\/b><br \/>\n<a name=\"pagar\"><\/a><\/p>\n<h2><strong>Como pagar o valor do subs\u00eddio de alimenta\u00e7\u00e3o<\/strong><\/h2>\n<h3><b>1) Subs\u00eddio em dinheiro<\/b><\/h3>\n<p><span style=\"font-weight: 400;\">Neste caso, o <\/span><span style=\"font-weight: 400;\">montante ser\u00e1 recebido pelo trabalhador na sua conta banc\u00e1ria<\/span><span style=\"font-weight: 400;\">, <\/span><span style=\"font-weight: 400;\">juntamente com o seu vencimento<\/span><span style=\"font-weight: 400;\"> mensal. \u00c9 a solu\u00e7\u00e3o <\/span><span style=\"font-weight: 400;\">mais pr\u00e1tica<\/span><span style=\"font-weight: 400;\">, pois permite ao trabalhador gastar e gerir esse dinheiro da forma que entender. No entanto, poder\u00e1 apresentar algumas limita\u00e7\u00f5es fiscais, como veremos mais adiante.<\/span><\/p>\n<h3><b>2) Subs\u00eddio em vale<\/b><\/h3>\n<p><span style=\"font-weight: 400;\">Os vales de refei\u00e7\u00e3o s\u00e3o uma alternativa ao dinheiro, contudo, talvez a menos usada por ser a <\/span><span style=\"font-weight: 400;\">mais limitativa<\/span><span style=\"font-weight: 400;\">. Tratam-se de vales ou vouchers emitidos por uma entidade ou empresa, que s\u00e3o distribu\u00eddos pelo empregador aos colaboradores. Os colaboradores podem posteriormente <\/span><span style=\"font-weight: 400;\">usar estes vales para pagar refei\u00e7\u00f5es<\/span><span style=\"font-weight: 400;\">, mas apenas em <\/span><span style=\"font-weight: 400;\">estabelecimentos de refei\u00e7\u00e3o que os aceitem<\/span><span style=\"font-weight: 400;\">.<\/span><\/p>\n<h3><b>3) Subs\u00eddio em cart\u00e3o banc\u00e1rio<\/b><\/h3>\n<p><span style=\"font-weight: 400;\">O subs\u00eddio de alimenta\u00e7\u00e3o em cart\u00e3o tornou-se a op\u00e7\u00e3o <\/span><span style=\"font-weight: 400;\">mais comum<\/span><span style=\"font-weight: 400;\">, em detrimento da op\u00e7\u00e3o de pagamento do subs\u00eddio de alimenta\u00e7\u00e3o em dinheiro. Funciona como um <\/span><a href=\"https:\/\/factorialhr.pt\/blog\/cartao-empresarial-da-factorial\/\"><span style=\"font-weight: 400;\">cart\u00e3o empresarial<\/span><\/a><span style=\"font-weight: 400;\"> de d\u00e9bito pr\u00e9-pago <\/span><span style=\"font-weight: 400;\">para o qual o empregador transfere o montante do subs\u00eddio de refei\u00e7\u00e3o. Pode depois ser usado pelos trabalhadores em qualquer restaurante, supermercado ou loja que aceite este cart\u00e3o.<\/span><\/p>\n<p><span style=\"font-weight: 400;\">Para ter este tipo de cart\u00e3o, o trabalhador <\/span><span style=\"font-weight: 400;\">n\u00e3o necessita de ter conta no banco emissor do cart\u00e3o<\/span><span style=\"font-weight: 400;\">.<\/span><br \/>\n<a name=\"3\"><\/a><\/p>\n<h2>Quem tem acesso ao subs\u00eddio de alimenta\u00e7\u00e3o?<\/h2>\n<p>Segundo a legisla\u00e7\u00e3o, esta \u00e9 uma regalia que pode ser concedida tanto no <strong>sector p\u00fablico como no privado<\/strong>. Neste \u00faltimo, para ter acesso a ele, o trabalhador tem de estar abrangido por um <a href=\"https:\/\/factorialhr.pt\/blog\/tipos-de-contrato-trabalho\/\"><strong>contrato de trabalho <\/strong><\/a>(este contrato tanto poder\u00e1 ser individual, como um <a href=\"https:\/\/factorialhr.pt\/blog\/contrato-coletivo-de-trabalho\/\">acordo coletivo de trabalho<\/a>).<\/p>\n<p>N\u00e3o sendo obrigat\u00f3rio e n\u00e3o existindo uma legisla\u00e7\u00e3o do subs\u00eddio de alimenta\u00e7\u00e3o, as entidades empregadoras n\u00e3o s\u00e3o obrigadas a conced\u00ea-lo. Mas, em teoria, qualquer trabalhador tem acesso a ele. Neste sentido, todos os colaboradores, desde que abrangidos por um contrato de trabalho, podem negociar esta regalia.<\/p>\n<p><a href=\"https:\/\/factorialhr.pt\/asssinatura-digital\"><strong>\ud83d\udca1 Solicite a assinatura eletr\u00f3nica dos seus contratos recorrendo a uma ferramenta de gest\u00e3o intuitiva e segura!<\/strong><\/a><br \/>\n<a name=\"4\"><\/a><\/p>\n<h2>Qual o valor do subs\u00eddio de alimenta\u00e7\u00e3o?<\/h2>\n<p><span style=\"font-weight: 400;\">O valor m\u00ednimo do subs\u00eddio de alimenta\u00e7\u00e3o \u00e9 <\/span><span style=\"font-weight: 400;\">definido em Or\u00e7amento de Estado<\/span><span style=\"font-weight: 400;\">. \u00c9 este valor estabelecido que \u00e9 pago aos funcion\u00e1rios p\u00fablicos.<\/span><\/p>\n<p><b>N\u00e3o havendo valor definido para o setor privado<\/b><span style=\"font-weight: 400;\"> (por ser uma <\/span><span style=\"font-weight: 400;\">regalia<\/span><span style=\"font-weight: 400;\">, e <\/span><span style=\"font-weight: 400;\">n\u00e3o um direito<\/span><span style=\"font-weight: 400;\">), as empresas tendem a <\/span><span style=\"font-weight: 400;\">considerar como base o valor do subs\u00eddio de almo\u00e7o do setor p\u00fablico<\/span><span style=\"font-weight: 400;\">. Contudo, \u00e9 de salientar que o valor base \u00e9 meramente indicativo, sendo a entidade empregadora livre de propor o valor que entender.<\/span><\/p>\n<p><span style=\"font-weight: 400;\">Atualmente, o <\/span><span style=\"font-weight: 400;\">valor do subs\u00eddio de alimenta\u00e7\u00e3o na fun\u00e7\u00e3o p\u00fablica \u00e9 de <\/span><b>6,15\u20ac<\/b><b> por cada dia efetivo de trabalho<\/b><span style=\"font-weight: 400;\">, excluindo dias de f\u00e9rias ou faltas. <\/span><\/p>\n<p><a href=\"https:\/\/factorialhr.pt\/relogio-ponto\"><strong>\ud83d\udca1 Controle o hor\u00e1rio e assiduidade da sua equipa com um sistema de rel\u00f3gio de ponto e monitoriza\u00e7\u00e3o digital.<\/strong><\/a><br \/>\n<a name=\"5\"><\/a><\/p>\n<h2><b>D\u00favidas sobre o subs\u00eddio de alimenta\u00e7\u00e3o<\/b><\/h2>\n<h3><b>1. O subs\u00eddio de alimenta\u00e7\u00e3o \u00e9 pago nas f\u00e9rias?<\/b><\/h3>\n<p><span style=\"font-weight: 400;\">Este benef\u00edcio \u00e9 pago de forma mensal com base nos dias \u00fateis de trabalho de um funcion\u00e1rio numa empresa em determinado m\u00eas. Por esta raz\u00e3o, em caso de feriados ou f\u00e9rias, <\/span><span style=\"font-weight: 400;\">a empresa tendencialmente opta por excluir esses dias do c\u00e1lculo do subs\u00eddio de alimenta\u00e7\u00e3o (o mesmo acontece com outro tipo de aus\u00eancias, como baixa m\u00e9dica ou licen\u00e7a parental).<\/span><\/p>\n<h3><b>2. O subs\u00eddio de alimenta\u00e7\u00e3o est\u00e1 sujeito ao pagamento de IRS e Seguran\u00e7a Social?<\/b><\/h3>\n<p><span style=\"font-weight: 400;\">Este benef\u00edcio social <\/span><span style=\"font-weight: 400;\">n\u00e3o est\u00e1 sujeito a IRS<\/span><span style=\"font-weight: 400;\">. No entanto, existe um <\/span><span style=\"font-weight: 400;\">teto m\u00e1ximo<\/span><span style=\"font-weight: 400;\"> para esta isen\u00e7\u00e3o de imposto no subs\u00eddio de alimenta\u00e7\u00e3o. A partir de um limite, j\u00e1 ter\u00e1 de ser feita <\/span><span style=\"font-weight: 400;\">reten\u00e7\u00e3o da fonte<\/span><span style=\"font-weight: 400;\">.<\/span><\/p>\n<p><span style=\"font-weight: 400;\">Assim, <\/span><b>a partir de janeiro de 2026<\/b><span style=\"font-weight: 400;\">, o limite de isen\u00e7\u00e3o IRS no subs\u00eddio de alimenta\u00e7\u00e3o passou a ser:<\/span><\/p>\n<ul>\n<li style=\"font-weight: 400;\" aria-level=\"1\"><b>\u00a06,15\u20ac<\/b><span style=\"font-weight: 400;\"> \/dia, para pagamentos em dinheiro.<\/span><\/li>\n<li style=\"font-weight: 400;\" aria-level=\"1\"><span style=\"font-weight: 400;\">\u00a0<\/span><b>10,46<\/b><span style=\"font-weight: 400;\">\u20ac \/dia para pagamentos em vale de refei\u00e7\u00e3o ou cart\u00e3o banc\u00e1rio<\/span><span style=\"font-weight: 400;\">.<\/span><\/li>\n<\/ul>\n<p><span style=\"font-weight: 400;\">Estes s\u00e3o os mesmos limites que s\u00e3o aplicados para a <\/span><span style=\"font-weight: 400;\">isen\u00e7\u00e3o de contribui\u00e7\u00f5es para a Seguran\u00e7a Social<\/span><span style=\"font-weight: 400;\">. Se ultrapassados, passa a ser obrigat\u00f3rio o pagamento de uma contribui\u00e7\u00e3o para a Seguran\u00e7a Social sobre o excedente relativamente ao limite de isen\u00e7\u00e3o.<\/span><\/p>\n<p><span style=\"font-weight: 400;\">Entende-se, agora, por que motivo o <\/span><span style=\"font-weight: 400;\">cart\u00e3o \u00e9 o m\u00e9todo adotado por grande parte das empresas privadas<\/span><span style=\"font-weight: 400;\">. Sendo o limite de isen\u00e7\u00e3o superior, as empresas podem <\/span><span style=\"font-weight: 400;\">aumentar os benef\u00edcios aos trabalhadores sem agravarem a carga fiscal<\/span><span style=\"font-weight: 400;\">.<\/span><\/p>\n<h3><b>3. Trabalhos em regime de part-time e teletrabalho d\u00e3o direito a subs\u00eddio de alimenta\u00e7\u00e3o?<\/b><\/h3>\n<ul>\n<li aria-level=\"1\"><b>Trabalhadores em regime de part-time<\/b><\/li>\n<\/ul>\n<p><span style=\"font-weight: 400;\">T\u00eam direito ao subs\u00eddio no mesmo valor que os trabalhadores a tempo inteiro todos os colaboradores que trabalhem pelo menos 5 horas di\u00e1rias.<\/span><\/p>\n<p><span style=\"font-weight: 400;\">Se o contrato de trabalho prever <\/span><span style=\"font-weight: 400;\">menos do que 5 horas di\u00e1rias<\/span><span style=\"font-weight: 400;\">, o subs\u00eddio ser\u00e1<\/span><span style=\"font-weight: 400;\"> proporcional ao volume<\/span><span style=\"font-weight: 400;\"> de carga hor\u00e1ria.<\/span><\/p>\n<ul>\n<li aria-level=\"1\"><b>Trabalhadores em regime de teletrabalho<\/b><\/li>\n<\/ul>\n<p><span style=\"font-weight: 400;\">Se o subs\u00eddio de refei\u00e7\u00e3o for algo j\u00e1 oferecido pela empresa, o trabalhador tem direito a ele, independentemente de <\/span><span style=\"font-weight: 400;\">exercer fun\u00e7\u00f5es presencial ou <\/span><a href=\"https:\/\/factorialhr.pt\/blog\/gerir-trabalho-remoto\/\"><span style=\"font-weight: 400;\">remotamente<\/span><\/a><span style=\"font-weight: 400;\">.<\/span><\/p>\n<h3><b>4. O subs\u00eddio de alimenta\u00e7\u00e3o \u00e9 penhor\u00e1vel?<\/b><\/h3>\n<p><span style=\"font-weight: 400;\">Quando o subs\u00eddio de alimenta\u00e7\u00e3o \u00e9 pago <\/span><b>em numer\u00e1rio<\/b><span style=\"font-weight: 400;\"> juntamente com o sal\u00e1rio, esse valor <\/span><b>integra o vencimento l\u00edquido do trabalhador<\/b><span style=\"font-weight: 400;\">. Assim, sempre que o valor ultrapassa o limite de isen\u00e7\u00e3o, o excedente que passa a estar sujeito a IRS e Seguran\u00e7a Social \u00e9 integrado no sal\u00e1rio l\u00edquido e passa a ser penhor\u00e1vel.<\/span><\/p>\n<p><span style=\"font-weight: 400;\">Quando o subs\u00eddio \u00e9 pago <\/span><b>em cart\u00e3o ou vale de refei\u00e7\u00e3o<\/b><span style=\"font-weight: 400;\"> (isto \u00e9, o montante n\u00e3o \u00e9 transferido para fins que n\u00e3o sejam a <\/span><span style=\"font-weight: 400;\">aquisi\u00e7\u00e3o de bens alimentares), regra geral <\/span><b>n\u00e3o integra o vencimento l\u00edquido<\/b><span style=\"font-weight: 400;\"> usado como base para c\u00e1lculo de penhoras.<\/span><\/p>\n<p><span style=\"font-weight: 400;\">Independentemente da forma de pagamento, importa recordar que:<\/span><\/p>\n<ul>\n<li style=\"font-weight: 400;\" aria-level=\"1\"><b>Apenas at\u00e9 um ter\u00e7o do vencimento l\u00edquido pode ser penhorado<\/b><span style=\"font-weight: 400;\">;<\/span><\/li>\n<li style=\"font-weight: 400;\" aria-level=\"1\"><span style=\"font-weight: 400;\">Os restantes dois ter\u00e7os s\u00e3o, por regra, impenhor\u00e1veis, assegurando um m\u00ednimo de subsist\u00eancia ao trabalhador.<\/span><\/li>\n<\/ul>\n<p><a name=\"6\"><\/a><\/p>\n<h2>Como otimizar a emiss\u00e3o de recibos de vencimento com uma ferramenta de gest\u00e3o?<\/h2>\n<p><span style=\"font-weight: 400;\">O <\/span><span style=\"font-weight: 400;\">lan\u00e7amento da folha de pagamento<\/span><span style=\"font-weight: 400;\"> e a <\/span><span style=\"font-weight: 400;\">emiss\u00e3o de recibos<\/span> <span style=\"font-weight: 400;\">de vencimento<\/span><span style=\"font-weight: 400;\"> s\u00e3o tarefas fulcrais numa empresa. S\u00e3o tamb\u00e9m tarefas que <\/span><span style=\"font-weight: 400;\">d\u00e3o muitas dores de cabe\u00e7a \u00e0 \u00e1rea <\/span><a href=\"https:\/\/factorialhr.pt\/blog\/gestao-financeira\/\"><span style=\"font-weight: 400;\">financeira e de RH<\/span><\/a><span style=\"font-weight: 400;\">, porque implicam a compila\u00e7\u00e3o de um elevado n\u00famero de dados.<\/span><\/p>\n<p><span style=\"font-weight: 400;\">Por isso, por serem tarefas complexas e morosas, s\u00e3o igualmente <\/span><span style=\"font-weight: 400;\">dispendiosas e consomem muitos recursos<\/span><span style=\"font-weight: 400;\">.\u00a0<\/span><\/p>\n<p><span style=\"font-weight: 400;\">Independentemente da dimens\u00e3o de uma empresa, <\/span><b>optar por uma <\/b><b>ferramenta de gest\u00e3o de RH<\/b><b> \u00e9 sempre a <\/b><b>decis\u00e3o mais estrat\u00e9gica<\/b><span style=\"font-weight: 400;\">.<\/span><br \/>\n<a name=\"7\"><\/a><\/p>\n<h3>Ferramenta de gest\u00e3o de RH da Factorial<\/h3>\n<p><span style=\"font-weight: 400;\">Ter um software \u00fanico e confi\u00e1vel, onde pode colocar toda a informa\u00e7\u00e3o referente \u00e0 gest\u00e3o financeira na empresa, <\/span><span style=\"font-weight: 400;\">possibilita a <\/span><b>economia de tempo e energia<\/b><span style=\"font-weight: 400;\">.<\/span><\/p>\n<p><span style=\"font-weight: 400;\">Solu\u00e7\u00f5es como a Factorial poupam<\/span><span style=\"font-weight: 400;\"> horas na prepara\u00e7\u00e3o dos <\/span><a href=\"https:\/\/factorialhr.pt\/recibos-de-vencimento\"><span style=\"font-weight: 400;\">recibos de vencimento<\/span><\/a><span style=\"font-weight: 400;\"> e na revis\u00e3o final<\/span><span style=\"font-weight: 400;\">, antes de partilhar com a contabilidade, atrav\u00e9s da <\/span><b>centraliza\u00e7\u00e3o de dados<\/b><span style=\"font-weight: 400;\"> numa s\u00f3 plataforma e da <\/span><b>automatiza\u00e7\u00e3o segura<\/b><span style=\"font-weight: 400;\"> do processo.\u00a0<\/span><\/p>\n<p><span style=\"font-weight: 400;\">Com a Factorial \u00e9 poss\u00edvel <\/span><b>definir o tipo de compensa\u00e7\u00e3o<\/b><span style=\"font-weight: 400;\"> adicional (como <\/span><span style=\"font-weight: 400;\">subs\u00eddios, b\u00f3nus ou horas extra<\/span><span style=\"font-weight: 400;\">) e <\/span><b>integr\u00e1-lo automaticamente na emiss\u00e3o de recibos de vencimento.<\/b><span style=\"font-weight: 400;\">\u00a0<\/span><\/p>\n<p><span style=\"font-weight: 400;\">Os administradores de RH podem <\/span><span style=\"font-weight: 400;\">distribuir recibos de vencimento, em massa, com um clique<\/span><span style=\"font-weight: 400;\">, e os contabilistas podem ter acesso a toda a informa\u00e7\u00e3o em tempo real.<\/span><\/p>\n<p>\ud83c\udfa5 <strong>Estas s\u00e3o apenas algumas das vantagens que podem ser enumeradas, mas existem muitas mais. Veja como o software da Factorial pode fazer toda a diferen\u00e7a na gest\u00e3o dos vencimentos e dos subs\u00eddios de alimenta\u00e7\u00e3o.<\/strong><\/p>\n<p><iframe src=\"\/\/www.youtube.com\/embed\/GXWELHrbtqQ\" width=\"560\" height=\"314\" allowfullscreen=\"allowfullscreen\"><\/iframe><\/p>\n<p>&nbsp;<\/p>\n<p>\ud83d\ude80 <b>Quer ver e perceber como funciona a plataforma da Factorial? Clique <\/b><a href=\"https:\/\/factorialhr.pt\/product-tour\"><b>aqui<\/b><\/a><b>!<\/b><\/p>\n<div class=\"factorial-banner inline-banner banner-demo category-gestao-documental\"\n    data-banner-id=\"171813\"\n    data-banner-type=\"demo\"\n    data-category=\"Gest\u00e3o Documental\">\n    <div class=\"banner-content\">\n        <div class=\"banner-text\">\n                            <h4>Factorial: A solu\u00e7\u00e3o centrada nas pessoas<\/h4>\n            \n                            <p>Tempo, Talento e Finan\u00e7as: tudo na mesma plataforma para simplificar a gest\u00e3o.<\/p>\n            \n                            <a href=\"https:\/\/factorialhr.pt\/get-started\"\n                    class=\"factorial-cta-button not-prose demo btn-brand\" data-cta=\"demo\" data-cta-position=\"inline-banner\">\n                    Experimente Gr\u00e1tis                <\/a>\n                    <\/div>\n\n        <div class=\"banner-image has-image\">\n            <img decoding=\"async\" src=\"https:\/\/factorialhr.com\/wp-content\/uploads\/2025\/04\/13182510\/blog_thumbnail_fact-2.jpg\" class=\"not-prose\" \/>\n        <\/div>\n    <\/div>\n<\/div>\n<p>&nbsp;<\/p>\n","protected":false},"excerpt":{"rendered":"<p>O subs\u00eddio de alimenta\u00e7\u00e3o \u00e9 um complemento importante do sal\u00e1rio dos trabalhadores portugueses. Tamb\u00e9m conhecido como subs\u00eddio de almo\u00e7o ou de refei\u00e7\u00e3o \u00e9 um dos benef\u00edcios oferecidos por empresas privadas e pelo setor p\u00fablico. Descubra como calcular o valor do subs\u00eddio de alimenta\u00e7\u00e3o na sua empresa, as modalidades de pagamento e as principais atualiza\u00e7\u00f5es para<a href=\"https:\/\/factorialhr.pt\/blog\/subsidio-de-alimentacao\/\" class=\"read-more\"> [&#8230;]<\/a><\/p>\n","protected":false},"author":109,"featured_media":178735,"comment_status":"closed","ping_status":"closed","sticky":false,"template":"","format":"standard","meta":{"_acf_changed":false,"footnotes":""},"categories":[460],"tags":[],"class_list":["post-86594","post","type-post","status-publish","format-standard","has-post-thumbnail","hentry","category-recibos-de-vencimento"],"acf":{"topics":"payroll"},"yoast_head":"<!-- This site is optimized with the Yoast SEO Premium plugin v21.5 (Yoast SEO v21.9.1) - https:\/\/yoast.com\/wordpress\/plugins\/seo\/ -->\n<title>Subs\u00eddio de alimenta\u00e7\u00e3o: como calcular o valor<\/title>\n<meta name=\"description\" content=\"Aprenda a calcular o valor do subs\u00eddio de alimenta\u00e7\u00e3o e descubra quais as d\u00favidas mais frequentes sobre esta mat\u00e9ria.\" \/>\n<meta name=\"robots\" content=\"index, follow, max-snippet:-1, max-image-preview:large, max-video-preview:-1\" \/>\n<link rel=\"canonical\" href=\"https:\/\/factorialhr.pt\/blog\/subsidio-de-alimentacao\/\" \/>\n<meta property=\"og:locale\" content=\"pt_PT\" \/>\n<meta property=\"og:type\" content=\"article\" \/>\n<meta property=\"og:title\" content=\"Subs\u00eddio de alimenta\u00e7\u00e3o: como calcular o valor\" \/>\n<meta property=\"og:description\" content=\"Aprenda a calcular o valor do subs\u00eddio de alimenta\u00e7\u00e3o e descubra quais as d\u00favidas mais frequentes sobre esta mat\u00e9ria.\" \/>\n<meta property=\"og:url\" content=\"https:\/\/factorialhr.pt\/blog\/subsidio-de-alimentacao\/\" \/>\n<meta property=\"og:site_name\" content=\"Factorial\" \/>\n<meta property=\"article:publisher\" content=\"https:\/\/www.facebook.com\/people\/Factorial\/100064908455810\/\" \/>\n<meta property=\"article:published_time\" content=\"2022-11-23T09:26:23+00:00\" \/>\n<meta property=\"article:modified_time\" content=\"2026-01-19T14:48:02+00:00\" \/>\n<meta property=\"og:image\" content=\"https:\/\/factorialhr.pt\/wp-content\/uploads\/2022\/11\/19161337\/blog_thumbnail_image_tag-1.jpg\" \/>\n\t<meta property=\"og:image:width\" content=\"1280\" \/>\n\t<meta property=\"og:image:height\" content=\"720\" \/>\n\t<meta property=\"og:image:type\" content=\"image\/jpeg\" \/>\n<meta name=\"author\" content=\"Vanessa R\u00f4la\" \/>\n<meta name=\"twitter:card\" content=\"summary_large_image\" \/>\n<meta name=\"twitter:creator\" content=\"@factorialapp\" \/>\n<meta name=\"twitter:site\" content=\"@factorialapp\" \/>\n<meta name=\"twitter:label1\" content=\"Written by\" \/>\n\t<meta name=\"twitter:data1\" content=\"Vanessa R\u00f4la\" \/>\n\t<meta name=\"twitter:label2\" content=\"Est. reading time\" \/>\n\t<meta name=\"twitter:data2\" content=\"7 minutos\" \/>\n<script type=\"application\/ld+json\" class=\"yoast-schema-graph\">{\"@context\":\"https:\/\/schema.org\",\"@graph\":[{\"@type\":\"Article\",\"@id\":\"https:\/\/factorialhr.pt\/blog\/subsidio-de-alimentacao\/#article\",\"isPartOf\":{\"@id\":\"https:\/\/factorialhr.pt\/blog\/subsidio-de-alimentacao\/\"},\"author\":{\"name\":\"Vanessa R\u00f4la\",\"@id\":\"https:\/\/factorialhr.pt\/blog\/#\/schema\/person\/074dc69f2ff8f258b111fc17947fb1d4\"},\"headline\":\"Subs\u00eddio de alimenta\u00e7\u00e3o: como calcular o valor\",\"datePublished\":\"2022-11-23T09:26:23+00:00\",\"dateModified\":\"2026-01-19T14:48:02+00:00\",\"mainEntityOfPage\":{\"@id\":\"https:\/\/factorialhr.pt\/blog\/subsidio-de-alimentacao\/\"},\"wordCount\":1633,\"publisher\":{\"@id\":\"https:\/\/factorialhr.pt\/blog\/#organization\"},\"articleSection\":[\"Gest\u00e3o Documental\"],\"inLanguage\":\"pt-PT\"},{\"@type\":\"WebPage\",\"@id\":\"https:\/\/factorialhr.pt\/blog\/subsidio-de-alimentacao\/\",\"url\":\"https:\/\/factorialhr.pt\/blog\/subsidio-de-alimentacao\/\",\"name\":\"Subs\u00eddio de alimenta\u00e7\u00e3o: como calcular o valor\",\"isPartOf\":{\"@id\":\"https:\/\/factorialhr.pt\/blog\/#website\"},\"datePublished\":\"2022-11-23T09:26:23+00:00\",\"dateModified\":\"2026-01-19T14:48:02+00:00\",\"description\":\"Aprenda a calcular o valor do subs\u00eddio de alimenta\u00e7\u00e3o e descubra quais as d\u00favidas mais frequentes sobre esta mat\u00e9ria.\",\"inLanguage\":\"pt-PT\",\"potentialAction\":[{\"@type\":\"ReadAction\",\"target\":[\"https:\/\/factorialhr.pt\/blog\/subsidio-de-alimentacao\/\"]}]},{\"@type\":\"WebSite\",\"@id\":\"https:\/\/factorialhr.pt\/blog\/#website\",\"url\":\"https:\/\/factorialhr.pt\/blog\/\",\"name\":\"Factorial\",\"description\":\"\",\"publisher\":{\"@id\":\"https:\/\/factorialhr.pt\/blog\/#organization\"},\"potentialAction\":[{\"@type\":\"SearchAction\",\"target\":{\"@type\":\"EntryPoint\",\"urlTemplate\":\"https:\/\/factorialhr.pt\/blog\/?s={search_term_string}\"},\"query-input\":\"required name=search_term_string\"}],\"inLanguage\":\"pt-PT\"},{\"@type\":\"Organization\",\"@id\":\"https:\/\/factorialhr.pt\/blog\/#organization\",\"name\":\"All-in-one business management software - Factorial\",\"url\":\"https:\/\/factorialhr.pt\/blog\/\",\"logo\":{\"@type\":\"ImageObject\",\"inLanguage\":\"pt-PT\",\"@id\":\"https:\/\/factorialhr.pt\/blog\/#\/schema\/logo\/image\/\",\"url\":\"https:\/\/factorialhr.pt\/wp-content\/uploads\/2023\/07\/18155144\/factorial-logo.png\",\"contentUrl\":\"https:\/\/factorialhr.pt\/wp-content\/uploads\/2023\/07\/18155144\/factorial-logo.png\",\"width\":946,\"height\":880,\"caption\":\"All-in-one business management software - Factorial\"},\"image\":{\"@id\":\"https:\/\/factorialhr.pt\/blog\/#\/schema\/logo\/image\/\"},\"sameAs\":[\"https:\/\/www.facebook.com\/people\/Factorial\/100064908455810\/\",\"https:\/\/twitter.com\/factorialapp\",\"https:\/\/www.linkedin.com\/company\/factorialhr\",\"https:\/\/www.youtube.com\/@factorialmedia\",\"https:\/\/www.instagram.com\/factorial\/#\"]},{\"@type\":\"Person\",\"@id\":\"https:\/\/factorialhr.pt\/blog\/#\/schema\/person\/074dc69f2ff8f258b111fc17947fb1d4\",\"name\":\"Vanessa R\u00f4la\",\"image\":{\"@type\":\"ImageObject\",\"inLanguage\":\"pt-PT\",\"@id\":\"https:\/\/factorialhr.pt\/blog\/#\/schema\/person\/image\/\",\"url\":\"https:\/\/secure.gravatar.com\/avatar\/08b9b0580a5bc8a837aa3d4305323d66?s=96&d=identicon&r=g\",\"contentUrl\":\"https:\/\/secure.gravatar.com\/avatar\/08b9b0580a5bc8a837aa3d4305323d66?s=96&d=identicon&r=g\",\"caption\":\"Vanessa R\u00f4la\"},\"description\":\"Sou copywriter especializada em SEO, apaixonada por traduzir ideias em palavras. Acredito no poder da escrita para ligar pessoas, marcas e hist\u00f3rias, sendo isso que me motiva em cada projeto. Desde sempre me fascinou a comunica\u00e7\u00e3o, o que me levou a licenciar-me em Ci\u00eancias da Comunica\u00e7\u00e3o e a completar um mestrado em Novos Media e Pr\u00e1ticas Web, que me permitiu aprofundar o universo digital e as suas din\u00e2micas. Gosto de explorar a web atrav\u00e9s da escrita: seja a criar conte\u00fados otimizados para blogues, websites, newsletters ou e-books, seja atrav\u00e9s do trabalho de ghostwriting, uma vertente da escrita que me fascina pelo desafio de dar voz a outras pessoas. Ao longo do meu percurso, tenho colaborado com marcas e projetos de diferentes dimens\u00f5es, desde pequenas empresas a grandes organiza\u00e7\u00f5es internacionais. Fora dos projetos, divido o meu tempo entre as palavras, as viagens, a m\u00fasica e os animais. Acredito que o percurso profissional, tal como a vida, est\u00e1 sempre em movimento e sigo sempre o mesmo lema: a nossa vida \u00e9 toda para diante.\",\"sameAs\":[\"https:\/\/vanessarola.net\/\",\"https:\/\/www.linkedin.com\/in\/vanessarola\/\"],\"url\":\"https:\/\/factorialhr.pt\/blog\/author\/vanessarola\/\"}]}<\/script>\n<!-- \/ Yoast SEO Premium plugin. -->","yoast_head_json":{"title":"Subs\u00eddio de alimenta\u00e7\u00e3o: como calcular o valor","description":"Aprenda a calcular o valor do subs\u00eddio de alimenta\u00e7\u00e3o e descubra quais as d\u00favidas mais frequentes sobre esta mat\u00e9ria.","robots":{"index":"index","follow":"follow","max-snippet":"max-snippet:-1","max-image-preview":"max-image-preview:large","max-video-preview":"max-video-preview:-1"},"canonical":"https:\/\/factorialhr.pt\/blog\/subsidio-de-alimentacao\/","og_locale":"pt_PT","og_type":"article","og_title":"Subs\u00eddio de alimenta\u00e7\u00e3o: como calcular o valor","og_description":"Aprenda a calcular o valor do subs\u00eddio de alimenta\u00e7\u00e3o e descubra quais as d\u00favidas mais frequentes sobre esta mat\u00e9ria.","og_url":"https:\/\/factorialhr.pt\/blog\/subsidio-de-alimentacao\/","og_site_name":"Factorial","article_publisher":"https:\/\/www.facebook.com\/people\/Factorial\/100064908455810\/","article_published_time":"2022-11-23T09:26:23+00:00","article_modified_time":"2026-01-19T14:48:02+00:00","og_image":[{"width":1280,"height":720,"url":"https:\/\/factorialhr.pt\/wp-content\/uploads\/2022\/11\/19161337\/blog_thumbnail_image_tag-1.jpg","type":"image\/jpeg"}],"author":"Vanessa R\u00f4la","twitter_card":"summary_large_image","twitter_creator":"@factorialapp","twitter_site":"@factorialapp","twitter_misc":{"Written by":"Vanessa R\u00f4la","Est. reading time":"7 minutos"},"schema":{"@context":"https:\/\/schema.org","@graph":[{"@type":"Article","@id":"https:\/\/factorialhr.pt\/blog\/subsidio-de-alimentacao\/#article","isPartOf":{"@id":"https:\/\/factorialhr.pt\/blog\/subsidio-de-alimentacao\/"},"author":{"name":"Vanessa R\u00f4la","@id":"https:\/\/factorialhr.pt\/blog\/#\/schema\/person\/074dc69f2ff8f258b111fc17947fb1d4"},"headline":"Subs\u00eddio de alimenta\u00e7\u00e3o: como calcular o valor","datePublished":"2022-11-23T09:26:23+00:00","dateModified":"2026-01-19T14:48:02+00:00","mainEntityOfPage":{"@id":"https:\/\/factorialhr.pt\/blog\/subsidio-de-alimentacao\/"},"wordCount":1633,"publisher":{"@id":"https:\/\/factorialhr.pt\/blog\/#organization"},"articleSection":["Gest\u00e3o Documental"],"inLanguage":"pt-PT"},{"@type":"WebPage","@id":"https:\/\/factorialhr.pt\/blog\/subsidio-de-alimentacao\/","url":"https:\/\/factorialhr.pt\/blog\/subsidio-de-alimentacao\/","name":"Subs\u00eddio de alimenta\u00e7\u00e3o: como calcular o valor","isPartOf":{"@id":"https:\/\/factorialhr.pt\/blog\/#website"},"datePublished":"2022-11-23T09:26:23+00:00","dateModified":"2026-01-19T14:48:02+00:00","description":"Aprenda a calcular o valor do subs\u00eddio de alimenta\u00e7\u00e3o e descubra quais as d\u00favidas mais frequentes sobre esta mat\u00e9ria.","inLanguage":"pt-PT","potentialAction":[{"@type":"ReadAction","target":["https:\/\/factorialhr.pt\/blog\/subsidio-de-alimentacao\/"]}]},{"@type":"WebSite","@id":"https:\/\/factorialhr.pt\/blog\/#website","url":"https:\/\/factorialhr.pt\/blog\/","name":"Factorial","description":"","publisher":{"@id":"https:\/\/factorialhr.pt\/blog\/#organization"},"potentialAction":[{"@type":"SearchAction","target":{"@type":"EntryPoint","urlTemplate":"https:\/\/factorialhr.pt\/blog\/?s={search_term_string}"},"query-input":"required name=search_term_string"}],"inLanguage":"pt-PT"},{"@type":"Organization","@id":"https:\/\/factorialhr.pt\/blog\/#organization","name":"All-in-one business management software - Factorial","url":"https:\/\/factorialhr.pt\/blog\/","logo":{"@type":"ImageObject","inLanguage":"pt-PT","@id":"https:\/\/factorialhr.pt\/blog\/#\/schema\/logo\/image\/","url":"https:\/\/factorialhr.pt\/wp-content\/uploads\/2023\/07\/18155144\/factorial-logo.png","contentUrl":"https:\/\/factorialhr.pt\/wp-content\/uploads\/2023\/07\/18155144\/factorial-logo.png","width":946,"height":880,"caption":"All-in-one business management software - Factorial"},"image":{"@id":"https:\/\/factorialhr.pt\/blog\/#\/schema\/logo\/image\/"},"sameAs":["https:\/\/www.facebook.com\/people\/Factorial\/100064908455810\/","https:\/\/twitter.com\/factorialapp","https:\/\/www.linkedin.com\/company\/factorialhr","https:\/\/www.youtube.com\/@factorialmedia","https:\/\/www.instagram.com\/factorial\/#"]},{"@type":"Person","@id":"https:\/\/factorialhr.pt\/blog\/#\/schema\/person\/074dc69f2ff8f258b111fc17947fb1d4","name":"Vanessa R\u00f4la","image":{"@type":"ImageObject","inLanguage":"pt-PT","@id":"https:\/\/factorialhr.pt\/blog\/#\/schema\/person\/image\/","url":"https:\/\/secure.gravatar.com\/avatar\/08b9b0580a5bc8a837aa3d4305323d66?s=96&d=identicon&r=g","contentUrl":"https:\/\/secure.gravatar.com\/avatar\/08b9b0580a5bc8a837aa3d4305323d66?s=96&d=identicon&r=g","caption":"Vanessa R\u00f4la"},"description":"Sou copywriter especializada em SEO, apaixonada por traduzir ideias em palavras. Acredito no poder da escrita para ligar pessoas, marcas e hist\u00f3rias, sendo isso que me motiva em cada projeto. Desde sempre me fascinou a comunica\u00e7\u00e3o, o que me levou a licenciar-me em Ci\u00eancias da Comunica\u00e7\u00e3o e a completar um mestrado em Novos Media e Pr\u00e1ticas Web, que me permitiu aprofundar o universo digital e as suas din\u00e2micas. Gosto de explorar a web atrav\u00e9s da escrita: seja a criar conte\u00fados otimizados para blogues, websites, newsletters ou e-books, seja atrav\u00e9s do trabalho de ghostwriting, uma vertente da escrita que me fascina pelo desafio de dar voz a outras pessoas. Ao longo do meu percurso, tenho colaborado com marcas e projetos de diferentes dimens\u00f5es, desde pequenas empresas a grandes organiza\u00e7\u00f5es internacionais. Fora dos projetos, divido o meu tempo entre as palavras, as viagens, a m\u00fasica e os animais. Acredito que o percurso profissional, tal como a vida, est\u00e1 sempre em movimento e sigo sempre o mesmo lema: a nossa vida \u00e9 toda para diante.","sameAs":["https:\/\/vanessarola.net\/","https:\/\/www.linkedin.com\/in\/vanessarola\/"],"url":"https:\/\/factorialhr.pt\/blog\/author\/vanessarola\/"}]}},"_links":{"self":[{"href":"https:\/\/factorialhr.pt\/blog\/wp-json\/wp\/v2\/posts\/86594"}],"collection":[{"href":"https:\/\/factorialhr.pt\/blog\/wp-json\/wp\/v2\/posts"}],"about":[{"href":"https:\/\/factorialhr.pt\/blog\/wp-json\/wp\/v2\/types\/post"}],"author":[{"embeddable":true,"href":"https:\/\/factorialhr.pt\/blog\/wp-json\/wp\/v2\/users\/109"}],"replies":[{"embeddable":true,"href":"https:\/\/factorialhr.pt\/blog\/wp-json\/wp\/v2\/comments?post=86594"}],"version-history":[{"count":50,"href":"https:\/\/factorialhr.pt\/blog\/wp-json\/wp\/v2\/posts\/86594\/revisions"}],"predecessor-version":[{"id":178740,"href":"https:\/\/factorialhr.pt\/blog\/wp-json\/wp\/v2\/posts\/86594\/revisions\/178740"}],"wp:featuredmedia":[{"embeddable":true,"href":"https:\/\/factorialhr.pt\/blog\/wp-json\/wp\/v2\/media\/178735"}],"wp:attachment":[{"href":"https:\/\/factorialhr.pt\/blog\/wp-json\/wp\/v2\/media?parent=86594"}],"wp:term":[{"taxonomy":"category","embeddable":true,"href":"https:\/\/factorialhr.pt\/blog\/wp-json\/wp\/v2\/categories?post=86594"},{"taxonomy":"post_tag","embeddable":true,"href":"https:\/\/factorialhr.pt\/blog\/wp-json\/wp\/v2\/tags?post=86594"}],"curies":[{"name":"wp","href":"https:\/\/api.w.org\/{rel}","templated":true}]}}